{"id":9999,"date":"2019-07-22T22:38:38","date_gmt":"2019-07-22T22:38:38","guid":{"rendered":"https:\/\/redsemlac.com\/semmexico\/?p=9999"},"modified":"2023-07-21T14:51:23","modified_gmt":"2023-07-21T19:51:23","slug":"impulsa-lorena-villavicencio-ley-federal-para-que-estado-reconozca-el-derecho-al-tiempo-y-cuidados-de-las-personas-dependientes","status":"publish","type":"post","link":"https:\/\/redsemlac.com\/semmexico\/impulsa-lorena-villavicencio-ley-federal-para-que-estado-reconozca-el-derecho-al-tiempo-y-cuidados-de-las-personas-dependientes\/","title":{"rendered":"Impulsa Lorena Villavicencio ley federal para que Estado reconozca el derecho al tiempo y cuidados de las personas dependientes"},"content":{"rendered":"\n<p class=\"wp-block-paragraph\"><strong>El objetivo es generar un marco jur\u00eddico a favor de personas de la tercera edad, ni\u00f1os, enfermos o con alguna discapacidad.<\/strong><\/p>\n\n\n\n<p class=\"wp-block-paragraph\"><strong>&nbsp;Redacci\u00f3n<\/strong><\/p>\n\n\n\n<p class=\"wp-block-paragraph\">SemM\u00e9xico. Ciudad de M\u00e9xico. 22 de julio 2019.- \u00a0En el marco del D\u00eda Internacional del Trabajo Dom\u00e9stico, la diputada morenista  Lorena Villavicencio Ayala, inform\u00f3 que impulsa una ley federal en materia de cuidados y corresponsabilidad del Estado, para generar un marco jur\u00eddico y una legislaci\u00f3n que reconozca el derecho al tiempo y cuidado de las personas dependientes.<\/p>\n\n\n\n<p class=\"wp-block-paragraph\">&nbsp;\u201cLegislar en favor de\nlas personas dependientes de cuidados como las de la tercera edad, menores,\nenfermas o con alguna discapacidad, tiene que ver con la redistribuci\u00f3n del\ntiempo y su uso de la riqueza; y con la equidad y la justicia social\u201d, indic\u00f3\nen un comunicado.<\/p>\n\n\n\n<p class=\"wp-block-paragraph\">Villavicencio Ayala consider\u00f3 que todos los pa\u00edses que\nostentan de vivir en un r\u00e9gimen democr\u00e1tico, deben contar con legislaci\u00f3n,\npol\u00edticas p\u00fablicas y presupuesto que reconozcan la corresponsabilidad del\nEstado, la iniciativa privada, la ciudadan\u00eda, hombres y mujeres en el trabajo dom\u00e9stico\ny las tareas del cuidado de las personas que as\u00ed lo requieran.<\/p>\n\n\n\n<p class=\"wp-block-paragraph\">Refiri\u00f3 que con base en los antecedentes nacionales e\ninternacionales en la materia impulsar\u00e1 una legislaci\u00f3n necesaria para el\nreconocimiento del derecho al tiempo, derecho al cuidado y para la creaci\u00f3n del\nsistema nacional e integral de cuidados.<\/p>\n\n\n\n<p class=\"wp-block-paragraph\">La tambi\u00e9n integrante de la Comisi\u00f3n de Derechos Humanos\nrecord\u00f3 que durante el Segundo Encuentro Feminista Latinoamericano y del Caribe\nrealizado en 1983, se estableci\u00f3 el 22 de junio de cada a\u00f1o como el D\u00eda\nInternacional del Trabajo Dom\u00e9stico, con el objetivo de reconocer el trabajo no\nremunerado que realizan, principalmente las mujeres en sus hogares.<\/p>\n\n\n\n<p class=\"wp-block-paragraph\">&nbsp;\u201cSi bien es urgente y\nnecesaria la ratificaci\u00f3n del Convenio 189 de la Organizaci\u00f3n Internacional del\nTrabajo (OIT), -el cual ofrece protecci\u00f3n espec\u00edfica a las trabajadoras y los\ntrabajadores dom\u00e9sticos-, por parte del gobierno mexicano. Tambi\u00e9n es\ninaplazable la necesidad de generar un marco jur\u00eddico y la legislaci\u00f3n que\nreconozca el derecho al tiempo y al cuidado de las personas, por parte del\nEstado\u201d, se\u00f1al\u00f3.<\/p>\n\n\n\n<p class=\"wp-block-paragraph\">Coment\u00f3 que actualmente las tareas de cuidado est\u00e1n\nestrechamente relacionadas con las tareas de trabajo dom\u00e9stico no remunerado,\nno reconocido y no democratizado.<\/p>\n\n\n\n<p class=\"wp-block-paragraph\">Ante ello, a\u00f1adi\u00f3 \u201cno s\u00f3lo se trata de seguir impulsando la\nconciliaci\u00f3n entre la vida p\u00fablica y la vida laboral, la repartici\u00f3n de tareas\ndom\u00e9sticas y de trabajo al seno de las familias, y no podemos reducir el tema a\nlas estancias infantiles, que son de las pocas figuras institucionales en\nmateria de cuidado, que el gobierno hab\u00eda generado como una acci\u00f3n de\nresponsabilidad social\u201d.<\/p>\n\n\n\n<p class=\"wp-block-paragraph\">\u00a0\u201cEntre hombres y mujeres la configuraci\u00f3n actual del uso del tiempo, de los cuidados y del trabajo dom\u00e9stico no remunerado, representa una de las principales brechas de desigualdad, lo cual no solo sostiene al modelo econ\u00f3mico neoliberal, sino que profundiza la crisis, promueve la pobreza y condena mayoritariamente a las mujeres a que comprometan o renuncien a su desarrollo personal\u201d, finaliz\u00f3.<\/p>\n\n\n\n<p class=\"wp-block-paragraph\">SEM\/IL<\/p>\n","protected":false},"excerpt":{"rendered":"<p>El objetivo es generar un marco jur\u00eddico a favor de personas de la tercera edad, ni\u00f1os, enfermos o con alguna discapacidad.<\/p>\n","protected":false},"author":3,"featured_media":10000,"comment_status":"open","ping_status":"open","sticky":false,"template":"","format":"standard","meta":{"_monsterinsights_skip_tracking":false,"footnotes":""},"categories":[690,50],"tags":[],"class_list":["post-9999","post","type-post","status-publish","format-standard","has-post-thumbnail","category-690","category-congreso"],"_links":{"self":[{"href":"https:\/\/redsemlac.com\/semmexico\/wp-json\/wp\/v2\/posts\/9999","targetHints":{"allow":["GET"]}}],"collection":[{"href":"https:\/\/redsemlac.com\/semmexico\/wp-json\/wp\/v2\/posts"}],"about":[{"href":"https:\/\/redsemlac.com\/semmexico\/wp-json\/wp\/v2\/types\/post"}],"author":[{"embeddable":true,"href":"https:\/\/redsemlac.com\/semmexico\/wp-json\/wp\/v2\/users\/3"}],"replies":[{"embeddable":true,"href":"https:\/\/redsemlac.com\/semmexico\/wp-json\/wp\/v2\/comments?post=9999"}],"version-history":[{"count":0,"href":"https:\/\/redsemlac.com\/semmexico\/wp-json\/wp\/v2\/posts\/9999\/revisions"}],"wp:featuredmedia":[{"embeddable":true,"href":"https:\/\/redsemlac.com\/semmexico\/wp-json\/wp\/v2\/media\/10000"}],"wp:attachment":[{"href":"https:\/\/redsemlac.com\/semmexico\/wp-json\/wp\/v2\/media?parent=9999"}],"wp:term":[{"taxonomy":"category","embeddable":true,"href":"https:\/\/redsemlac.com\/semmexico\/wp-json\/wp\/v2\/categories?post=9999"},{"taxonomy":"post_tag","embeddable":true,"href":"https:\/\/redsemlac.com\/semmexico\/wp-json\/wp\/v2\/tags?post=9999"}],"curies":[{"name":"wp","href":"https:\/\/api.w.org\/{rel}","templated":true}]}}