{"id":99943,"date":"2025-10-27T15:57:17","date_gmt":"2025-10-27T21:57:17","guid":{"rendered":"https:\/\/redsemlac.com\/semmexico\/?p=99943"},"modified":"2025-10-27T15:57:18","modified_gmt":"2025-10-27T21:57:18","slug":"historia-de-la-brigada-de-mujeres-tepeyollotl","status":"publish","type":"post","link":"https:\/\/redsemlac.com\/semmexico\/historia-de-la-brigada-de-mujeres-tepeyollotl\/","title":{"rendered":"Historia de la brigada de mujeres \u201cTepeyollotl\u201d"},"content":{"rendered":"\n<p class=\"wp-block-paragraph\">Una historia de mujeres, una historia de&nbsp; amor&nbsp; sobre&nbsp; c\u00f3mo&nbsp; colectivamente ellas cuidan al Tepozteco<\/p>\n\n\n\n<p class=\"wp-block-paragraph\">Testimonio colectivo :somos un pueblo que no se marchita, aunque respira un mar de injusticias<\/p>\n\n\n\n<p class=\"wp-block-paragraph\">Brigada de mujeres \u201cTepeyollotl\u201d<\/p>\n\n\n\n<p class=\"wp-block-paragraph\">SemM\u00e9xico, Tepoztl\u00e1n, Morelos, 27 de octubre, 2025.-La historia de esta brigada se remonta a varias d\u00e9cadas atr\u00e1s, cuando las mujeres sub\u00edan a los cerros para refugiarse de los soldados en la revoluci\u00f3n. La historia es de aquellas mujeres que han protegido, que han estado, que han cuidado, pero que pocas veces se les ha mencionado. Quiz\u00e1 ser\u00eda pertinente comenzar por nombrar a Mayahuel, la mam\u00e1 del Tepozteco.<\/p>\n\n\n\n<p class=\"wp-block-paragraph\">M\u00e1s que nuestra historia, es la historia de los cerros resistiendo ante tantos incendios, ante tanta destrucci\u00f3n y saqueo. La historia no es nuestra, la historia es de todas las mujeres que han defendido este pueblo. A ellas, a las que sabemos que han estado, que est\u00e1n y seguir\u00e1n, a ellas les debemos este peque\u00f1o y gran momento.<\/p>\n\n\n\n<p class=\"wp-block-paragraph\">Estar el d\u00eda de hoy aqu\u00ed es el resultado de la voluntad, de las ganas de seguir aportando en lo colectivo, de trabajar desde la sororidad, la inclusi\u00f3n y la diversidad. Por lo m\u00e1s sencillo y al mismo tiempo m\u00e1s importante, por el amor a Tepoztl\u00e1n. Es momento de unir esfuerzos, de sumar, de trabajar. De honrar la memoria de nuestros antepasados que han dejado la vida por defender este pueblo.<\/p>\n\n\n\n<p class=\"wp-block-paragraph\">La conformaci\u00f3n de la brigada de mujeres fue una idea que surgi\u00f3 como consecuencia de lo que hemos vivido en los \u00faltimos a\u00f1os: miles de \u00e1rboles talados por la ampliaci\u00f3n de la autopista y sus restos, unos troncos que se volvieron el s\u00edmbolo de resistencia, y que nos toc\u00f3 defender en este mismo espacio, junto a compa\u00f1eras que ahora forman parte de este proyecto.<\/p>\n\n\n\n<p class=\"wp-block-paragraph\">Somos un pueblo que no se marchita, aunque respira un mar de injusticias.<\/p>\n\n\n\n<figure class=\"wp-block-image size-full\"><a href=\"https:\/\/redsemlac.com\/semmexico\/wp-content\/uploads\/2025\/10\/tepeyolltl-02.jpg\"><img loading=\"lazy\" decoding=\"async\" width=\"635\" height=\"568\" src=\"https:\/\/redsemlac.com\/semmexico\/wp-content\/uploads\/2025\/10\/tepeyolltl-02.jpg\" alt=\"\" class=\"wp-image-99945\" srcset=\"https:\/\/redsemlac.com\/semmexico\/wp-content\/uploads\/2025\/10\/tepeyolltl-02.jpg 635w, https:\/\/redsemlac.com\/semmexico\/wp-content\/uploads\/2025\/10\/tepeyolltl-02-300x268.jpg 300w, https:\/\/redsemlac.com\/semmexico\/wp-content\/uploads\/2025\/10\/tepeyolltl-02-150x134.jpg 150w\" sizes=\"auto, (max-width: 635px) 100vw, 635px\" \/><\/a><\/figure>\n\n\n\n<p class=\"wp-block-paragraph\">Es momento de accionar. Lo que ven el d\u00eda de hoy es el resultado de la organizaci\u00f3n de las mujeres locales y de la aplicaci\u00f3n a la convocatoria que \u201cAmost Trust\u201d lanz\u00f3 para mujeres que defienden su territorio.<\/p>\n\n\n\n<p class=\"wp-block-paragraph\">Despu\u00e9s de haber sido seleccionado nuestro proyecto, nos reunimos con Adrix para hacer el llamado. El reto era juntar a diez mujeres para formar la brigada\u2026 llegaron quince, se sumaron cinco, luego otras cinco y de repente se descontrol\u00f3, pues a la convocatoria hab\u00edan respondido alrededor de 30 mujeres.<\/p>\n\n\n\n<p class=\"wp-block-paragraph\">Para iniciar, decidimos que era necesario establecer acuerdos, y uno de ellos fue tomar talleres de autocuidado y de reconocimiento de emociones. Comenzamos a trabajar con el Centro libre para las mujeres y la Instancia municipal e hicimos un ejercicio de reforestaci\u00f3n. Luego pasamos a las capacitaciones con la CONAFOR y algunas tomamos un taller para el manejo de motosierra.<\/p>\n\n\n\n<p class=\"wp-block-paragraph\">Todo este trabajo y proceso ha sido posible tambi\u00e9n gracias al apoyo de las compa\u00f1eras de Amos Trust, quienes confiaron en el proyecto y donaron parte del equipamiento. Este proyecto coincide con ellas en la b\u00fasqueda de horizontalidad y el respeto, lejos de una mirada colonial. Tambi\u00e9n agradecemos a los compa\u00f1eros de Guardabosques, por su respaldo y por su inter\u00e9s para trabajar de manera conjunta.<\/p>\n","protected":false},"excerpt":{"rendered":"<p>Una historia de mujeres, una historia de&nbsp; amor&nbsp; sobre&nbsp; c\u00f3mo&nbsp; colectivamente ellas cuidan al Tepozteco Testimonio colectivo :somos un pueblo que no se marchita, aunque respira un mar de injusticias Brigada de mujeres \u201cTepeyollotl\u201d SemM\u00e9xico, Tepoztl\u00e1n, Morelos, 27 de octubre, 2025.-La historia de esta brigada se remonta a varias d\u00e9cadas atr\u00e1s, cuando las mujeres sub\u00edan [&hellip;]<\/p>\n","protected":false},"author":3,"featured_media":99944,"comment_status":"open","ping_status":"open","sticky":false,"template":"","format":"standard","meta":{"_monsterinsights_skip_tracking":false,"footnotes":""},"categories":[748,694],"tags":[],"class_list":["post-99943","post","type-post","status-publish","format-standard","has-post-thumbnail","category-cultura-feminista","category-destacadas"],"_links":{"self":[{"href":"https:\/\/redsemlac.com\/semmexico\/wp-json\/wp\/v2\/posts\/99943","targetHints":{"allow":["GET"]}}],"collection":[{"href":"https:\/\/redsemlac.com\/semmexico\/wp-json\/wp\/v2\/posts"}],"about":[{"href":"https:\/\/redsemlac.com\/semmexico\/wp-json\/wp\/v2\/types\/post"}],"author":[{"embeddable":true,"href":"https:\/\/redsemlac.com\/semmexico\/wp-json\/wp\/v2\/users\/3"}],"replies":[{"embeddable":true,"href":"https:\/\/redsemlac.com\/semmexico\/wp-json\/wp\/v2\/comments?post=99943"}],"version-history":[{"count":0,"href":"https:\/\/redsemlac.com\/semmexico\/wp-json\/wp\/v2\/posts\/99943\/revisions"}],"wp:featuredmedia":[{"embeddable":true,"href":"https:\/\/redsemlac.com\/semmexico\/wp-json\/wp\/v2\/media\/99944"}],"wp:attachment":[{"href":"https:\/\/redsemlac.com\/semmexico\/wp-json\/wp\/v2\/media?parent=99943"}],"wp:term":[{"taxonomy":"category","embeddable":true,"href":"https:\/\/redsemlac.com\/semmexico\/wp-json\/wp\/v2\/categories?post=99943"},{"taxonomy":"post_tag","embeddable":true,"href":"https:\/\/redsemlac.com\/semmexico\/wp-json\/wp\/v2\/tags?post=99943"}],"curies":[{"name":"wp","href":"https:\/\/api.w.org\/{rel}","templated":true}]}}