{"id":99936,"date":"2025-10-25T18:43:21","date_gmt":"2025-10-26T00:43:21","guid":{"rendered":"https:\/\/redsemlac.com\/semmexico\/?p=99936"},"modified":"2025-10-25T18:43:24","modified_gmt":"2025-10-26T00:43:24","slug":"el-sol-de-mexico-celebra-60-anos-iluminando-el-periodismo-nacional","status":"publish","type":"post","link":"https:\/\/redsemlac.com\/semmexico\/el-sol-de-mexico-celebra-60-anos-iluminando-el-periodismo-nacional\/","title":{"rendered":"El Sol de M\u00e9xico celebra 60 a\u00f1os iluminando el periodismo nacional"},"content":{"rendered":"\n<p class=\"wp-block-paragraph\"><em>Desde Alianza de Medios<\/em><\/p>\n\n\n\n<p class=\"wp-block-paragraph\"><em>Redacci\u00f3n<\/em><\/p>\n\n\n\n<p class=\"wp-block-paragraph\">SemM\u00e9xico, Cd. de M\u00e9xico, 25 de octubre, 2025.- Desde la&nbsp;<em>Alianza de Medios MX<\/em>&nbsp;extendemos una&nbsp;c\u00e1lida felicitaci\u00f3n al peri\u00f3dico El Sol de M\u00e9xico, medio emblem\u00e1tico de la&nbsp;<em>Organizaci\u00f3n Editorial Mexicana (OEM)<\/em>, y miembro activo de nuestra Alianza,&nbsp;por sus 60 a\u00f1os de vida informativa, compromiso con el pa\u00eds y reinvenci\u00f3n constante.<\/p>\n\n\n\n<p class=\"wp-block-paragraph\">El&nbsp;25 de octubre de 1965&nbsp;comenz\u00f3 a circular su primera edici\u00f3n impresa bajo la consigna de&nbsp;\u201cllevar la luz de la verdad\u201d&nbsp;y fue el&nbsp;primer gran diario impreso en offset a color&nbsp;en M\u00e9xico y Am\u00e9rica Latina, dando inicio a una nueva era para el periodismo visual en la regi\u00f3n.<\/p>\n\n\n\n<p class=\"wp-block-paragraph\">A lo largo de estas seis d\u00e9cadas,&nbsp;<em>El Sol de M\u00e9xico<\/em>&nbsp;ha sido testigo y narrador de los hechos que&nbsp;definieron el rumbo del pa\u00eds y del mundo.&nbsp;<\/p>\n\n\n\n<p class=\"wp-block-paragraph\">Desde la tragedia de&nbsp;Tlatelolco&nbsp;en 1968 hasta los terremotos de 1985 y 2017; desde el asesinato de&nbsp;Colosio&nbsp;hasta la transici\u00f3n democr\u00e1tica del 2000, la guerra contra el narcotr\u00e1fico,&nbsp;Ayotzinapa&nbsp;y la llegada de la izquierda al poder.<\/p>\n\n\n\n<p class=\"wp-block-paragraph\">Tambi\u00e9n ha registrado los grandes momentos internacionales como la llegada del hombre a la Luna, la&nbsp;ca\u00edda del Muro de Berl\u00edn&nbsp;y los conflictos armados en Vietnam y Medio Oriente, gracias a su s\u00f3lida red de corresponsales y a su hist\u00f3rica vinculaci\u00f3n con agencias noticiosas como AFP, AP, DPA y Reuters.<\/p>\n\n\n\n<p class=\"wp-block-paragraph\">Un legado que evoluciona<\/p>\n\n\n\n<p class=\"wp-block-paragraph\">Desde&nbsp;1976, bajo el liderazgo del empresario&nbsp;Mario V\u00e1zquez Ra\u00f1a, el diario se integr\u00f3 a la OEM, consolid\u00e1ndose como firma insignia de la red editorial m\u00e1s grande de&nbsp;Am\u00e9rica Latina, y posicion\u00e1ndose hoy como el cuarto sitio informativo m\u00e1s le\u00eddo en&nbsp;M\u00e9xico.<\/p>\n\n\n\n<p class=\"wp-block-paragraph\">Su capacidad de adaptaci\u00f3n ha sido clave para mantenerse vigente, y en&nbsp;2016, bajo la direcci\u00f3n general editorial de&nbsp;Martha Ramos,&nbsp;<em>El Sol de M\u00e9xico<\/em>&nbsp;vivi\u00f3 una&nbsp;transformaci\u00f3n profunda&nbsp;que incluy\u00f3 el cambio de formato a tabloide, el redise\u00f1o editorial con enfoque visual y&nbsp;multimedia, y la ambici\u00f3n de convertirse en un hub de contenidos para toda la red OEM, alimentando a&nbsp;m\u00e1s de 40 diarios&nbsp;con&nbsp;informaci\u00f3n de calidad, verificada y contextualizada.<\/p>\n\n\n\n<p class=\"wp-block-paragraph\">En este aniversario tan significativo, desde la&nbsp;Alianza de Medios Mx&nbsp;celebramos el legado, la tenacidad y el futuro de El Sol de M\u00e9xico.<\/p>\n\n\n\n<p class=\"wp-block-paragraph\">Reconocemos su papel como&nbsp;pilar del ecosistema period\u00edstico nacional,&nbsp;referente de innovaci\u00f3n editorial y compromiso con los principios del&nbsp;periodismo responsable, plural y de servicio p\u00fablico.<\/p>\n\n\n\n<p class=\"wp-block-paragraph\">\u00a1 Muchas felicidades a&nbsp;<em>El Sol de M\u00e9xico&nbsp;<\/em>!<\/p>\n\n\n\n<figure class=\"wp-block-image size-full\"><a href=\"https:\/\/redsemlac.com\/semmexico\/wp-content\/uploads\/2025\/10\/60-anos-de-periodismo-02.jpg\"><img loading=\"lazy\" decoding=\"async\" width=\"201\" height=\"251\" src=\"https:\/\/redsemlac.com\/semmexico\/wp-content\/uploads\/2025\/10\/60-anos-de-periodismo-02.jpg\" alt=\"\" class=\"wp-image-99938\" srcset=\"https:\/\/redsemlac.com\/semmexico\/wp-content\/uploads\/2025\/10\/60-anos-de-periodismo-02.jpg 201w, https:\/\/redsemlac.com\/semmexico\/wp-content\/uploads\/2025\/10\/60-anos-de-periodismo-02-150x187.jpg 150w\" sizes=\"auto, (max-width: 201px) 100vw, 201px\" \/><\/a><\/figure>\n","protected":false},"excerpt":{"rendered":"<p>Desde Alianza de Medios Redacci\u00f3n SemM\u00e9xico, Cd. de M\u00e9xico, 25 de octubre, 2025.- Desde la&nbsp;Alianza de Medios MX&nbsp;extendemos una&nbsp;c\u00e1lida felicitaci\u00f3n al peri\u00f3dico El Sol de M\u00e9xico, medio emblem\u00e1tico de la&nbsp;Organizaci\u00f3n Editorial Mexicana (OEM), y miembro activo de nuestra Alianza,&nbsp;por sus 60 a\u00f1os de vida informativa, compromiso con el pa\u00eds y reinvenci\u00f3n constante. El&nbsp;25 de octubre [&hellip;]<\/p>\n","protected":false},"author":3,"featured_media":99937,"comment_status":"open","ping_status":"open","sticky":false,"template":"","format":"standard","meta":{"_monsterinsights_skip_tracking":false,"footnotes":""},"categories":[694],"tags":[],"class_list":["post-99936","post","type-post","status-publish","format-standard","has-post-thumbnail","category-destacadas"],"_links":{"self":[{"href":"https:\/\/redsemlac.com\/semmexico\/wp-json\/wp\/v2\/posts\/99936","targetHints":{"allow":["GET"]}}],"collection":[{"href":"https:\/\/redsemlac.com\/semmexico\/wp-json\/wp\/v2\/posts"}],"about":[{"href":"https:\/\/redsemlac.com\/semmexico\/wp-json\/wp\/v2\/types\/post"}],"author":[{"embeddable":true,"href":"https:\/\/redsemlac.com\/semmexico\/wp-json\/wp\/v2\/users\/3"}],"replies":[{"embeddable":true,"href":"https:\/\/redsemlac.com\/semmexico\/wp-json\/wp\/v2\/comments?post=99936"}],"version-history":[{"count":0,"href":"https:\/\/redsemlac.com\/semmexico\/wp-json\/wp\/v2\/posts\/99936\/revisions"}],"wp:featuredmedia":[{"embeddable":true,"href":"https:\/\/redsemlac.com\/semmexico\/wp-json\/wp\/v2\/media\/99937"}],"wp:attachment":[{"href":"https:\/\/redsemlac.com\/semmexico\/wp-json\/wp\/v2\/media?parent=99936"}],"wp:term":[{"taxonomy":"category","embeddable":true,"href":"https:\/\/redsemlac.com\/semmexico\/wp-json\/wp\/v2\/categories?post=99936"},{"taxonomy":"post_tag","embeddable":true,"href":"https:\/\/redsemlac.com\/semmexico\/wp-json\/wp\/v2\/tags?post=99936"}],"curies":[{"name":"wp","href":"https:\/\/api.w.org\/{rel}","templated":true}]}}