{"id":99925,"date":"2025-10-25T18:36:17","date_gmt":"2025-10-26T00:36:17","guid":{"rendered":"https:\/\/redsemlac.com\/semmexico\/?p=99925"},"modified":"2025-10-25T18:36:19","modified_gmt":"2025-10-26T00:36:19","slug":"innovar-y-escuchar-los-retos-para-los-nuevos-tiempos","status":"publish","type":"post","link":"https:\/\/redsemlac.com\/semmexico\/innovar-y-escuchar-los-retos-para-los-nuevos-tiempos\/","title":{"rendered":"Innovar y escuchar, los retos para los nuevos tiempos"},"content":{"rendered":"\n<p class=\"wp-block-paragraph\">El equipo que conforma El Sol de M\u00e9xico celebr\u00f3 los 60 a\u00f1os del importante medio\u00a0\/\u00a0Foto: Romina Sol\u00eds\/El Sol de M\u00e9xico<\/p>\n\n\n\n<p class=\"wp-block-paragraph\">En su 60 aniversario, El Sol de M\u00e9xico reafirma su vocaci\u00f3n de servicio al lector y su apuesta para enfrentar los nuevos desaf\u00edos del periodismo y las audiencias digitales<\/p>\n\n\n\n<p class=\"wp-block-paragraph\">Juan Carlos Rodr\u00edguez<\/p>\n\n\n\n<p class=\"wp-block-paragraph\">SemM\u00e9xico\/ El Sol de M\u00e9xico, Cd. de M\u00e9xico, 25 de octubre, 2025.- Como desde hace seis d\u00e9cadas,&nbsp;el reto de El Sol de M\u00e9xico sigue siendo atender al lector, servir a las comunidades y ser sensibles a las necesidades locales de informaci\u00f3n, afirm\u00f3&nbsp;Francisco Torres V\u00e1zquez, vicepresidente ejecutivo de la&nbsp;Organizaci\u00f3n Editorial Mexicana (OEM).<\/p>\n\n\n\n<p class=\"wp-block-paragraph\">Durante un&nbsp;conversatorio con motivo de los 60 a\u00f1os del nacimiento de El Sol de M\u00e9xico, al que acudieron decanos del periodismo como&nbsp;Raymundo Rivapalacio, Roberto Rock, Julio Villanueva Chang y Pedro Valtierra, Torres V\u00e1zquez dijo que el resorte que gu\u00eda a los diarios de la OEM para adaptarse a los nuevos tiempos es la innovaci\u00f3n.<\/p>\n\n\n\n<p class=\"wp-block-paragraph\">El vicepresidente ejecutivo de esta casa editorial record\u00f3&nbsp;los cambios que se han suscitado en El Sol de M\u00e9xico&nbsp;en los \u00faltimos 10 a\u00f1os, desde la llegada de nuevos directivos, el cambio de dise\u00f1o y la creaci\u00f3n de nuevas secciones, hasta la adopci\u00f3n de nuevas herramientas tecnol\u00f3gicas para&nbsp;estar a la altura de los lectores&nbsp;contempor\u00e1neos.\u00b4<\/p>\n\n\n\n<figure class=\"wp-block-image size-large\"><a href=\"https:\/\/redsemlac.com\/semmexico\/wp-content\/uploads\/2025\/10\/innovar-y-escuchar-02.jpg\"><img loading=\"lazy\" decoding=\"async\" width=\"1024\" height=\"575\" src=\"https:\/\/redsemlac.com\/semmexico\/wp-content\/uploads\/2025\/10\/innovar-y-escuchar-02-1024x575.jpg\" alt=\"\" class=\"wp-image-99927\" srcset=\"https:\/\/redsemlac.com\/semmexico\/wp-content\/uploads\/2025\/10\/innovar-y-escuchar-02-1024x575.jpg 1024w, https:\/\/redsemlac.com\/semmexico\/wp-content\/uploads\/2025\/10\/innovar-y-escuchar-02-300x169.jpg 300w, https:\/\/redsemlac.com\/semmexico\/wp-content\/uploads\/2025\/10\/innovar-y-escuchar-02-768x431.jpg 768w, https:\/\/redsemlac.com\/semmexico\/wp-content\/uploads\/2025\/10\/innovar-y-escuchar-02-150x84.jpg 150w, https:\/\/redsemlac.com\/semmexico\/wp-content\/uploads\/2025\/10\/innovar-y-escuchar-02-696x391.jpg 696w, https:\/\/redsemlac.com\/semmexico\/wp-content\/uploads\/2025\/10\/innovar-y-escuchar-02-1068x600.jpg 1068w, https:\/\/redsemlac.com\/semmexico\/wp-content\/uploads\/2025\/10\/innovar-y-escuchar-02.jpg 1200w\" sizes=\"auto, (max-width: 1024px) 100vw, 1024px\" \/><\/a><\/figure>\n\n\n\n<p class=\"wp-block-paragraph\">Francisco Torres V\u00e1zquez, vicepresidente ejecutivo de la Organizaci\u00f3n Editorial Mexicana (OEM)\u00a0\/\u00a0Foto: Adri\u00e1n V\u00e1zquez\/El Sol de M\u00e9xico<\/p>\n\n\n\n<p class=\"wp-block-paragraph\">\u201cNuestro desaf\u00edo sigue siendo experimentar e innovar\u201d,&nbsp;expuso Torres V\u00e1zquez ante colaboradores y amigos de El Sol de M\u00e9xico que se dieron cita en la antigua sede del peri\u00f3dico La Prensa, al referirse a las nuevas plataformas digitales, lenguajes y contenidos que impacten en la vida cotidiana de los lectores.<\/p>\n\n\n\n<p class=\"wp-block-paragraph\"><strong>Raymundo Rivapalacio y el desaf\u00edo del Sol de M\u00e9xico<\/strong><\/p>\n\n\n\n<p class=\"wp-block-paragraph\">Sobre el desaf\u00edo que impone la penetraci\u00f3n de las redes sociales, el&nbsp;periodista Raymundo Rivapalacio&nbsp;expuso que medios de comunicaci\u00f3n como&nbsp;El Sol de M\u00e9xico&nbsp;deben dar la pelea a trav\u00e9s de la calidad de los contenidos.<\/p>\n\n\n\n<p class=\"wp-block-paragraph\">\u201cLa calidad donde va incorporada la precisi\u00f3n de los datos, la profundidad, la capacidad de generar contenidos originales que salen de escuchar las necesidades de las audiencias\u201d<\/p>\n\n\n\n<p class=\"wp-block-paragraph\">Y en una \u00e9poca en la que&nbsp;predominan los llamados \u201cinfluencers\u201d&nbsp;y la capacidad de convocatoria se mide en n\u00famero de seguidores y \u201clikes\u201d, Rivapalacio dej\u00f3 en claro que&nbsp;los medios de comunicaci\u00f3n no son agentes de cambios sociales, pero s\u00ed pueden aspirar a movilizar a los agentes de cambio.<\/p>\n\n\n\n<figure class=\"wp-block-image size-large\"><a href=\"https:\/\/redsemlac.com\/semmexico\/wp-content\/uploads\/2025\/10\/innovar-y-escuchar-03.jpg\"><img loading=\"lazy\" decoding=\"async\" width=\"1024\" height=\"575\" src=\"https:\/\/redsemlac.com\/semmexico\/wp-content\/uploads\/2025\/10\/innovar-y-escuchar-03-1024x575.jpg\" alt=\"\" class=\"wp-image-99928\" srcset=\"https:\/\/redsemlac.com\/semmexico\/wp-content\/uploads\/2025\/10\/innovar-y-escuchar-03-1024x575.jpg 1024w, https:\/\/redsemlac.com\/semmexico\/wp-content\/uploads\/2025\/10\/innovar-y-escuchar-03-300x169.jpg 300w, https:\/\/redsemlac.com\/semmexico\/wp-content\/uploads\/2025\/10\/innovar-y-escuchar-03-768x431.jpg 768w, https:\/\/redsemlac.com\/semmexico\/wp-content\/uploads\/2025\/10\/innovar-y-escuchar-03-150x84.jpg 150w, https:\/\/redsemlac.com\/semmexico\/wp-content\/uploads\/2025\/10\/innovar-y-escuchar-03-696x391.jpg 696w, https:\/\/redsemlac.com\/semmexico\/wp-content\/uploads\/2025\/10\/innovar-y-escuchar-03-1068x600.jpg 1068w, https:\/\/redsemlac.com\/semmexico\/wp-content\/uploads\/2025\/10\/innovar-y-escuchar-03.jpg 1200w\" sizes=\"auto, (max-width: 1024px) 100vw, 1024px\" \/><\/a><\/figure>\n\n\n\n<p class=\"wp-block-paragraph\">El aniversario 60 de El Sol de M\u00e9xico cont\u00f3 con la participaci\u00f3n de Raymundo Rivapalacio, Roberto Rock, Julio Villanueva Chang y Pedro Valtierra, as\u00ed como de Martha Ramos, directora editorial de la OEM\u00a0\/\u00a0Foto: Romina Sol\u00eds\/El Sol de M\u00e9xico<\/p>\n\n\n\n<p class=\"wp-block-paragraph\">Y ejemplific\u00f3: \u201cEl Washington Post&nbsp;no tir\u00f3 al presidente Nixon; lo tir\u00f3 el Congreso y la Suprema Corte. \u00bfPero qu\u00e9 hizo el Washington Post? Moviliz\u00f3 al Congreso, y el Congreso moviliz\u00f3 a otros actores. Eso es lo que hacen los medios: movilizan a los agentes de cambio\u201d.<\/p>\n\n\n\n<p class=\"wp-block-paragraph\">Al respecto,&nbsp;Roberto Rock habl\u00f3&nbsp;sobre la urgencia de que los&nbsp;periodistas aprendan a concebir sus productos informativos&nbsp;no s\u00f3lo como historias escritas o piezas audiovisuales, sino visualizar diversas presentaciones, desde alertas en redes sociales, hasta \u201cshorts\u201d o \u201creels\u201d.<\/p>\n\n\n\n<p class=\"wp-block-paragraph\">\u201cHay que decirle ahora a los periodistas:&nbsp;todos somos alimentadores de redes sociales, todos somos creadores de videos cortos.&nbsp;Habr\u00e1 quien diga: \u2018no, mi trabajo es la investigaci\u00f3n, es la profundidad\u2019. Est\u00e1 muy bien, pero si no te diversificas, no vas a caber en esta nueva etapa\u201d.<\/p>\n\n\n\n<figure class=\"wp-block-image size-large\"><a href=\"https:\/\/redsemlac.com\/semmexico\/wp-content\/uploads\/2025\/10\/innovar-y-escuchar-04.jpg\"><img loading=\"lazy\" decoding=\"async\" width=\"1024\" height=\"575\" src=\"https:\/\/redsemlac.com\/semmexico\/wp-content\/uploads\/2025\/10\/innovar-y-escuchar-04-1024x575.jpg\" alt=\"\" class=\"wp-image-99929\" srcset=\"https:\/\/redsemlac.com\/semmexico\/wp-content\/uploads\/2025\/10\/innovar-y-escuchar-04-1024x575.jpg 1024w, https:\/\/redsemlac.com\/semmexico\/wp-content\/uploads\/2025\/10\/innovar-y-escuchar-04-300x169.jpg 300w, https:\/\/redsemlac.com\/semmexico\/wp-content\/uploads\/2025\/10\/innovar-y-escuchar-04-768x431.jpg 768w, https:\/\/redsemlac.com\/semmexico\/wp-content\/uploads\/2025\/10\/innovar-y-escuchar-04-150x84.jpg 150w, https:\/\/redsemlac.com\/semmexico\/wp-content\/uploads\/2025\/10\/innovar-y-escuchar-04-696x391.jpg 696w, https:\/\/redsemlac.com\/semmexico\/wp-content\/uploads\/2025\/10\/innovar-y-escuchar-04-1068x600.jpg 1068w, https:\/\/redsemlac.com\/semmexico\/wp-content\/uploads\/2025\/10\/innovar-y-escuchar-04.jpg 1200w\" sizes=\"auto, (max-width: 1024px) 100vw, 1024px\" \/><\/a><\/figure>\n\n\n\n<p class=\"wp-block-paragraph\">El Sol de M\u00e9xico ha vivido cambios significativos durante sus \u00faltimos 10 a\u00f1os de historia&nbsp;\/&nbsp;Foto: Adri\u00e1n V\u00e1zquez\/El Sol de M\u00e9xico<\/p>\n\n\n\n<p class=\"wp-block-paragraph\">En su oportunidad, el&nbsp;editor Julio Villanueva Chang, especialista en periodismo narrativo, dijo que los medios de comunicaci\u00f3n est\u00e1n en una \u201cguerrilla por la atenci\u00f3n\u201d de las audiencias, situaci\u00f3n que requiere creatividad, cercan\u00eda con la gente y mirar m\u00e1s all\u00e1 de lo que dictan los formalismos.<\/p>\n\n\n\n<p class=\"wp-block-paragraph\">\u201cLos seres humanos somos instintivos, con mucha frecuencia irracionales y hasta contradictorios. Por lo tanto, el periodismo ha ido cometiendo, a mi juicio, un error, que es enajenar la irracionalidad de sus relatos\u201d, reflexion\u00f3 Villanueva durante una conferencia magistral.<\/p>\n\n\n\n<p class=\"wp-block-paragraph\">\u201cEn nombre de la veracidad, en nombre de la rigurosidad,&nbsp;en nombre de esa abstracci\u00f3n llamada verdad,&nbsp;hemos dejado de contar c\u00f3mo la gente es contradictoria, c\u00f3mo la gente duda, c\u00f3mo la gente r\u00ede, llora y sufre. Y queremos,&nbsp;en nombre de los hechos, dar cuenta de este mundo. Y el resultado es que la gente no se identifica con lo que informamos, porque la gente es, por naturaleza, irracional y contradictoria\u201d, expuso.<\/p>\n\n\n\n<p class=\"wp-block-paragraph\"><img loading=\"lazy\" decoding=\"async\" width=\"635\" height=\"423\" src=\"\" alt=\"Grupo de personas posando para una foto\n\nEl contenido generado por IA puede ser incorrecto.\">La redacci\u00f3n web cumple tareas importantes en la colocaci\u00f3n de El Sol de M\u00e9xico como uno de los &nbsp;medios m\u00e1s le\u00ed dos en nuestro pa\u00eds &#8211; Foto: Adri\u00e1n V\u00e1zquez\/El Sol de M\u00e9xico<\/p>\n\n\n\n<figure class=\"wp-block-image size-full\"><a href=\"https:\/\/redsemlac.com\/semmexico\/wp-content\/uploads\/2025\/10\/innovar-y-escuchar-05.jpg\"><img loading=\"lazy\" decoding=\"async\" width=\"1000\" height=\"666\" src=\"https:\/\/redsemlac.com\/semmexico\/wp-content\/uploads\/2025\/10\/innovar-y-escuchar-05.jpg\" alt=\"\" class=\"wp-image-99930\" srcset=\"https:\/\/redsemlac.com\/semmexico\/wp-content\/uploads\/2025\/10\/innovar-y-escuchar-05.jpg 1000w, https:\/\/redsemlac.com\/semmexico\/wp-content\/uploads\/2025\/10\/innovar-y-escuchar-05-300x200.jpg 300w, https:\/\/redsemlac.com\/semmexico\/wp-content\/uploads\/2025\/10\/innovar-y-escuchar-05-768x511.jpg 768w, https:\/\/redsemlac.com\/semmexico\/wp-content\/uploads\/2025\/10\/innovar-y-escuchar-05-150x100.jpg 150w, https:\/\/redsemlac.com\/semmexico\/wp-content\/uploads\/2025\/10\/innovar-y-escuchar-05-696x464.jpg 696w\" sizes=\"auto, (max-width: 1000px) 100vw, 1000px\" \/><\/a><\/figure>\n\n\n\n<p class=\"wp-block-paragraph\">Los equipos de finanzas y metr\u00f3poli conforman una parte muy importante en la elaboraci\u00f3n de El Sol de M\u00e9xico &#8211; Foto: Adri\u00e1n V\u00e1zquez\/El Sol de M\u00e9xico<\/p>\n\n\n\n<figure class=\"wp-block-image size-full\"><a href=\"https:\/\/redsemlac.com\/semmexico\/wp-content\/uploads\/2025\/10\/innovar-y-escuchar-07.jpg\"><img loading=\"lazy\" decoding=\"async\" width=\"1000\" height=\"666\" src=\"https:\/\/redsemlac.com\/semmexico\/wp-content\/uploads\/2025\/10\/innovar-y-escuchar-07.jpg\" alt=\"\" class=\"wp-image-99932\" srcset=\"https:\/\/redsemlac.com\/semmexico\/wp-content\/uploads\/2025\/10\/innovar-y-escuchar-07.jpg 1000w, https:\/\/redsemlac.com\/semmexico\/wp-content\/uploads\/2025\/10\/innovar-y-escuchar-07-300x200.jpg 300w, https:\/\/redsemlac.com\/semmexico\/wp-content\/uploads\/2025\/10\/innovar-y-escuchar-07-768x511.jpg 768w, https:\/\/redsemlac.com\/semmexico\/wp-content\/uploads\/2025\/10\/innovar-y-escuchar-07-150x100.jpg 150w, https:\/\/redsemlac.com\/semmexico\/wp-content\/uploads\/2025\/10\/innovar-y-escuchar-07-696x464.jpg 696w\" sizes=\"auto, (max-width: 1000px) 100vw, 1000px\" \/><\/a><\/figure>\n\n\n\n<p class=\"wp-block-paragraph\">Los dise\u00f1adores cumplen una ardua labor en entregar ejemplares din\u00e1micos y atractivos en la versi\u00f3n impresa de El Sol de M\u00e9xico &#8211; Foto: Adri\u00e1n V\u00e1zquez\/El Sol de M\u00e9xico<\/p>\n\n\n\n<p class=\"wp-block-paragraph\">El equipo de mesa de redacci\u00f3n es vital en la concepci\u00f3n diaria de El Sol de M\u00e9xico &#8211; Foto: Adri\u00e1n V\u00e1zquez\/El Sol de M\u00e9xico<\/p>\n\n\n\n<p class=\"wp-block-paragraph\">Explorar y escuchar.&nbsp;Esas son las palabras que, seg\u00fan el conversatorio, resumen&nbsp;el desaf\u00edo de El Sol M\u00e9xico. Innovar en contenidos y formas de transmitir historias, y escuchar a las audiencias para ser sensibles a las tem\u00e1ticas que marcan sus vidas.<\/p>\n\n\n\n<p class=\"wp-block-paragraph\">PUBLICIDAD<\/p>\n\n\n\n<figure class=\"wp-block-image size-large\"><a href=\"https:\/\/redsemlac.com\/semmexico\/wp-content\/uploads\/2025\/10\/innovar-y-escuchar-08.jpg\"><img loading=\"lazy\" decoding=\"async\" width=\"1024\" height=\"576\" src=\"https:\/\/redsemlac.com\/semmexico\/wp-content\/uploads\/2025\/10\/innovar-y-escuchar-08-1024x576.jpg\" alt=\"\" class=\"wp-image-99933\" srcset=\"https:\/\/redsemlac.com\/semmexico\/wp-content\/uploads\/2025\/10\/innovar-y-escuchar-08-1024x576.jpg 1024w, https:\/\/redsemlac.com\/semmexico\/wp-content\/uploads\/2025\/10\/innovar-y-escuchar-08-300x169.jpg 300w, https:\/\/redsemlac.com\/semmexico\/wp-content\/uploads\/2025\/10\/innovar-y-escuchar-08-768x432.jpg 768w, https:\/\/redsemlac.com\/semmexico\/wp-content\/uploads\/2025\/10\/innovar-y-escuchar-08-150x84.jpg 150w, https:\/\/redsemlac.com\/semmexico\/wp-content\/uploads\/2025\/10\/innovar-y-escuchar-08-696x392.jpg 696w, https:\/\/redsemlac.com\/semmexico\/wp-content\/uploads\/2025\/10\/innovar-y-escuchar-08-1068x601.jpg 1068w, https:\/\/redsemlac.com\/semmexico\/wp-content\/uploads\/2025\/10\/innovar-y-escuchar-08.jpg 1280w\" sizes=\"auto, (max-width: 1024px) 100vw, 1024px\" \/><\/a><\/figure>\n\n\n\n<p class=\"wp-block-paragraph\"><a href=\"https:\/\/oem.com.mx\/elsoldemexico\/analisis\/autor\/juan-carlos-rodriguez-3639\"><\/a><\/p>\n\n\n\n<p class=\"wp-block-paragraph\"><a href=\"https:\/\/oem.com.mx\/elsoldemexico\/analisis\/autor\/juan-carlos-rodriguez-3639\">Juan Carlos&nbsp;Rodr\u00edguez<\/a><\/p>\n\n\n\n<p class=\"wp-block-paragraph\">Reportero con tres d\u00e9cadas buscando historias inc\u00f3modas. Me gusta la pol\u00edtica, analizar el desempe\u00f1o gubernamental y la data. Salsero, cruzazulino y paparazzi de mi familia. Amo las biograf\u00edas y los documentales.&nbsp;<\/p>\n\n\n\n<figure class=\"wp-block-image size-full\"><img loading=\"lazy\" decoding=\"async\" width=\"194\" height=\"259\" src=\"https:\/\/redsemlac.com\/semmexico\/wp-content\/uploads\/2025\/10\/innovar-y-escuchar-09.jpg\" alt=\"\" class=\"wp-image-99934\" srcset=\"https:\/\/redsemlac.com\/semmexico\/wp-content\/uploads\/2025\/10\/innovar-y-escuchar-09.jpg 194w, https:\/\/redsemlac.com\/semmexico\/wp-content\/uploads\/2025\/10\/innovar-y-escuchar-09-150x200.jpg 150w\" sizes=\"auto, (max-width: 194px) 100vw, 194px\" \/><\/figure>\n\n\n\n<p class=\"wp-block-paragraph\">\u00daltimas notas:<\/p>\n\n\n\n<ul class=\"wp-block-list\">\n<li><a href=\"https:\/\/oem.com.mx\/elsoldemexico\/mexico\/innovar-y-escuchar-los-retos-para-los-nuevos-tiempos-26456655\">Innovar y escuchar, los retos para los nuevos tiempos<\/a><\/li>\n\n\n\n<li><a href=\"https:\/\/oem.com.mx\/elsoldemexico\/mexico\/60-anos-de-el-sol-de-mexico-26457261\">El Sol de M\u00e9xico: 60 a\u00f1os como pionero del periodismo moderno en Am\u00e9rica Latina<\/a><\/li>\n\n\n\n<li><a href=\"https:\/\/oem.com.mx\/elsoldemexico\/mexico\/detecta-asf-fallas-en-reparto-de-apoyos-a-victimas-de-desastres-naturales-26441380\">Detecta ASF fallas en reparto de apoyos a v\u00edctimas de desastres naturales<\/a><\/li>\n<\/ul>\n\n\n\n<p class=\"wp-block-paragraph\"><\/p>\n","protected":false},"excerpt":{"rendered":"<p>El equipo que conforma El Sol de M\u00e9xico celebr\u00f3 los 60 a\u00f1os del importante medio\u00a0\/\u00a0Foto: Romina Sol\u00eds\/El Sol de M\u00e9xico En su 60 aniversario, El Sol de M\u00e9xico reafirma su vocaci\u00f3n de servicio al lector y su apuesta para enfrentar los nuevos desaf\u00edos del periodismo y las audiencias digitales Juan Carlos Rodr\u00edguez SemM\u00e9xico\/ El Sol [&hellip;]<\/p>\n","protected":false},"author":3,"featured_media":99926,"comment_status":"open","ping_status":"open","sticky":false,"template":"","format":"standard","meta":{"_monsterinsights_skip_tracking":false,"footnotes":""},"categories":[897],"tags":[],"class_list":["post-99925","post","type-post","status-publish","format-standard","has-post-thumbnail","category-especial"],"_links":{"self":[{"href":"https:\/\/redsemlac.com\/semmexico\/wp-json\/wp\/v2\/posts\/99925","targetHints":{"allow":["GET"]}}],"collection":[{"href":"https:\/\/redsemlac.com\/semmexico\/wp-json\/wp\/v2\/posts"}],"about":[{"href":"https:\/\/redsemlac.com\/semmexico\/wp-json\/wp\/v2\/types\/post"}],"author":[{"embeddable":true,"href":"https:\/\/redsemlac.com\/semmexico\/wp-json\/wp\/v2\/users\/3"}],"replies":[{"embeddable":true,"href":"https:\/\/redsemlac.com\/semmexico\/wp-json\/wp\/v2\/comments?post=99925"}],"version-history":[{"count":0,"href":"https:\/\/redsemlac.com\/semmexico\/wp-json\/wp\/v2\/posts\/99925\/revisions"}],"wp:featuredmedia":[{"embeddable":true,"href":"https:\/\/redsemlac.com\/semmexico\/wp-json\/wp\/v2\/media\/99926"}],"wp:attachment":[{"href":"https:\/\/redsemlac.com\/semmexico\/wp-json\/wp\/v2\/media?parent=99925"}],"wp:term":[{"taxonomy":"category","embeddable":true,"href":"https:\/\/redsemlac.com\/semmexico\/wp-json\/wp\/v2\/categories?post=99925"},{"taxonomy":"post_tag","embeddable":true,"href":"https:\/\/redsemlac.com\/semmexico\/wp-json\/wp\/v2\/tags?post=99925"}],"curies":[{"name":"wp","href":"https:\/\/api.w.org\/{rel}","templated":true}]}}