{"id":99920,"date":"2025-10-25T18:18:18","date_gmt":"2025-10-26T00:18:18","guid":{"rendered":"https:\/\/redsemlac.com\/semmexico\/?p=99920"},"modified":"2025-10-25T18:19:23","modified_gmt":"2025-10-26T00:19:23","slug":"de-la-maquina-de-escribir-al-zoom-mi-vida-en-el-sol-de-mexico","status":"publish","type":"post","link":"https:\/\/redsemlac.com\/semmexico\/de-la-maquina-de-escribir-al-zoom-mi-vida-en-el-sol-de-mexico\/","title":{"rendered":"De la m\u00e1quina de escribir al Zoom: Mi vida en El Sol de M\u00e9xico"},"content":{"rendered":"\n<p class=\"wp-block-paragraph\">Hiroshi Takahashi, director de El Sol de M\u00e9xico, la periodista Bertha Becerra, Francisco Torres V\u00e1zquez, Vicepresidente Ejecutivo de OEM y Francisco Torres Cano, Director General de Ventas y de Estudios Tepeyac.&nbsp;\/&nbsp;Foto: Romina Sol\u00eds \/El Sol de M\u00e9xico<\/p>\n\n\n\n<p class=\"wp-block-paragraph\">La reportera Bertha Becerra relata su experiencia en El Sol de M\u00e9xico, en v\u00edsperas de cumplir 62 a\u00f1os en este oficio y reportera del diario<\/p>\n\n\n\n<p class=\"wp-block-paragraph\">Bertha Becerra<\/p>\n\n\n\n<p class=\"wp-block-paragraph\">SemM\u00e9xico\/ El Sol de M\u00e9xico, Cd. de M\u00e9xico, 25 de octubre, 2025.- Se cumplen&nbsp;60 a\u00f1os&nbsp;y parece que fue ayer cuando, con mucho entusiasmo, un&nbsp;c\u00famulo de energ\u00eda, expectante y todo un mundo fascinante por descubrir, ingres\u00e9 a las&nbsp;filas del periodismo&nbsp;en las p\u00e1ginas de <em>El Sol de M\u00e9xico<\/em>.<\/p>\n\n\n\n<p class=\"wp-block-paragraph\">Escuchar el&nbsp;rugido de las rotativas&nbsp;en medio del&nbsp;olor de la tinta. Esperar ilusionada la impresi\u00f3n del diario y tomar en las manos un ejemplar calientito, a\u00fan tibio, no tiene adjetivos.<\/p>\n\n\n\n<p class=\"wp-block-paragraph\">Es una sensaci\u00f3n en lo profundo de tu ser. La satisfacci\u00f3n de ver plasmadas las&nbsp;notas&nbsp;que conseguiste al reportear por aquel&nbsp;1963, cuando se iniciaron las pruebas para el que ser\u00eda el diario n\u00famero 37 de la entonces&nbsp;Cadena de Peri\u00f3dicos Garc\u00eda Valseca.<\/p>\n\n\n\n<p class=\"wp-block-paragraph\"><strong><a href=\"https:\/\/oem.com.mx\/elsoldemexico\/mexico\/ya-son-61-anos-y-aun-no-termino-bertha-becerra-reportera-y-fundadora-de-el-sol-de-mexico-18398499\"><\/a><\/strong><\/p>\n\n\n\n<p class=\"wp-block-paragraph\"><strong><a href=\"https:\/\/oem.com.mx\/elsoldemexico\/mexico\/ya-son-61-anos-y-aun-no-termino-bertha-becerra-reportera-y-fundadora-de-el-sol-de-mexico-18398499\">En m\u00e1s de 60 a\u00f1os de carrera, Bertha Becerra ha cubierto fuentes que la llevaron a entrevistar al Papa Juan Pablo II y recorrer M\u00e9xico en busca de informaci\u00f3n para los lectores<\/a><\/strong><strong><\/strong><\/p>\n\n\n\n<p class=\"wp-block-paragraph\">Fueron dos a\u00f1os de pruebas en los que se reporteaban y entregaban notas para la edici\u00f3n cero de lo que ser\u00eda&nbsp;El Sol de Mediod\u00eda, que vio la luz el 7 de junio de 1965.<\/p>\n\n\n\n<p class=\"wp-block-paragraph\">S\u00ed, naci\u00f3 como un diario que antes de las 11:00 de la ma\u00f1ana circulaba con las notas del d\u00eda&nbsp;y lo m\u00e1s destacado de la v\u00edspera.<\/p>\n\n\n\n<p class=\"wp-block-paragraph\">Fue el&nbsp;primer diario publicado a color y en offset&nbsp;en el entonces Distrito Federal. Atr\u00e1s quedaba el blanco y negro, ese negro de la tinta que manchaba las manos al hojear los diarios de la \u00e9poca.<\/p>\n\n\n\n<figure class=\"wp-block-image size-large\"><a href=\"https:\/\/redsemlac.com\/semmexico\/wp-content\/uploads\/2025\/10\/de-maquina-de-escribir-al-zoom-02.jpg\"><img loading=\"lazy\" decoding=\"async\" width=\"1024\" height=\"576\" src=\"https:\/\/redsemlac.com\/semmexico\/wp-content\/uploads\/2025\/10\/de-maquina-de-escribir-al-zoom-02-1024x576.jpg\" alt=\"\" class=\"wp-image-99922\" srcset=\"https:\/\/redsemlac.com\/semmexico\/wp-content\/uploads\/2025\/10\/de-maquina-de-escribir-al-zoom-02-1024x576.jpg 1024w, https:\/\/redsemlac.com\/semmexico\/wp-content\/uploads\/2025\/10\/de-maquina-de-escribir-al-zoom-02-300x169.jpg 300w, https:\/\/redsemlac.com\/semmexico\/wp-content\/uploads\/2025\/10\/de-maquina-de-escribir-al-zoom-02-768x432.jpg 768w, https:\/\/redsemlac.com\/semmexico\/wp-content\/uploads\/2025\/10\/de-maquina-de-escribir-al-zoom-02-150x84.jpg 150w, https:\/\/redsemlac.com\/semmexico\/wp-content\/uploads\/2025\/10\/de-maquina-de-escribir-al-zoom-02-696x392.jpg 696w, https:\/\/redsemlac.com\/semmexico\/wp-content\/uploads\/2025\/10\/de-maquina-de-escribir-al-zoom-02-1068x601.jpg 1068w, https:\/\/redsemlac.com\/semmexico\/wp-content\/uploads\/2025\/10\/de-maquina-de-escribir-al-zoom-02.jpg 1200w\" sizes=\"auto, (max-width: 1024px) 100vw, 1024px\" \/><\/a><\/figure>\n\n\n\n<p class=\"wp-block-paragraph\">El Sol de Mediod\u00eda&nbsp;era novedoso, era limpio. Sus fotos, n\u00edtidas. Sus contenidos, diferentes. Solo notas reporteadas, salvo las informaciones internacionales de las&nbsp;agencias&nbsp;<em>UPI&nbsp;<\/em>(United Press International),&nbsp;<em>AP<\/em>,&nbsp;<em>France Press<\/em>&nbsp;o&nbsp;<em>Reuters<\/em>.<\/p>\n\n\n\n<p class=\"wp-block-paragraph\">En 1963, Bertha Becerra se incorpor\u00f3 al grupo Garc\u00eda Valseca, y dos a\u00f1os m\u00e1s tarde form\u00f3 parte de la fundaci\u00f3n de El Sol de M\u00e9xico. Foto: Roberto Hern\u00e1ndez \/ El Sol de M\u00e9xico<\/p>\n\n\n\n<p class=\"wp-block-paragraph\">Fue el 25 de octubre de ese mismo a\u00f1o,&nbsp;1965, cuando vio la luz el diario matutino&nbsp;El Sol de M\u00e9xico,&nbsp;la edici\u00f3n a ocho columnas que hasta hace pocos a\u00f1os se convirti\u00f3 en un tabloide \u00e1gil, atractivo, f\u00e1cil de leer&nbsp;y de llevar.<\/p>\n\n\n\n<p class=\"wp-block-paragraph\">Y parece que fue ayer cuando comenc\u00e9 a reportear, porque el tiempo se pasa en un suspiro, en un abrir y cerrar de ojos, en este, \u201cel mejor oficio del mundo\u201d, como lo calific\u00f3&nbsp;Gabriel Garc\u00eda M\u00e1rquez.<\/p>\n\n\n\n<p class=\"wp-block-paragraph\">Parece que fue ayer cuando, con mucho entusiasmo, un c\u00famulo de energ\u00eda, expectante y todo un mundo fascinante por descubrir, ingres\u00e9 a las filas del periodismo en las p\u00e1ginas de&nbsp;El Sol de M\u00e9xico<em> Bertha Becerra, reportera de El Sol de M\u00e9xico<\/em><\/p>\n\n\n\n<p class=\"wp-block-paragraph\">Coincido y agrego que es&nbsp;fascinante, pero posesivo. Demandante. No tiene horario, pero es muy gratificante cuando tu trabajo se publica y cumples con la funci\u00f3n social de informar, de comunicar, de reportear en la&nbsp;capital de la Rep\u00fablica, cubrir informaciones en el interior del pa\u00eds y hacerlo en el extranjero, con la responsabilidad que eso implica en todos los \u00f3rdenes.<\/p>\n\n\n\n<p class=\"wp-block-paragraph\">Son 60 a\u00f1os, un devenir con varios directores, jefes de Informaci\u00f3n, hoy editores que jam\u00e1s me marcaron \u201cl\u00ednea\u201d en el manejo de la informaci\u00f3n.<\/p>\n\n\n\n<p class=\"wp-block-paragraph\">Eso s\u00ed, muy exigentes en buscar el mejor \u00e1ngulo, la mejor cobertura, porque \u00e9ramos y somos la&nbsp;organizaci\u00f3n editorial m\u00e1s grande de M\u00e9xico, con peri\u00f3dicos, estaciones de radio y sitios web.<\/p>\n\n\n\n<p class=\"wp-block-paragraph\">Bajo la direcci\u00f3n del coronel&nbsp;Jos\u00e9 Garc\u00eda Valseca, cuando un&nbsp;reportero&nbsp;sal\u00eda de&nbsp;enviado&nbsp;al extranjero viajaba en primera clase.<\/p>\n\n\n\n<p class=\"wp-block-paragraph\">\u201cSon enviados de la Cadena Garc\u00eda Valseca. Est\u00e1n disponibles las 24 horas para las informaciones y son representantes de&nbsp;<a href=\"https:\/\/www.oem.com.mx\/elheraldodechihuahua\/cultura\/presentan-en-la-facultad-de-filosofia-y-letras-el-libro-javier-dario-restrepo-el-faro-de-la-etica-de-jose-luis-jaque-26398755\" target=\"_blank\" rel=\"noreferrer noopener\">37 peri\u00f3dicos<\/a>, \u00a1no pueden viajar en clase turista!\u201d, dec\u00eda el coronel.<\/p>\n\n\n\n<p class=\"wp-block-paragraph\">Y esta reportera lo constat\u00f3 en viajes a Puerto Rico y a Buenos Aires, en Argentina.<\/p>\n\n\n\n<p class=\"wp-block-paragraph\">Ser reportera es un privilegio, un trabajo \u00fanico, una m\u00edstica. Lo mismo cubrir la&nbsp;informaci\u00f3n presidencial&nbsp;que las carencias en la mixteca oaxaque\u00f1a, donde faltan pizarrones, aulas, mesabancos y sillas, donde los ni\u00f1os, bajo la sombra de un \u00e1rbol, reciben clases de un profesor biling\u00fce sentados en piedras o en el mismo suelo.<\/p>\n\n\n\n<p class=\"wp-block-paragraph\">Ser&nbsp;reportera de la fuente religiosa&nbsp;en medio del Concilio Vaticano II en 1965, en pleno \u201caggiornamento\u201d de la Iglesia cat\u00f3lica, fue un privilegio. Dar a conocer la reforma lit\u00fargica, dejar atr\u00e1s el lat\u00edn para que los oficios fueran en las lenguas natales, informar que los sacerdotes oficiar\u00edan de frente, de cara a los fieles, y ya no m\u00e1s de espalda.<\/p>\n\n\n\n<p class=\"wp-block-paragraph\">Fue cuando la Iglesia cat\u00f3lica \u201cabri\u00f3\u201d la puerta al ecumenismo, al di\u00e1logo y colaboraci\u00f3n con otras iglesias cristianas. Todo un reto y una gran ense\u00f1anza.<\/p>\n\n\n\n<p class=\"wp-block-paragraph\">En&nbsp;El Sol de M\u00e9xico, en su edici\u00f3n de media ma\u00f1ana, empezaron a publicarse las notas de ocho columnas. Con las \u201cnuevas\u201d modificaciones lit\u00fargicas que en la Curia Metropolitana me descifraban.<\/p>\n\n\n\n<p class=\"wp-block-paragraph\">Y parece que fue ayer cuando comenc\u00e9 a reportear, porque el tiempo se pasa en un suspiro, en un abrir y cerrar de ojos, en este, \u201cel mejor oficio del mundo\u201d, como lo calific\u00f3 Gabriel Garc\u00eda M\u00e1rquez <em>Bertha Becerra, reportera de El Sol de M\u00e9xico<\/em><\/p>\n\n\n\n<p class=\"wp-block-paragraph\">O ser reportera en el&nbsp;lanzamiento del Skylab&nbsp;en Cabo Ca\u00f1averal, en Florida, desde el Centro Espacial Lyndon B. Johnson. Ah\u00ed estaba, en el&nbsp;Centro de Prensa, en mayo de 1973, con toda la angustia y responsabilidad que representaba un evento de tal magnitud.<\/p>\n\n\n\n<p class=\"wp-block-paragraph\">Recuerdo con mucha gratitud que haya autorizado mi primer viaje al extranjero el maestro Salvador Borrego Escalante.&nbsp;Cubr\u00eda la informaci\u00f3n de la Secretar\u00eda de Comunicaciones y Transportes&nbsp;(SCT). Fue a trav\u00e9s de una invitaci\u00f3n de la l\u00ednea a\u00e9rea australiana&nbsp;Qantas Airways.<\/p>\n\n\n\n<p class=\"wp-block-paragraph\">La salida, el 5 de febrero de 1965. La ruta, Ciudad de M\u00e9xico-Acapulco, donde se chec\u00f3 Migraci\u00f3n. Y de ah\u00ed por todo el Pac\u00edfico sur hasta Papeete, Nandi y Sidney: 31 horas con 50 minutos de vuelo, tras cruzar la l\u00ednea del tiempo.<\/p>\n\n\n\n<p class=\"wp-block-paragraph\">Primera vez que viajaba en avi\u00f3n. Primera vez que cubr\u00eda una informaci\u00f3n en el extranjero y con ello esa enorme responsabilidad profesional de salir a reportear al exterior.<\/p>\n\n\n\n<p class=\"wp-block-paragraph\"><strong>Viajes de Juan Pablo II<\/strong><\/p>\n\n\n\n<p class=\"wp-block-paragraph\">Cinco&nbsp;fueron los&nbsp;viajes apost\u00f3licos a M\u00e9xico&nbsp;del entonces&nbsp;Papa Juan Pablo II. El primer viaje al extranjero como Sumo Pont\u00edfice fue a nuestro pa\u00eds, en 1979. Estuvo en la Ciudad de M\u00e9xico, Puebla, Oaxaca, Guadalajara y Monterrey.<\/p>\n\n\n\n<p class=\"wp-block-paragraph\">Impresionante, impactante su recibimiento en la Catedral Metropolitana, donde se abri\u00f3 la puerta central para recibirlo.<\/p>\n\n\n\n<p class=\"wp-block-paragraph\">Su carisma, magnetismo y&nbsp;personalidad avasallantes, inigualables, lo mismo en su visita a la&nbsp;Virgen de Zapopan, en Guadalajara. En un veh\u00edculo descubierto y a pleno sol recorri\u00f3 toda la avenida Alcalde hasta llegar a la Bas\u00edlica zapopana. Ah\u00ed se quit\u00f3 el sombrero y salud\u00f3 militarmente a la tambi\u00e9n conocida como&nbsp;\u201cLa Generala de Jalisco\u201d.<\/p>\n\n\n\n<p class=\"wp-block-paragraph\">Ser reportera es un privilegio, un trabajo \u00fanico, una m\u00edstica. Lo mismo cubrir la informaci\u00f3n presidencial que las carencias en la mixteca oaxaque\u00f1a, donde faltan pizarrones, aulas, mesabancos y sillas, donde los ni\u00f1os, bajo la sombra de un \u00e1rbol, reciben clases de un profesor biling\u00fce sentados en piedras o en el mismo suelo<em>Bertha Becerra, reportera de El Sol de M\u00e9xico<\/em><\/p>\n\n\n\n<p class=\"wp-block-paragraph\">Y al despedirse, sin querer irse, desde el balc\u00f3n central de la Bas\u00edlica de Guadalupe, centenares de miles de fieles lo vitoreaban y dec\u00edan: \u00a1Juan Pablo, amigo ya eres mexicano!<\/p>\n\n\n\n<p class=\"wp-block-paragraph\">\u00c9l, emocionado, respond\u00eda: \u00a1Me voy, pero me quedo! Y rese\u00f1ar esto que ya es historia.<\/p>\n\n\n\n<p class=\"wp-block-paragraph\">Tambi\u00e9n inolvidable el cubrir, en el Aeropuerto Internacional de M\u00e9rida, al Papa Juan Pablo II, hoy San Juan Pablo, en su viaje en&nbsp;1992, cuando se restablecieron las&nbsp;relaciones diplom\u00e1ticas con el Vaticano.<\/p>\n\n\n\n<p class=\"wp-block-paragraph\">La gobernadora priista de Yucat\u00e1n, Dulce Mar\u00eda Sauri, ataviada con su bello atuendo de mestiza lo recibi\u00f3 al pie del avi\u00f3n de Alitalia.<\/p>\n\n\n\n<p class=\"wp-block-paragraph\">Y c\u00f3mo olvidar que despu\u00e9s de descender de la escalinata, al poner sus pies en suelo mexicano se hinc\u00f3 y bes\u00f3 nuestra tierra.<\/p>\n\n\n\n<p class=\"wp-block-paragraph\"><a href=\"https:\/\/oem.com.mx\/elsoldemexico\/mexico\/innovar-y-escuchar-los-retos-para-los-nuevos-tiempos-26456655\"><\/a><\/p>\n\n\n\n<p class=\"wp-block-paragraph\"><a href=\"https:\/\/oem.com.mx\/elsoldemexico\/mexico\/innovar-y-escuchar-los-retos-para-los-nuevos-tiempos-26456655\">Esas son las palabras que resumen el desaf\u00edo de El Sol M\u00e9xico en su 60 aniversario. Innovar en contenidos y las formas de transmitir historias, adem\u00e1s de escuchar a las audiencias para ser sensibles a las tem\u00e1ticas que marcan sus vidas<\/a><\/p>\n\n\n\n<p class=\"wp-block-paragraph\"><strong>Conocer el territorio nacional<\/strong><\/p>\n\n\n\n<p class=\"wp-block-paragraph\">Cubrir las&nbsp;fuentes agrarias y agr\u00edcolas, \u00a1qu\u00e9 gran experiencia! Conocer y narrar la&nbsp;problem\u00e1tica agraria, la dotaci\u00f3n de los ejidos y la lucha por su regularizaci\u00f3n, junto con la gran aportaci\u00f3n de los peque\u00f1os propietarios.<\/p>\n\n\n\n<p class=\"wp-block-paragraph\">Reportear el campo, conocer a los agricultores y visibilizar frente a los&nbsp;lectores urbanos&nbsp;que sin campesinos no hay alimentos en las mesas de los mexicanos son lecciones que perduran, medio siglo despu\u00e9s.<\/p>\n\n\n\n<p class=\"wp-block-paragraph\">No pod\u00eda ser una&nbsp;reportera del campo&nbsp;en la&nbsp;<a href=\"https:\/\/www.oem.com.mx\/elsoldemexico\/mexico\/conmemora-el-senado-72-anos-del-decreto-que-permitio-el-voto-de-las-mujeres-en-mexico-26403956\" target=\"_blank\" rel=\"noreferrer noopener\">Ciudad de M\u00e9xico<\/a>. Tuve la suerte de conocer mi pa\u00eds y recorrerlo en todas sus regiones, lo mismo en avioneta que en autob\u00fas, en camioneta, en auto o a pie.<\/p>\n\n\n\n<p class=\"wp-block-paragraph\">La riqueza y bonanza del noroeste: desde&nbsp;Nayarit&nbsp;y su producci\u00f3n de tabaco, cuando fumar no estaba estigmatizado y era una fuente de riqueza para los productores.<\/p>\n\n\n\n<p class=\"wp-block-paragraph\">Sinaloa y sus organizaciones de productores de hortalizas, de ma\u00edz blanco, que en la d\u00e9cada de los&nbsp;a\u00f1os 70&nbsp;compet\u00edan con los&nbsp;agricultores de Jalisco y los de La Fraylesca, en Chiapas, por aportar los mejores granos y la primac\u00eda en este vital cultivo.<\/p>\n\n\n\n<p class=\"wp-block-paragraph\">En&nbsp;Sonora, la producci\u00f3n de trigo en los campos de los mayos. Ver mecerse por el viento las espigas doradas y las decenas de m\u00e1quinas en la siega, levantando las cosechas.<\/p>\n\n\n\n<figure class=\"wp-block-image size-large\"><a href=\"https:\/\/redsemlac.com\/semmexico\/wp-content\/uploads\/2025\/10\/de-maquina-de-escribir-al-zoom-03.jpg\"><img loading=\"lazy\" decoding=\"async\" width=\"1024\" height=\"575\" src=\"https:\/\/redsemlac.com\/semmexico\/wp-content\/uploads\/2025\/10\/de-maquina-de-escribir-al-zoom-03-1024x575.jpg\" alt=\"\" class=\"wp-image-99921\" srcset=\"https:\/\/redsemlac.com\/semmexico\/wp-content\/uploads\/2025\/10\/de-maquina-de-escribir-al-zoom-03-1024x575.jpg 1024w, https:\/\/redsemlac.com\/semmexico\/wp-content\/uploads\/2025\/10\/de-maquina-de-escribir-al-zoom-03-300x169.jpg 300w, https:\/\/redsemlac.com\/semmexico\/wp-content\/uploads\/2025\/10\/de-maquina-de-escribir-al-zoom-03-768x431.jpg 768w, https:\/\/redsemlac.com\/semmexico\/wp-content\/uploads\/2025\/10\/de-maquina-de-escribir-al-zoom-03-150x84.jpg 150w, https:\/\/redsemlac.com\/semmexico\/wp-content\/uploads\/2025\/10\/de-maquina-de-escribir-al-zoom-03-696x391.jpg 696w, https:\/\/redsemlac.com\/semmexico\/wp-content\/uploads\/2025\/10\/de-maquina-de-escribir-al-zoom-03-1068x600.jpg 1068w, https:\/\/redsemlac.com\/semmexico\/wp-content\/uploads\/2025\/10\/de-maquina-de-escribir-al-zoom-03.jpg 1200w\" sizes=\"auto, (max-width: 1024px) 100vw, 1024px\" \/><\/a><\/figure>\n\n\n\n<p class=\"wp-block-paragraph\">La reportera Bertha Becerra en las instalaciones de la Organizaci\u00f3n Editorial Mexicana.&nbsp;\/&nbsp;Foto: Roberto Hern\u00e1ndez \/El Sol de M\u00e9xico<\/p>\n\n\n\n<p class=\"wp-block-paragraph\">Conocer el&nbsp;Valle de San Quint\u00edn, en Baja California, y su producci\u00f3n agr\u00edcola de exportaci\u00f3n perduran en mi memoria.<\/p>\n\n\n\n<p class=\"wp-block-paragraph\">En&nbsp;Mexicali, los campos con las bellotas blancas en flor de algod\u00f3n, uno de los mejores del mundo que compet\u00edan con el algod\u00f3n egipcio por la calidad de la fibra. Cultivo que casi desapareci\u00f3 de esta regi\u00f3n, as\u00ed como en la Comarca Lagunera.<\/p>\n\n\n\n<p class=\"wp-block-paragraph\">Platicar,&nbsp;entrevistar&nbsp;a los productores de sorgo en&nbsp;Tamaulipas&nbsp;y sus imponentes monta\u00f1as de este cereal color bermell\u00f3n intenso, en esos atardeceres de calor intenso.<\/p>\n\n\n\n<p class=\"wp-block-paragraph\">Internarse en el&nbsp;Soconusco&nbsp;entre cafetales y cacaoteros. Ver legiones de&nbsp;guatemaltecos&nbsp;en la pizca, el corte del caf\u00e9 en las fincas cafetaleras para su venta en el exterior.<\/p>\n\n\n\n<p class=\"wp-block-paragraph\">Visitar las&nbsp;cuencas lecheras en Jalisco, en la zona de Los Altos, donde las y los productores no descansan ni un solo d\u00eda, porque hay que orde\u00f1ar las pesadas ubres de las vacas, ma\u00f1ana y tarde.<\/p>\n\n\n\n<p class=\"wp-block-paragraph\">Conocer el campo y su riqueza, su problem\u00e1tica y su empe\u00f1o fue motivo para que don&nbsp;Mario V\u00e1zquez Ra\u00f1a, pensara en la creaci\u00f3n de&nbsp;El Sol del Campo.<\/p>\n\n\n\n<p class=\"wp-block-paragraph\">Fue un&nbsp;\u00e9xito su edici\u00f3n&nbsp;a finales de la d\u00e9cada de los 70, cuando la agricultura y la ganader\u00eda vivieron a\u00f1os de auge.<\/p>\n\n\n\n<p class=\"wp-block-paragraph\">El Sol de M\u00e9xico, siempre pionero en cuanto a tecnolog\u00eda, me habilit\u00f3. Esta reportera fue la primera en usar computadora para mandar su material informativo. En las salas de prensa tuvieron que habilitar una l\u00ednea telef\u00f3nica para conectar mi equipo<em> Bertha Becerra, reportera de El Sol de M\u00e9xico<\/em><\/p>\n\n\n\n<p class=\"wp-block-paragraph\"><strong>Cubrir la fuente presidencial<\/strong><\/p>\n\n\n\n<p class=\"wp-block-paragraph\">Otra gran responsabilidad fue cubrir la&nbsp;fuente presidencial. Como suplente con el entonces Primer Mandatario,&nbsp;Jos\u00e9 L\u00f3pez Portillo, y m\u00e1s tarde con Carlos Salinas de Gortari como reportera acreditada.<\/p>\n\n\n\n<p class=\"wp-block-paragraph\">Fue una etapa de&nbsp;viajes por toda la Rep\u00fablica&nbsp;y estar presente cotidianamente en la&nbsp;Residencia Oficial de Los Pinos. Solo en las recepciones de Jefes de Estado de visita oficial y algunas entregas de cartas credenciales de los embajadores se acud\u00eda a&nbsp;Palacio Nacional.<\/p>\n\n\n\n<p class=\"wp-block-paragraph\">Y, por supuesto, las&nbsp;Fiestas Patrias, la ceremonia del Grito, el 15 de septiembre; el 16 de septiembre, la ceremonia en Paseo de la Reforma, frente a la glorieta de El \u00c1ngel, previo al&nbsp;Desfile Militar.<\/p>\n\n\n\n<p class=\"wp-block-paragraph\">Intensas giras de trabajo por toda la Rep\u00fablica. En ese sexenio, las y los reporteros viaj\u00e1bamos en un avi\u00f3n aparte, el inolvidable Francisco Zarco.<\/p>\n\n\n\n<p class=\"wp-block-paragraph\">La&nbsp;Log\u00edstica del Estado Mayor Presidencial&nbsp;impon\u00eda que sali\u00e9ramos unas horas antes que el Jefe del Ejecutivo en el avi\u00f3n presidencial.<\/p>\n\n\n\n<p class=\"wp-block-paragraph\">Siempre esper\u00e1bamos en las plataformas de los aeropuertos al Presidente de la Rep\u00fablica y desde ah\u00ed, juntos con la comitiva presidencial, la fuente cubr\u00eda la informaci\u00f3n.<\/p>\n\n\n\n<p class=\"wp-block-paragraph\">En cada fuente, en cada sector, llega el reportero a aprender. La cobertura del Poder Legislativo no se improvisa. Se aprende. Se tiene que estudiar la Constituci\u00f3n, la Carta Magna<em> Bertha Becerra, reportera de El Sol de M\u00e9xico<\/em><\/p>\n\n\n\n<p class=\"wp-block-paragraph\">El Sol de M\u00e9xico, siempre pionero en cuanto a&nbsp;tecnolog\u00eda, me habilit\u00f3. Esta reportera fue la&nbsp;primera en usar computadora&nbsp;para mandar su material informativo. En las salas de prensa tuvieron que habilitar una l\u00ednea telef\u00f3nica para conectar mi equipo.<\/p>\n\n\n\n<p class=\"wp-block-paragraph\">Pero en viajes internacionales como a China, a sufrir porque era imposible enlazarse desde el Pek\u00edn de entonces a la Ciudad de M\u00e9xico.<\/p>\n\n\n\n<p class=\"wp-block-paragraph\">Mis compa\u00f1eros de fuente, entre otros Joaqu\u00edn L\u00f3pez D\u00f3riga, reportero de&nbsp;El Heraldo de M\u00e9xico, me dec\u00eda: \u201cTraes tu computadora para dictar\u201d. Y no hab\u00eda otra manera.<\/p>\n\n\n\n<p class=\"wp-block-paragraph\">El&nbsp;jefe de Informaci\u00f3n, en esa \u00e9poca Roberto Aguilar (QEPD), era quien, pacientemente, me tomaba el dictado.<\/p>\n\n\n\n<p class=\"wp-block-paragraph\">Mi computadora era una Toshiba port\u00e1til muy buena, pero muy pesada.<\/p>\n\n\n\n<p class=\"wp-block-paragraph\">En esa misma gira, al llegar de Shangh\u00e1i a Tokio, la&nbsp;Sala de Prensa&nbsp;en uno de los rascacielos de la capital nipona, subimos a un piso cincuenta y tantos. Me conect\u00e9 con un mensaje a&nbsp;Redacci\u00f3n&nbsp;y, rauda y veloz, mi Toshiba reconoci\u00f3 su lugar de origen y envi\u00f3 mi mensaje.<\/p>\n\n\n\n<p class=\"wp-block-paragraph\"><strong>Tokio modern\u00edsimo. China no lo era, gran diferencia.<\/strong><\/p>\n\n\n\n<p class=\"wp-block-paragraph\"><strong>Cobertura en Finanzas<\/strong><\/p>\n\n\n\n<p class=\"wp-block-paragraph\">Tambi\u00e9n&nbsp;cubr\u00ed el sector financiero: Secretar\u00eda de Hacienda y Cr\u00e9dito P\u00fablico, Secretar\u00eda de Programaci\u00f3n y Presupuesto, el Banco de M\u00e9xico, la Asociaci\u00f3n de Banqueros, la Bolsa Mexicana de Valores.<\/p>\n\n\n\n<p class=\"wp-block-paragraph\">Toda una experiencia en el sentido literal de la palabra. Viajes a Washington, sede del Fondo Monetario Internacional (FMI), del Banco Mundial (BM), a sus reuniones anuales.<\/p>\n\n\n\n<p class=\"wp-block-paragraph\">Ir a Nueva York, a la colocaci\u00f3n de bonos de Tel\u00e9fonos de M\u00e9xico, en Wall Street.<\/p>\n\n\n\n<p class=\"wp-block-paragraph\"><strong>Aprender el lenguaje legislativo<\/strong><\/p>\n\n\n\n<p class=\"wp-block-paragraph\">En cada fuente, en cada sector, llega el reportero a aprender. La cobertura del Poder Legislativo no se improvisa. Se aprende. Se tiene que estudiar la&nbsp;Constituci\u00f3n, la Carta Magna.<\/p>\n\n\n\n<p class=\"wp-block-paragraph\">El proceso legislativo&nbsp;tiene sus tiempos, sus nombres, sus adjetivos, su raz\u00f3n de ser de las leyes y procedimientos. Es un mundo atractivo, singular, fascinante.<\/p>\n\n\n\n<p class=\"wp-block-paragraph\">Fueron m\u00e1s de&nbsp;tres lustros cubriendo el Senado de la Rep\u00fablica, donde escuchar planteamientos de tribunos como Diego Fern\u00e1ndez de Cevallos, Enrique Jackson Ram\u00edrez (QEPD), Jos\u00e9 Trinidad Lanz, eran verdaderas c\u00e1tedras.<\/p>\n\n\n\n<p class=\"wp-block-paragraph\">Era de apreciar un joven zacatecano y una seria sinaloense, a quienes en los peque\u00f1os cub\u00edculos de la&nbsp;Vieja Casona de Xicot\u00e9ncatl&nbsp;siempre se les ve\u00eda estudiando. S\u00ed, eran los senadores priistas Ricardo Monreal \u00c1vila y Martha Sof\u00eda Tamayo Morales. Ambos cursaban la maestr\u00eda y doctorado en Derecho.<\/p>\n\n\n\n<p class=\"wp-block-paragraph\">Toda una experiencia y aprendizaje&nbsp;hacer cr\u00f3nica de las largas sesiones&nbsp;y las \u00e1lgidas discusiones.<\/p>\n\n\n\n<p class=\"wp-block-paragraph\">M\u00e1s tarde, al cubrir la C\u00e1mara de Diputados, en San L\u00e1zaro, nuevo&nbsp;aprendizaje sobre el Presupuesto, sus asignaciones y reasignaciones. Mismo lenguaje legislativo, profunda trascendencia social.<\/p>\n\n\n\n<p class=\"wp-block-paragraph\">M\u00e1s crudas e incisivas las discusiones en San L\u00e1zaro, a diferencia de la alta diplomacia legislativa en la C\u00e1mara Alta. Muchas las razones: 500 diputados y s\u00f3lo 128 senadores.<\/p>\n\n\n\n<p class=\"wp-block-paragraph\"><a href=\"https:\/\/oem.com.mx\/elsoldemexico\/mexico\/sip-26323780\"><\/a><\/p>\n\n\n\n<p class=\"wp-block-paragraph\"><a href=\"https:\/\/oem.com.mx\/elsoldemexico\/mexico\/sip-26323780\">M\u00c9XICO<\/a><\/p>\n\n\n\n<p class=\"wp-block-paragraph\"><a href=\"https:\/\/oem.com.mx\/elsoldemexico\/mexico\/sip-26323780\">Sin periodismo libre y multilateralismo, la democracia se vuelve temeraria: Laura Gil, secretaria general adjunta de la OEA<\/a><\/p>\n\n\n\n<p class=\"wp-block-paragraph\"><a href=\"https:\/\/oem.com.mx\/elsoldemexico\/mexico\/sip-26323780\">La secretaria general adjunta de la Organizaci\u00f3n de los Estados Americanos hizo un llamado a periodistas y diplom\u00e1ticos a recuperar la confianza p\u00fablica<\/a><\/p>\n\n\n\n<p class=\"wp-block-paragraph\">Diplomacia, un paso fugaz pero intenso<\/p>\n\n\n\n<p class=\"wp-block-paragraph\">Tambi\u00e9n&nbsp;cubr\u00ed la fuente de Relaciones Exteriores, las embajadas y consulados&nbsp;de los pa\u00edses acreditados en M\u00e9xico.<\/p>\n\n\n\n<p class=\"wp-block-paragraph\">Interesante conocer, de primera mano con los embajadores, las&nbsp;relaciones diplom\u00e1ticas,&nbsp;los intercambios comerciales, educativos y culturales que M\u00e9xico tiene con el resto del orbe.<\/p>\n\n\n\n<p class=\"wp-block-paragraph\">Me toc\u00f3 cubrir el paso de Luis Videgaray como secretario de Relaciones Exteriores con el presidente Enrique Pe\u00f1a Nieto, de enero de 2017 a noviembre de 2018.<\/p>\n\n\n\n<p class=\"wp-block-paragraph\">Y de Marcelo Ebrard Casaub\u00f3n, en 2018, ya con el presidente Andr\u00e9s Manuel L\u00f3pez Obrador.<\/p>\n\n\n\n<p class=\"wp-block-paragraph\"><strong>La pandemia del Covid-19<\/strong><\/p>\n\n\n\n<p class=\"wp-block-paragraph\">En el a\u00f1o&nbsp;2020, junto con mi compa\u00f1ero Rafael Ram\u00edrez cubr\u00edamos C\u00e1mara de Diputados.&nbsp;Lleg\u00f3 el Covid-19 y se cerraron las puertas en San L\u00e1zaro, como en todas las oficinas y dependencias p\u00fablicas.<\/p>\n\n\n\n<p class=\"wp-block-paragraph\">De entonces a la fecha hago home office. La cobertura se hace a trav\u00e9s de zoom: conferencias de prensa, entrevistas. Y permanece, por la facilidad de la comunicaci\u00f3n.<\/p>\n\n\n\n<p class=\"wp-block-paragraph\">Cubro las fuentes de Trabajo y Agr\u00edcolas, tanto de manera presencial como a distancia, en entrevistas virtuales.<\/p>\n\n\n\n<p class=\"wp-block-paragraph\">Y as\u00ed sigo, ya&nbsp;en v\u00edsperas de cumplir 62 a\u00f1os en este oficio&nbsp;el pr\u00f3ximo 4 de noviembre, siempre como orgullosa reportera de&nbsp;El Sol de M\u00e9xico.<\/p>\n\n\n\n<p class=\"wp-block-paragraph\"><a href=\"https:\/\/oem.com.mx\/elsoldemexico\/analisis\/autor\/bertha-becerra-1236\"><\/a><\/p>\n\n\n\n<p class=\"wp-block-paragraph\"><a href=\"https:\/\/oem.com.mx\/elsoldemexico\/analisis\/autor\/bertha-becerra-1236\">Bertha&nbsp;Becerra :<\/a>Seis d\u00e9cadas de reportera y contando. La lectura es mi vicio. Cubro las informaciones del mundo del trabajo y agropecuario.<\/p>\n","protected":false},"excerpt":{"rendered":"<p>Hiroshi Takahashi, director de El Sol de M\u00e9xico, la periodista Bertha Becerra, Francisco Torres V\u00e1zquez, Vicepresidente Ejecutivo de OEM y Francisco Torres Cano, Director General de Ventas y de Estudios Tepeyac.&nbsp;\/&nbsp;Foto: Romina Sol\u00eds \/El Sol de M\u00e9xico La reportera Bertha Becerra relata su experiencia en El Sol de M\u00e9xico, en v\u00edsperas de cumplir 62 a\u00f1os [&hellip;]<\/p>\n","protected":false},"author":3,"featured_media":99923,"comment_status":"open","ping_status":"open","sticky":false,"template":"","format":"standard","meta":{"_monsterinsights_skip_tracking":false,"footnotes":""},"categories":[694],"tags":[],"class_list":["post-99920","post","type-post","status-publish","format-standard","has-post-thumbnail","category-destacadas"],"_links":{"self":[{"href":"https:\/\/redsemlac.com\/semmexico\/wp-json\/wp\/v2\/posts\/99920","targetHints":{"allow":["GET"]}}],"collection":[{"href":"https:\/\/redsemlac.com\/semmexico\/wp-json\/wp\/v2\/posts"}],"about":[{"href":"https:\/\/redsemlac.com\/semmexico\/wp-json\/wp\/v2\/types\/post"}],"author":[{"embeddable":true,"href":"https:\/\/redsemlac.com\/semmexico\/wp-json\/wp\/v2\/users\/3"}],"replies":[{"embeddable":true,"href":"https:\/\/redsemlac.com\/semmexico\/wp-json\/wp\/v2\/comments?post=99920"}],"version-history":[{"count":0,"href":"https:\/\/redsemlac.com\/semmexico\/wp-json\/wp\/v2\/posts\/99920\/revisions"}],"wp:featuredmedia":[{"embeddable":true,"href":"https:\/\/redsemlac.com\/semmexico\/wp-json\/wp\/v2\/media\/99923"}],"wp:attachment":[{"href":"https:\/\/redsemlac.com\/semmexico\/wp-json\/wp\/v2\/media?parent=99920"}],"wp:term":[{"taxonomy":"category","embeddable":true,"href":"https:\/\/redsemlac.com\/semmexico\/wp-json\/wp\/v2\/categories?post=99920"},{"taxonomy":"post_tag","embeddable":true,"href":"https:\/\/redsemlac.com\/semmexico\/wp-json\/wp\/v2\/tags?post=99920"}],"curies":[{"name":"wp","href":"https:\/\/api.w.org\/{rel}","templated":true}]}}