{"id":99911,"date":"2025-10-25T16:12:50","date_gmt":"2025-10-25T22:12:50","guid":{"rendered":"https:\/\/redsemlac.com\/semmexico\/?p=99911"},"modified":"2025-10-25T16:12:51","modified_gmt":"2025-10-25T22:12:51","slug":"el-sol-de-mexico-60-anos-como-pionero-del-periodismo-moderno-en-america-latina","status":"publish","type":"post","link":"https:\/\/redsemlac.com\/semmexico\/el-sol-de-mexico-60-anos-como-pionero-del-periodismo-moderno-en-america-latina\/","title":{"rendered":"El Sol de M\u00e9xico: 60 a\u00f1os como pionero del periodismo moderno en Am\u00e9rica Latina"},"content":{"rendered":"\n<p class=\"wp-block-paragraph\">Testigo y protagonista de seis d\u00e9cadas de transformaci\u00f3n pol\u00edtica, social y tecnol\u00f3gica; hoy reafirma su compromiso con una ciudadan\u00eda cr\u00edtica y plural en la era digital<\/p>\n\n\n\n<p class=\"wp-block-paragraph\">La llegada del hombre a la luna fue una de las portadas m\u00e1s enigm\u00e1ticas de El Sol de M\u00e9xico<\/p>\n\n\n\n<p class=\"wp-block-paragraph\">Ha documentado el surgimiento de la&nbsp;sociedad civil&nbsp;organizada y <strong>el paulatino empoderamiento de las mujeres, <\/strong>como laconsolidaci\u00f3n de la ciudadan\u00eda&nbsp; <a href=\"https:\/\/whatsapp.com\/channel\/0029Va7IpF5Id7nJvkxFt02Q\"><\/a><a href=\"https:\/\/news.google.com\/s\/CBIwrbqeozY\"><\/a><\/p>\n\n\n\n<p class=\"wp-block-paragraph\">Juan Carlos Rodr\u00edguez<\/p>\n\n\n\n<p class=\"wp-block-paragraph\">SemM\u00e9xico \/ El Sol de M\u00e9xico, Cd. de M\u00e9xico, 25 de octubre, 2025.- Hoy, al conmemorar el&nbsp;sexag\u00e9simo&nbsp;aniversario de su fundaci\u00f3n,&nbsp;<em>El Sol de M\u00e9xico<\/em>&nbsp;se erige como un faro perseverante en el&nbsp;periodismo mexicano.<\/p>\n\n\n\n<p class=\"wp-block-paragraph\">Nacido el 25 de octubre de 1965, en pleno&nbsp;\u201cmilagro econ\u00f3mico\u201d,&nbsp;este diario no s\u00f3lo ha sido testigo de&nbsp;seis d\u00e9cadas&nbsp;de transformaciones sociales, pol\u00edticas y tecnol\u00f3gicas, sino que ha sido un&nbsp;agente activo&nbsp;en su configuraci\u00f3n.<\/p>\n\n\n\n<p class=\"wp-block-paragraph\">Fundado por el visionario&nbsp;empresario period\u00edstico&nbsp;Jos\u00e9 Garc\u00eda Valseca,&nbsp;El Sol&nbsp;irrumpi\u00f3 como el primer peri\u00f3dico impreso en offset y&nbsp;a colores&nbsp;en Am\u00e9rica Latina, lo que permiti\u00f3&nbsp;tirajes masivos,&nbsp;reduciendo costos y expandiendo el acceso a la informaci\u00f3n visual y atractiva para clases&nbsp;medias y populares.<\/p>\n\n\n\n<figure class=\"wp-block-image size-large\"><a href=\"https:\/\/redsemlac.com\/semmexico\/wp-content\/uploads\/2025\/10\/el-sol-60-anos-02.jpg\"><img loading=\"lazy\" decoding=\"async\" width=\"1024\" height=\"576\" src=\"https:\/\/redsemlac.com\/semmexico\/wp-content\/uploads\/2025\/10\/el-sol-60-anos-02-1024x576.jpg\" alt=\"\" class=\"wp-image-99913\"\/><\/a><\/figure>\n\n\n\n<p class=\"wp-block-paragraph\"><a href=\"https:\/\/oem.com.mx\/elsoldemexico\/mexico\/de-la-maquina-de-escribir-al-zoom-mi-vida-en-el-sol-de-mexico-26457728\"><\/a><\/p>\n\n\n\n<p class=\"wp-block-paragraph\"><a href=\"https:\/\/oem.com.mx\/elsoldemexico\/mexico\/de-la-maquina-de-escribir-al-zoom-mi-vida-en-el-sol-de-mexico-26457728\">De la m\u00e1quina de escribir al Zoom: Mi vida en El Sol de M\u00e9xico&nbsp; Y aqu\u00ed sigo, en v\u00edsperas de cumplir 62 a\u00f1os en este oficio, el pr\u00f3ximo 4 de noviembre, siempre como orgullosa reportera de este diario<\/a><\/p>\n\n\n\n<p class=\"wp-block-paragraph\">Un cambio de siglo,&nbsp;11 sucesiones presidenciales&nbsp;y tres alternancias en el Poder Ejecutivo han transcurrido desde la aparici\u00f3n de&nbsp;<em>El Sol de M\u00e9xico<\/em>, que a trav\u00e9s de sus p\u00e1ginas ha documentado la&nbsp;evoluci\u00f3n democr\u00e1tica&nbsp;del pa\u00eds y hoy comprende que su raz\u00f3n de ser es brindar informaci\u00f3n a una&nbsp;ciudadan\u00eda hiperconectada,&nbsp;cr\u00edtica, plural, inclusiva y exigente de contenidos multiplataforma.<\/p>\n\n\n\n<p class=\"wp-block-paragraph\">Son&nbsp;21 mil 629&nbsp;n\u00fameros que van desde la \u00e9poca del&nbsp;priismo hegem\u00f3nico&nbsp;hasta la alternancia del a\u00f1o 2000 y de ah\u00ed al arribo de la izquierda al poder; registros que han dado cuenta de&nbsp;la llegada&nbsp;del hombre a la Luna hasta la irrupci\u00f3n de la&nbsp;inteligencia artificial.<\/p>\n\n\n\n<figure class=\"wp-block-image size-full\"><a href=\"https:\/\/redsemlac.com\/semmexico\/wp-content\/uploads\/2025\/10\/el-sol-60-anos-03.jpg\"><img loading=\"lazy\" decoding=\"async\" width=\"1000\" height=\"623\" src=\"https:\/\/redsemlac.com\/semmexico\/wp-content\/uploads\/2025\/10\/el-sol-60-anos-03.jpg\" alt=\"\" class=\"wp-image-99914\" srcset=\"https:\/\/redsemlac.com\/semmexico\/wp-content\/uploads\/2025\/10\/el-sol-60-anos-03.jpg 1000w, https:\/\/redsemlac.com\/semmexico\/wp-content\/uploads\/2025\/10\/el-sol-60-anos-03-300x187.jpg 300w, https:\/\/redsemlac.com\/semmexico\/wp-content\/uploads\/2025\/10\/el-sol-60-anos-03-768x478.jpg 768w, https:\/\/redsemlac.com\/semmexico\/wp-content\/uploads\/2025\/10\/el-sol-60-anos-03-150x93.jpg 150w, https:\/\/redsemlac.com\/semmexico\/wp-content\/uploads\/2025\/10\/el-sol-60-anos-03-696x434.jpg 696w\" sizes=\"auto, (max-width: 1000px) 100vw, 1000px\" \/><\/a><\/figure>\n\n\n\n<p class=\"wp-block-paragraph\">El Sol de M\u00e9xico&nbsp;ha documentado el surgimiento de la&nbsp;sociedad civil&nbsp;organizada y <strong>el paulatino empoderamiento de las mujeres <\/strong>hasta la consolidaci\u00f3n de los ciudadanos como&nbsp;figuras activas&nbsp;de la vida p\u00fablica a trav\u00e9s de las&nbsp;redes sociales.<\/p>\n\n\n\n<p class=\"wp-block-paragraph\">\u201cSi en M\u00e9xico existen&nbsp;todas las libertades,&nbsp;menos la de acabar con la libertad, entre todas ellas descuella la de&nbsp;expresi\u00f3n,&nbsp;porque es piedra de toque de todo r\u00e9gimen pol\u00edtico\u201d, dec\u00eda hace 60 a\u00f1os&nbsp;el editorial&nbsp;en el que se anunci\u00f3 la salida de&nbsp;El Sol de M\u00e9xico.<\/p>\n\n\n\n<p class=\"wp-block-paragraph\">Corr\u00edan los a\u00f1os de la&nbsp;Guerra Fr\u00eda&nbsp;y sus protagonistas, Estados Unidos y la Uni\u00f3n Sovi\u00e9tica, patrocinaban conflictos&nbsp;en todos&nbsp;los continentes. En ese contexto,&nbsp;El Sol de M\u00e9xico&nbsp;expresaba que \u201cel d\u00eda que los mexicanos&nbsp;nos dej\u00e1ramos&nbsp;uncir por los internacionalismos que hoy se disputan el&nbsp;dominio del mundo,&nbsp;dejar\u00edamos de ser mexicanos, porque dejar\u00edamos de&nbsp;ser libres\u201d.<\/p>\n\n\n\n<p class=\"wp-block-paragraph\">Sobre&nbsp;el significado&nbsp;del cabezal, el editorial de lanzamiento refiere que el naciente peri\u00f3dico \u201ces \u2018Sol\u2019, del cual&nbsp;huye la sombra,&nbsp;la traici\u00f3n y la duda. Es \u2018de M\u00e9xico\u2019, en el que&nbsp;esplende la libertad,&nbsp;se acelera el progreso y se anuncia ya un&nbsp;futuro promisor\u201d.<\/p>\n\n\n\n<figure class=\"wp-block-image size-full\"><a href=\"https:\/\/redsemlac.com\/semmexico\/wp-content\/uploads\/2025\/10\/el-sol-60-anos-04.jpg\"><img loading=\"lazy\" decoding=\"async\" width=\"1000\" height=\"623\" src=\"https:\/\/redsemlac.com\/semmexico\/wp-content\/uploads\/2025\/10\/el-sol-60-anos-04.jpg\" alt=\"\" class=\"wp-image-99915\" srcset=\"https:\/\/redsemlac.com\/semmexico\/wp-content\/uploads\/2025\/10\/el-sol-60-anos-04.jpg 1000w, https:\/\/redsemlac.com\/semmexico\/wp-content\/uploads\/2025\/10\/el-sol-60-anos-04-300x187.jpg 300w, https:\/\/redsemlac.com\/semmexico\/wp-content\/uploads\/2025\/10\/el-sol-60-anos-04-768x478.jpg 768w, https:\/\/redsemlac.com\/semmexico\/wp-content\/uploads\/2025\/10\/el-sol-60-anos-04-150x93.jpg 150w, https:\/\/redsemlac.com\/semmexico\/wp-content\/uploads\/2025\/10\/el-sol-60-anos-04-696x434.jpg 696w\" sizes=\"auto, (max-width: 1000px) 100vw, 1000px\" \/><\/a><\/figure>\n\n\n\n<p class=\"wp-block-paragraph\">Aquel d\u00eda, la&nbsp;nota principal&nbsp;fue un discurso del presidente Gustavo D\u00edaz Ordaz, quien cursaba su&nbsp;segundo a\u00f1o&nbsp;de gobierno y promet\u00eda ejercer el cargo&nbsp;\u201csin consentidos&nbsp;ni discriminados\u201d.<\/p>\n\n\n\n<p class=\"wp-block-paragraph\">En la&nbsp;foto principal&nbsp;aparece monse\u00f1or Jos\u00e9 Villal\u00f3n Mercado,&nbsp;obispo auxiliar&nbsp;de M\u00e9xico, al momento de bendecir&nbsp;al personal&nbsp;y las instalaciones del&nbsp;nuevo peri\u00f3dico.<a href=\"https:\/\/oem.com.mx\/elsoldemexico\/mexico\/sip-denuncia-que-acoso-judicial-es-principal-mecanismo-para-censurar-a-periodistas-en-las-americas-26335407\"><\/a><\/p>\n\n\n\n<p class=\"wp-block-paragraph\"><a href=\"https:\/\/oem.com.mx\/elsoldemexico\/mexico\/sip-denuncia-que-acoso-judicial-es-principal-mecanismo-para-censurar-a-periodistas-en-las-americas-26335407\">Martha Ramos, presidenta de la Comisi\u00f3n de Libertad de Prensa e Informaci\u00f3n, manifest\u00f3 que el deterioro de la libertad de expresi\u00f3n amenaza los principios democr\u00e1ticos en el continente<\/a><\/p>\n\n\n\n<p class=\"wp-block-paragraph\">\u201cYo creo que&nbsp;El Sol de M\u00e9xico, y Los soles en general, han sido una presencia que define en buena medida lo que somos&nbsp;los mexicanos,&nbsp;con todas nuestras contradicciones\u201d, opina el ensayista&nbsp;Humberto Musacchio,&nbsp;autor del libro&nbsp;<em>Historia cr\u00edtica del periodismo mexicano.<\/em><\/p>\n\n\n\n<p class=\"wp-block-paragraph\">\u201cUna de&nbsp;las funciones&nbsp;de la prensa es decirnos c\u00f3mo somos y qui\u00e9nes somos, y creo que&nbsp;El Sol&nbsp;en buena medida ha cumplido&nbsp;esa funci\u00f3n,&nbsp;al participar en ese proceso de definici\u00f3n del mexicano y de&nbsp;lo mexicano\u201d, a\u00f1ade. Consultado para hacer&nbsp;un balance&nbsp;sobre los 60 a\u00f1os de&nbsp;El Sol de M\u00e9xico, Musacchio dice que \u201cel coronel Garc\u00eda Valseca hizo&nbsp;un periodismo&nbsp;muy cargado a la derecha y, sin embargo, tambi\u00e9n hizo cosas que uno&nbsp;no se explica,&nbsp;como tener de articulista estrella durante muchos a\u00f1os al inmenso&nbsp;Renato Leduc,&nbsp;grandioso periodista, maestro de muchos de nosotros, quien siempre se identific\u00f3 con las causas de&nbsp;la izquierda\u201d.<\/p>\n\n\n\n<p class=\"wp-block-paragraph\">En este&nbsp;mosaico de ideolog\u00edas&nbsp;han convivido columnas ic\u00f3nicas como&nbsp;<em>Red privada,<\/em>&nbsp;de&nbsp;Manuel Buend\u00eda;&nbsp;<em>Perspectiva,<\/em>&nbsp;de Bernardo Ponce;&nbsp;<em>De poder a poder,&nbsp;<\/em>de Guillermo Chao Ebergenyi o&nbsp;<em>Mauricio dice,<\/em>&nbsp;de Mauricio Gonz\u00e1lez de la Garza, quienes coexistieron con&nbsp;plumas agudas&nbsp;como las de Juan Jos\u00e9 Arreola y Alejandro Jodorowsky.<\/p>\n\n\n\n<p class=\"wp-block-paragraph\"><strong>El sello de la innovaci\u00f3n<\/strong><\/p>\n\n\n\n<p class=\"wp-block-paragraph\">La g\u00e9nesis de&nbsp;El Sol de M\u00e9xico&nbsp;marc\u00f3 un hito en la historia del periodismo iberoamericano. En una \u00e9poca dominada por la&nbsp;linotipia manual&nbsp;y los diarios elitistas, Garc\u00eda Valseca \u2014heredero de una cadena de&nbsp;publicaciones populares&nbsp;iniciada en 1929 con revistas como&nbsp;<em>Paquito<\/em>&nbsp;y que inclu\u00eda los diarios&nbsp;Esto&nbsp;y&nbsp;La Prensa\u2014 apost\u00f3 por la modernidad.<\/p>\n\n\n\n<p class=\"wp-block-paragraph\">El&nbsp;offset en colores&nbsp;democratiz\u00f3 la prensa, llevando noticias, cultura y entretenimiento a hogares&nbsp;semiurbanos y rurales,&nbsp;en un M\u00e9xico donde el&nbsp;analfabetismo&nbsp;a\u00fan acechaba.<\/p>\n\n\n\n<p class=\"wp-block-paragraph\">Desde sus primeras ediciones,&nbsp;El Sol&nbsp;foment\u00f3 la formaci\u00f3n profesional al crear la Academia&nbsp;Te\u00f3rico-Pr\u00e1ctica&nbsp;de Periodismo, que capacit\u00f3 a generaciones de reporteros, linotipistas y&nbsp;editores.<\/p>\n\n\n\n<p class=\"wp-block-paragraph\">Esta&nbsp;escuela interna,&nbsp;inspirada en el esp\u00edritu emprendedor de Garc\u00eda Valseca, elev\u00f3 los est\u00e1ndares&nbsp;\u00e9ticos y t\u00e9cnicos&nbsp;del gremio, contribuyendo a una prensa m\u00e1s&nbsp;profesional y accesible.<\/p>\n\n\n\n<p class=\"wp-block-paragraph\">En 1976,&nbsp;la adquisici\u00f3n&nbsp;de la Cadena Garc\u00eda Valseca por Mario V\u00e1zquez Ra\u00f1a \u2014quien la transform\u00f3 en la&nbsp;Organizaci\u00f3n Editorial Mexicana (OEM)\u2014 marc\u00f3 una nueva era: de ser una red en&nbsp;crisis financiera,&nbsp;surgi\u00f3 un emporio con 73 peri\u00f3dicos regionales, estaciones de radio y contenidos multimedia, donde&nbsp;El Sol&nbsp;act\u00faa como eje articulador.<\/p>\n\n\n\n<p class=\"wp-block-paragraph\">Su&nbsp;cobertura global&nbsp;pionera posicion\u00f3 al diario como puente entre&nbsp;M\u00e9xico y el mundo,&nbsp;formando a lectores sobre temas de geopol\u00edtica en una&nbsp;era de aislamiento.<\/p>\n\n\n\n<p class=\"wp-block-paragraph\">El Sol de M\u00e9xico&nbsp;no llevaba ni un a\u00f1o de imprimirse cuando se tom\u00f3&nbsp;una decisi\u00f3n&nbsp;que puso en claro que la competencia contra los&nbsp;diarios grandes&nbsp;iba en serio: mand\u00f3 a un reportero a cubrir la&nbsp;guerra de Vietnam.<\/p>\n\n\n\n<p class=\"wp-block-paragraph\">En&nbsp;la edici\u00f3n&nbsp;del 21 de septiembre de 1966, d\u00eda en que se public\u00f3 el primer texto del enviado, en&nbsp;la primera plana&nbsp;se explic\u00f3 que \u201cen la encrucijada mundial, Vietnam es hoy en d\u00eda un&nbsp;punto neur\u00e1lgico,&nbsp;zona donde dos ideolog\u00edas y dos fuerzas se enfrentan en una&nbsp;guerra a muerte,&nbsp;que puede ser el principio de una conflagraci\u00f3n mundial\u201d.<\/p>\n\n\n\n<p class=\"wp-block-paragraph\">Por ello, a\u00f1ade la nota de la Redacci\u00f3n, \u201cpara dar&nbsp;una idea v\u00edvida&nbsp;y con criterio objetivo, pero mexicano, de lo que pase en Vietnam,&nbsp;El Sol de M\u00e9xico&nbsp;envi\u00f3 a Benjam\u00edn Wong, joven y&nbsp;completo reportero.&nbsp;Es el primer periodista mexicano que env\u00eda un reportaje desde&nbsp;el frente&nbsp;mismo de combate\u201d.<\/p>\n\n\n\n<p class=\"wp-block-paragraph\">Cuatro a\u00f1os m\u00e1s tarde,&nbsp;El Sol&nbsp;volvi\u00f3 a dar muestras de que estaba listo para jugar en las&nbsp;grandes ligas.&nbsp;Al estallar la guerra de Jordania, en septiembre de 1970, el propio Wong y el fot\u00f3grafo Carlos Mac\u00edas&nbsp;se lanzaron&nbsp;al Medio Oriente y fueron los \u00fanicos mexicanos que&nbsp;cubrieron el conflicto.<\/p>\n\n\n\n<p class=\"wp-block-paragraph\">\u201cEstoy&nbsp;viviendo&nbsp;el infierno\u201d, dec\u00eda una de las primeras cr\u00f3nicas de Wong, publicada el 18 de septiembre de 1970.&nbsp;\u201cHumo y llamas&nbsp;rasgan la noche mientras el tableteo de ametralladoras, el tronar de ca\u00f1ones y&nbsp;el silbido&nbsp;siniestro de las balas me recuerdan en cada instante que la muerte ha&nbsp;hecho su guarida&nbsp;en esta ciudad desgarrada por la guerra civil\u201d, describe&nbsp;el texto&nbsp;escrito desde Amman.<\/p>\n\n\n\n<p class=\"wp-block-paragraph\">La&nbsp;guerra de Jordania,&nbsp;conocida como \u201cSeptiembre Negro\u201d, fue una guerra civil de baja intensidad entre el ej\u00e9rcito jordano y la Organizaci\u00f3n para la&nbsp;Liberaci\u00f3n de Palestina&nbsp;(OLP); se desencaden\u00f3 por el aumento de poder de la OLP en Jordania, lo que amenaz\u00f3 la estabilidad del&nbsp;reinado de Hussein I.<\/p>\n\n\n\n<p class=\"wp-block-paragraph\">Fue memorable&nbsp;la narraci\u00f3n&nbsp;del 24 de septiembre de Wong Casta\u00f1eda, quien fue&nbsp;el \u00faltimo periodista&nbsp;extranjero en salir de la devastada ciudad de Amman, a bordo de una aeronave de la Cruz Roja. \u201cVen\u00edan en el avi\u00f3n hombres con&nbsp;carnes y huesos&nbsp;destrozados, ni\u00f1os sin brazos y una mujer jordana con el&nbsp;rostro borrado&nbsp;por la metralla\u201d, inform\u00f3 el enviado.<\/p>\n\n\n\n<p class=\"wp-block-paragraph\"><strong>Lecciones del 68<\/strong><\/p>\n\n\n\n<p class=\"wp-block-paragraph\">Para&nbsp;septiembre de 1970,&nbsp;hab\u00edan pasado dos a\u00f1os de la matanza de estudiantes de 1968, acontecimiento que, adem\u00e1s de&nbsp;consternar al pa\u00eds,&nbsp;represent\u00f3 un desaf\u00edo para la cobertura de&nbsp;los medios.<\/p>\n\n\n\n<p class=\"wp-block-paragraph\">En la edici\u00f3n del 3 de octubre,&nbsp;El Sol de M\u00e9xico&nbsp;titul\u00f3: \u201cEl objetivo: frustrar los XIX Juegos\u201d, junto con un balazo que&nbsp;rezaba:&nbsp;\u201cManos extra\u00f1as se empe\u00f1an en desprestigiar a M\u00e9xico\u201d.<\/p>\n\n\n\n<figure class=\"wp-block-image size-large\"><a href=\"https:\/\/redsemlac.com\/semmexico\/wp-content\/uploads\/2025\/10\/el-sol-60-anos-05.jpg\"><img loading=\"lazy\" decoding=\"async\" width=\"1024\" height=\"576\" src=\"https:\/\/redsemlac.com\/semmexico\/wp-content\/uploads\/2025\/10\/el-sol-60-anos-05-1024x576.jpg\" alt=\"\" class=\"wp-image-99916\" srcset=\"https:\/\/redsemlac.com\/semmexico\/wp-content\/uploads\/2025\/10\/el-sol-60-anos-05-1024x576.jpg 1024w, https:\/\/redsemlac.com\/semmexico\/wp-content\/uploads\/2025\/10\/el-sol-60-anos-05-300x169.jpg 300w, https:\/\/redsemlac.com\/semmexico\/wp-content\/uploads\/2025\/10\/el-sol-60-anos-05-768x432.jpg 768w, https:\/\/redsemlac.com\/semmexico\/wp-content\/uploads\/2025\/10\/el-sol-60-anos-05-150x84.jpg 150w, https:\/\/redsemlac.com\/semmexico\/wp-content\/uploads\/2025\/10\/el-sol-60-anos-05-696x392.jpg 696w, https:\/\/redsemlac.com\/semmexico\/wp-content\/uploads\/2025\/10\/el-sol-60-anos-05-1068x601.jpg 1068w, https:\/\/redsemlac.com\/semmexico\/wp-content\/uploads\/2025\/10\/el-sol-60-anos-05.jpg 1280w\" sizes=\"auto, (max-width: 1024px) 100vw, 1024px\" \/><\/a><\/figure>\n\n\n\n<p class=\"wp-block-paragraph\">\u201cEl Sol de M\u00e9xico&nbsp;es un diario que surgi\u00f3 en una combinaci\u00f3n de&nbsp;connivencia pol\u00edtica&nbsp;con el gobierno y un af\u00e1n de innovaci\u00f3n, sobre todo en el&nbsp;aspecto tecnol\u00f3gico,&nbsp;al ser el primer diario de Am\u00e9rica Latina impreso en offset\u201d, se\u00f1ala Ra\u00fal Trejo Delarbre, especialista en medios de comunicaci\u00f3n y&nbsp;te\u00f3rico de la relaci\u00f3n&nbsp;entre prensa y poder.<\/p>\n\n\n\n<p class=\"wp-block-paragraph\">Desde su \u00f3ptica, la cadena Garc\u00eda Valseca y posteriormente&nbsp;la Organizaci\u00f3n Editorial Mexicana (OEM)&nbsp;ha tenido varios m\u00e9ritos, sobre todo \u201cla creaci\u00f3n de un periodismo de&nbsp;aspiraci\u00f3n nacional,&nbsp;entendido lo nacional no como la propagaci\u00f3n de la visi\u00f3n de la capital al resto del pa\u00eds, sino como el rescate de&nbsp;los acontecimientos&nbsp;en cada localidad\u201d, expuso.<\/p>\n\n\n\n<p class=\"wp-block-paragraph\">Integrante del Instituto de&nbsp;Investigaciones Sociales&nbsp;de la UNAM, Trejo Delarbre plante\u00f3 que \u201cGarc\u00eda Valseca no era&nbsp;un adversario&nbsp;del gobierno, era un aliado para hacer eco de la&nbsp;informaci\u00f3n oficial.&nbsp;Todo esto se mantuvo de manera relativamente boyante, hasta ya avanzados&nbsp;los a\u00f1os 70\u201d.<\/p>\n\n\n\n<p class=\"wp-block-paragraph\">Ya durante la \u00e9poca de V\u00e1zquez Ra\u00f1a,&nbsp;El Sol&nbsp;brill\u00f3 en coberturas que marcaron el pulso social. Los terremotos de 1985 detonaron un&nbsp;trabajo en equipo&nbsp;que, adem\u00e1s de dar voz a las v\u00edctimas, puso al descubierto la necesidad de reformas en materia de&nbsp;protecci\u00f3n civil&nbsp;y reglas de construcci\u00f3n.<\/p>\n\n\n\n<p class=\"wp-block-paragraph\">\u201cParalizada y semidestruida la ciudad\u201d, titul\u00f3 el diario&nbsp;en su edici\u00f3n del 20 de septiembre de 1985, al d\u00eda siguiente de la tragedia, que cont\u00f3 con&nbsp;18 p\u00e1ginas&nbsp;destinadas exclusivamente a mostrar en fotograf\u00edas&nbsp;la destrucci\u00f3n&nbsp;en la zona Centro del Distrito Federal, la colonia Roma, Tlatelolco y San Antonio Abad.<\/p>\n\n\n\n<p class=\"wp-block-paragraph\">\u201cLa gente duerme en la calle\u201d, \u201cMilitares y civiles, en un solo&nbsp;frente\u201d, \u201cEl \u00e9xodo del miedo\u201d, \u201cSe manifiesta&nbsp;la unidad&nbsp;entre capitalinos\u201d fueron los titulares de algunas de las cr\u00f3nicas de los reporteros de&nbsp;El Sol de M\u00e9xico, quienes salieron a las calles desde el primer minuto del siniestro.<\/p>\n\n\n\n<p class=\"wp-block-paragraph\">El term\u00f3metro de las elecciones<\/p>\n\n\n\n<p class=\"wp-block-paragraph\">En materia pol\u00edtica, no solo&nbsp;la sociedad&nbsp;ha evolucionado hacia instituciones ciudadanas, respeto a la&nbsp;pluralidad y defensa&nbsp;de las libertades. Tambi\u00e9n&nbsp;El Sol&nbsp;ha calibrado sus coberturas para responder a lectores que&nbsp;exigen equilibrio&nbsp;e imparcialidad.<\/p>\n\n\n\n<p class=\"wp-block-paragraph\">Del titular \u201cTriunfo contundente,&nbsp;legal e inobjetable&nbsp;de CSG\u201d, despu\u00e9s de las elecciones del 6 de julio de 1988, el diario pas\u00f3 a cabezas como&nbsp;\u201cTransici\u00f3n estable,&nbsp;acuerdan Zedillo y Fox\u201d, en la primera plana del&nbsp;3 de julio&nbsp;del a\u00f1o 2000, cuando se concret\u00f3 la primera&nbsp;alternancia pol\u00edtica&nbsp;en la Presidencia de la Rep\u00fablica en m\u00e1s de 70 a\u00f1os.<\/p>\n\n\n\n<p class=\"wp-block-paragraph\">La se\u00f1al de los&nbsp;nuevos tiempos&nbsp;se hizo patente previo a los comicios del 1 de julio de 2018, cuando&nbsp;El Sol&nbsp;public\u00f3 una portada limpia, sin colores partidistas y con un llamado a la&nbsp;participaci\u00f3n ciudadana.<\/p>\n\n\n\n<p class=\"wp-block-paragraph\">Como pocas veces en&nbsp;su historia,&nbsp;la portada fue una ilustraci\u00f3n sencilla pero contundente: una&nbsp;paloma de la paz&nbsp;formada con huellas dactilares \u2014como sello de un dedo pulgar que fue marcado al&nbsp;acudir a votar\u2014&nbsp;que en lugar de una rama de olivo lleva en el pico una boleta electoral. \u201cVota,&nbsp;hoy t\u00fa decides\u201d,&nbsp;dec\u00eda la cabeza.<\/p>\n\n\n\n<p class=\"wp-block-paragraph\">El editorial que acompa\u00f1aba&nbsp;la ilustraci\u00f3n&nbsp;destacaba un llamado a la convivencia pac\u00edfica: \u201cLa democracia participativa es la&nbsp;\u00fanica manera&nbsp;que existe para que el pa\u00eds contin\u00fae su marcha de acuerdo al mandato de&nbsp;las mayor\u00edas.&nbsp;La contienda pol\u00edtica que hoy acaba, nos confirm\u00f3 que somos un pa\u00eds con&nbsp;mucha vitalidad,&nbsp;plural y heterog\u00e9neo que, pese a&nbsp;minor\u00edas violentas, desea vivir en paz\u201d.<\/p>\n\n\n\n<p class=\"wp-block-paragraph\">A lo largo de 60 a\u00f1os,&nbsp;El Sol de M\u00e9xico&nbsp;ha navegado revoluciones tecnol\u00f3gicas con maestr\u00eda. El&nbsp;redise\u00f1o de 2017,&nbsp;al cumplir 52 a\u00f1os, lo convirti\u00f3 en tabloide portable (\u201cf\u00e1cil de leer, f\u00e1cil de llevar\u201d), integrando infograf\u00edas y&nbsp;textos h\u00edbridos&nbsp;que le han merecido&nbsp;decenas de premios&nbsp;de la&nbsp;Society for News D[esign (SND).<\/p>\n\n\n\n<p class=\"wp-block-paragraph\"><a href=\"https:\/\/oem.com.mx\/elsoldemexico\/mexico\/society-for-news-design-premia-11-trabajos-de-diseno-de-el-sol-de-mexico-22830749\"><\/a><\/p>\n\n\n\n<p class=\"wp-block-paragraph\"><a href=\"https:\/\/oem.com.mx\/elsoldemexico\/mexico\/society-for-news-design-premia-11-trabajos-de-diseno-de-el-sol-de-mexico-22830749\">M\u00c9XICO<\/a><\/p>\n\n\n\n<p class=\"wp-block-paragraph\"><a href=\"https:\/\/oem.com.mx\/elsoldemexico\/mexico\/society-for-news-design-premia-11-trabajos-de-diseno-de-el-sol-de-mexico-22830749\">Society for News Design premia 11 trabajos de dise\u00f1o de El Sol de M\u00e9xico<\/a><\/p>\n\n\n\n<p class=\"wp-block-paragraph\"><a href=\"https:\/\/oem.com.mx\/elsoldemexico\/mexico\/society-for-news-design-premia-11-trabajos-de-diseno-de-el-sol-de-mexico-22830749\">Las distinciones a esta casa editorial incluyen suplementos semanales, infograf\u00edas y portadas de El Sol de M\u00e9xico<\/a><\/p>\n\n\n\n<p class=\"wp-block-paragraph\">Bajo&nbsp;la direcci\u00f3n&nbsp;de Hiroshi Takahashi y Martha Ramos (directora general de la&nbsp;OEM&nbsp;desde 2016), apoyados por la audacia de la presidenta y directora general,&nbsp;Paquita Ramos de V\u00e1zquez,&nbsp;el diario ha abrazado la era digital con apps, producci\u00f3n multimedia y podcasts como \u201cCofre de leyendas\u201d,&nbsp;\u201cEconom\u00eda pesada\u201d,&nbsp;\u201cLas claves del mundo\u201d,&nbsp;\u201cLa Lovera\u201d&nbsp;y \u201cArchivos secretos de polic\u00eda\u201d.<\/p>\n\n\n\n<p class=\"wp-block-paragraph\">Estas iniciativas no solo aseguran supervivencia en un&nbsp;ecosistema digital,&nbsp;sino que posicionan a&nbsp;El Sol de M\u00e9xico&nbsp;como cuarto diario m\u00e1s le\u00eddo a escala nacional.<\/p>\n\n\n\n<p class=\"wp-block-paragraph\">Desaf\u00edos futuros<\/p>\n\n\n\n<p class=\"wp-block-paragraph\">Sobre el futuro de la&nbsp;prensa escrita,&nbsp;Humberto Musacchio dice, con sorna, que cada vez se va postergando m\u00e1s el&nbsp;plazo fatal&nbsp;que le hab\u00edan dado a los medios impresos. \u201cLos&nbsp;magnates tecnol\u00f3gicos&nbsp;dijeron, primero que en 2030, despu\u00e9s nos dieron 10 a\u00f1os m\u00e1s y ahora est\u00e1n recalculado que ser\u00e1&nbsp;hasta 2050\u201d.<\/p>\n\n\n\n<p class=\"wp-block-paragraph\">Lo que&nbsp;va a salvar&nbsp;a los diarios es la responsabilidad, sostiene. \u201cEn&nbsp;redes sociales&nbsp;y en internet circulan muchas&nbsp;versiones incomprobables,&nbsp;en cambio en un medio escrito hay que ser rigurosos, hay que decir qu\u00e9 pas\u00f3 y&nbsp;dar pruebas&nbsp;de que eso pas\u00f3, y no decirlo como&nbsp;se nos ocurra\u201d.<\/p>\n\n\n\n<p class=\"wp-block-paragraph\">Y remarca: \u201cNecesitamos tener no s\u00f3lo la&nbsp;nota escueta,&nbsp;necesitamos tener todo lo que rodea a una informaci\u00f3n importante, y eso s\u00f3lo lo pueden dar&nbsp;los peri\u00f3dicos&nbsp;como&nbsp;El Sol&nbsp;y muchos otros; no lo dan ni la televisi\u00f3n, ni la radio, ni internet, ni mucho menos las&nbsp;redes sociales.&nbsp;Creo, pues, que los peri\u00f3dicos bien dirigidos tienen una&nbsp;buena y larga vida&nbsp;por delante\u201d.<\/p>\n\n\n\n<p class=\"wp-block-paragraph\">Una muestra&nbsp;de lo que dijo Musacchio se present\u00f3 en marzo de 2020, con la irrupci\u00f3n de&nbsp;la pandemia&nbsp;de Covid-19. El 23 de marzo de ese a\u00f1o, cuando se decret\u00f3 la emergencia sanitaria en M\u00e9xico,&nbsp;El Sol de M\u00e9xico&nbsp;no s\u00f3lo se dispuso a evitar la infodemia y evitar&nbsp;las especulaciones,&nbsp;sino a informar con evidencia y precisi\u00f3n.<\/p>\n\n\n\n<p class=\"wp-block-paragraph\">Tambi\u00e9n&nbsp;inyect\u00f3 esperanza&nbsp;a sus lectores cuando el porvenir parec\u00eda incierto. \u201cLos augurios son negros, pero hay que&nbsp;dar la batalla&nbsp;como los mexicanos lo hemos hecho en m\u00faltiples ocasiones, con fortaleza,&nbsp;solidaridad y orgullo\u201d, se le\u00eda en un editorial titulado \u201cM\u00e9xico saldr\u00e1 adelante\u201d.<\/p>\n\n\n\n<p class=\"wp-block-paragraph\">El 28 de marzo, menos de&nbsp;una semana&nbsp;despu\u00e9s de decretada la emergencia,&nbsp;El Sol&nbsp;lanz\u00f3 el suplemento diario \u201cCovid-19.&nbsp;Alerta mundial\u201d,&nbsp;en el que contaban historias de&nbsp;las v\u00edctimas y sus familias,&nbsp;recomendaciones de protecci\u00f3n, se mostraban ejemplos de resiliencia, testimonios de&nbsp;personal m\u00e9dico&nbsp;y la numeralia m\u00e1s completa de la evoluci\u00f3n del virus.<\/p>\n\n\n\n<p class=\"wp-block-paragraph\">El domingo&nbsp;2 de junio&nbsp;de 2024,&nbsp;El Sol&nbsp;lo volvi\u00f3 a hacer y lanz\u00f3 una ic\u00f3nica portada dedicada exclusivamente a la&nbsp;jornada electoral.&nbsp;No hab\u00eda carga partidista, sino carga emotiva para llamar a una&nbsp;fiesta c\u00edvica.<\/p>\n\n\n\n<p class=\"wp-block-paragraph\">\u201cTe lo pedimos de&nbsp;100 maneras;&nbsp;hazlo como quieran, por quien quieras, pero\u2026&nbsp;\u00a1VOTA!\u201d,&nbsp;exclamaba la cabeza principal. Y no era una exageraci\u00f3n: se hab\u00edan escrito en plana&nbsp;100 motivos&nbsp;para salir a las urnas y sobre la importancia de&nbsp;combatir&nbsp;el abstencionismo.<\/p>\n\n\n\n<p class=\"wp-block-paragraph\">Al d\u00eda siguiente,&nbsp;sin regateos,&nbsp;la portada de&nbsp;El Sol&nbsp;consign\u00f3 el hecho hist\u00f3rico. \u201cClaudia arrasa\u201d, dec\u00eda el titular, acompa\u00f1ado de la foto de la&nbsp;mandataria electa&nbsp;con el pu\u00f1o en alto. Era la&nbsp;\u201cprimera mujer&nbsp;presidenta\u201d.<\/p>\n\n\n\n<p class=\"wp-block-paragraph\">Sobre el futuro de la&nbsp;prensa escrita&nbsp;en general y de la cadena de&nbsp;Los Soles&nbsp;en particular, Trejo Delarbre apunt\u00f3 que \u201choy en d\u00eda tenemos un&nbsp;poder pol\u00edtico&nbsp;que solo se interesa en la prensa cuando&nbsp;la puede manipular&nbsp;y que cuando no lo hace, se dedica a descalificarla, como ocurri\u00f3 con el gobierno del presidente&nbsp;L\u00f3pez Obrador&nbsp;y sucede ahora con el gobierno de la presidenta&nbsp;Claudia Sheinbaum\u201d.<\/p>\n\n\n\n<p class=\"wp-block-paragraph\">Pero&nbsp;este fen\u00f3meno,&nbsp;a\u00f1ade el acad\u00e9mico, no necesariamente debe ser una amenaza para&nbsp;la subsistencia&nbsp;de los peri\u00f3dicos. \u201cA la sociedad que le interese la consolidaci\u00f3n de la&nbsp;cultura pol\u00edtica&nbsp;y que le interese rescatar a la informaci\u00f3n como un elemento constitutivo de la democracia, deber\u00eda interesarle que haya&nbsp;diarios locales serios&nbsp;y profesionales\u201d.<\/p>\n\n\n\n<p class=\"wp-block-paragraph\">Desde 1976 y&nbsp;hasta 2015, a\u00f1o de su muerte, Mario V\u00e1zquez Ra\u00f1a fue el timonel de la&nbsp;OEM, una de las mayores&nbsp;cadenas de medios&nbsp;en el mundo, donde&nbsp;El Sol M\u00e9xico&nbsp;es su ariete. Durante esos 40 a\u00f1os, don Mario tambi\u00e9n&nbsp;dio c\u00e1tedra&nbsp;period\u00edstica al entrevistar a m\u00e1s de&nbsp;500 l\u00edderes&nbsp;mundiales.<\/p>\n\n\n\n<p class=\"wp-block-paragraph\">Los di\u00e1logos con personajes como&nbsp;Vladimir Putin,&nbsp;Fidel Castro, Nelson Mandela, Mijail Gorbachov, Yasser Arafat, Muamar Gadafi,&nbsp;Jacques Chirac,&nbsp;Jian Zemin, Koffi Annan y Luiz Inacio Lula da Silva, entre muchos otros, posicionaron a la&nbsp;OEMcomo puente entre M\u00e9xico y el globo.<\/p>\n\n\n\n<p class=\"wp-block-paragraph\">A 60 a\u00f1os de su fundaci\u00f3n,&nbsp;El Sol de M\u00e9xico&nbsp;no es solo un peri\u00f3dico, es&nbsp;un legado&nbsp;vivo que ha iluminado transiciones, cat\u00e1strofes y&nbsp;esperanzas colectivas. Sus innovaciones tecnol\u00f3gicas, coberturas transformadoras y&nbsp;plumas ic\u00f3nicas&nbsp;han moldeado el periodismo mexicano,&nbsp;democratizando&nbsp;la verdad en un pa\u00eds en constante reinvenci\u00f3n.<\/p>\n\n\n\n<p class=\"wp-block-paragraph\">Como afirm\u00f3 V\u00e1zquez Ra\u00f1a: \u201cUn peri\u00f3dico&nbsp;no pretende&nbsp;erigirse en juez, sino en tribuna y vocero de las&nbsp;inquietudes populares\u201d.<\/p>\n\n\n\n<p class=\"wp-block-paragraph\">Hace 60 a\u00f1os, en el primer n\u00famero de&nbsp;El Sol de M\u00e9xico, este diario public\u00f3 la noticia de que el&nbsp;Centro de C\u00e1lculo&nbsp;del Instituto Polit\u00e9cnico Nacional (IPN) hab\u00eda adquirido las primeras computadoras especializadas en&nbsp;\u201calta matem\u00e1tica&nbsp;electr\u00f3nica\u201d.<\/p>\n\n\n\n<p class=\"wp-block-paragraph\"><a href=\"https:\/\/www.whatsapp.com\/channel\/0029Va7IpF5Id7nJvkxFt02Q\" target=\"_blank\" rel=\"noreferrer noopener\">\u27a1\ufe0f \u00danete al canal de El Sol de M\u00e9xico en WhatsApp para no perderte la informaci\u00f3n m\u00e1s important<\/a>e<\/p>\n\n\n\n<p class=\"wp-block-paragraph\">Eran aparatos&nbsp;que a simple vista parec\u00edan refrigeradores de&nbsp;dos metros de altura,&nbsp;con centenares de botones, gavetas, focos y&nbsp;grandes rollos&nbsp;de cinta magn\u00e9tica.<\/p>\n\n\n\n<p class=\"wp-block-paragraph\">\u201cEl desarrollo en la&nbsp;ciencia contempor\u00e1nea&nbsp;exige la utilizaci\u00f3n de complicadas, pero asombrosas, m\u00e1quinas que&nbsp;resuelven problemas&nbsp;de cantidades superiores a las diez cifras\u201d, describe con admiraci\u00f3n el pie de foto.<\/p>\n\n\n\n<p class=\"wp-block-paragraph\">A&nbsp;seis d\u00e9cadas&nbsp;de distancia, no s\u00f3lo aquellas computadoras monumentales se han vuelto m\u00e1s compactas, potentes y al alcance de&nbsp;la mayor\u00eda&nbsp;de los ciudadanos, sino que&nbsp;El Sol de M\u00e9xico&nbsp;ha evolucionado a la par que la tecnolog\u00eda, y hoy es de los&nbsp;primeros diarios&nbsp;en montar un departamento especializado en utilizar la inteligencia artificial con el fin de hacer&nbsp;m\u00e1s eficiente&nbsp;y vigoroso el quehacer informativo, siempre bajo la&nbsp;supervisi\u00f3n humana.<\/p>\n\n\n\n<p class=\"wp-block-paragraph\"><a href=\"https:\/\/oem.com.mx\/elsoldemexico\/analisis\/autor\/juan-carlos-rodriguez-3639\"><\/a><\/p>\n\n\n\n<p class=\"wp-block-paragraph\"><a href=\"https:\/\/oem.com.mx\/elsoldemexico\/analisis\/autor\/juan-carlos-rodriguez-3639\">Juan Carlos&nbsp;Rodr\u00edguez: <\/a>Reportero con tres d\u00e9cadas buscando historias inc\u00f3modas. Me gusta la pol\u00edtica, analizar el desempe\u00f1o gubernamental y la data. Salsero, cruzazulino y paparazzi de mi familia. Amo las biograf\u00edas y los documentales.&nbsp;<\/p>\n","protected":false},"excerpt":{"rendered":"<p>Testigo y protagonista de seis d\u00e9cadas de transformaci\u00f3n pol\u00edtica, social y tecnol\u00f3gica; hoy reafirma su compromiso con una ciudadan\u00eda cr\u00edtica y plural en la era digital La llegada del hombre a la luna fue una de las portadas m\u00e1s enigm\u00e1ticas de El Sol de M\u00e9xico Ha documentado el surgimiento de la&nbsp;sociedad civil&nbsp;organizada y el paulatino [&hellip;]<\/p>\n","protected":false},"author":3,"featured_media":99912,"comment_status":"open","ping_status":"open","sticky":false,"template":"","format":"standard","meta":{"_monsterinsights_skip_tracking":false,"footnotes":""},"categories":[694],"tags":[],"class_list":["post-99911","post","type-post","status-publish","format-standard","has-post-thumbnail","category-destacadas"],"_links":{"self":[{"href":"https:\/\/redsemlac.com\/semmexico\/wp-json\/wp\/v2\/posts\/99911","targetHints":{"allow":["GET"]}}],"collection":[{"href":"https:\/\/redsemlac.com\/semmexico\/wp-json\/wp\/v2\/posts"}],"about":[{"href":"https:\/\/redsemlac.com\/semmexico\/wp-json\/wp\/v2\/types\/post"}],"author":[{"embeddable":true,"href":"https:\/\/redsemlac.com\/semmexico\/wp-json\/wp\/v2\/users\/3"}],"replies":[{"embeddable":true,"href":"https:\/\/redsemlac.com\/semmexico\/wp-json\/wp\/v2\/comments?post=99911"}],"version-history":[{"count":0,"href":"https:\/\/redsemlac.com\/semmexico\/wp-json\/wp\/v2\/posts\/99911\/revisions"}],"wp:featuredmedia":[{"embeddable":true,"href":"https:\/\/redsemlac.com\/semmexico\/wp-json\/wp\/v2\/media\/99912"}],"wp:attachment":[{"href":"https:\/\/redsemlac.com\/semmexico\/wp-json\/wp\/v2\/media?parent=99911"}],"wp:term":[{"taxonomy":"category","embeddable":true,"href":"https:\/\/redsemlac.com\/semmexico\/wp-json\/wp\/v2\/categories?post=99911"},{"taxonomy":"post_tag","embeddable":true,"href":"https:\/\/redsemlac.com\/semmexico\/wp-json\/wp\/v2\/tags?post=99911"}],"curies":[{"name":"wp","href":"https:\/\/api.w.org\/{rel}","templated":true}]}}