{"id":99905,"date":"2025-10-24T20:32:54","date_gmt":"2025-10-25T02:32:54","guid":{"rendered":"https:\/\/redsemlac.com\/semmexico\/?p=99905"},"modified":"2025-10-24T20:32:55","modified_gmt":"2025-10-25T02:32:55","slug":"negligencia-de-las-autoridades-que-no-este-internada-la-senora-magdalena-anton-mama-de-la-nina-fatima-cecilia-victima-de-feminicidio-en-2020","status":"publish","type":"post","link":"https:\/\/redsemlac.com\/semmexico\/negligencia-de-las-autoridades-que-no-este-internada-la-senora-magdalena-anton-mama-de-la-nina-fatima-cecilia-victima-de-feminicidio-en-2020\/","title":{"rendered":"Negligencia de las autoridades que no est\u00e9 internada la se\u00f1ora Magdalena Ant\u00f3n, mam\u00e1 de la ni\u00f1a F\u00e1tima Cecilia v\u00edctima de feminicidio en 2020"},"content":{"rendered":"\n<p class=\"wp-block-paragraph\">Micaela M\u00e1rquez&nbsp;&nbsp;<\/p>\n\n\n\n<p class=\"wp-block-paragraph\">Ciudad de M\u00e9xico, 23 de Octubre de 2025.- A cinco a\u00f1os del feminicidio de su hija, F\u00e1tima Cecilia Aldrighetti Ant\u00f3n (ocurrido en febrero de 2020), se ha reportado por videos y publicaciones que Mar\u00eda Magdalena Ant\u00f3n est\u00e1 viviendo en la calle en situaci\u00f3n vulnerable, sufriendo problemas de salud mental y agresiones hacia los vecinos.<\/p>\n\n\n\n<p class=\"wp-block-paragraph\">La situaci\u00f3n no es nueva, aclaran los familiares y dan a conocer en un comunicado del Grupo de la Glorieta de las&nbsp; Mujeres&nbsp; que Luchan, &nbsp;la negligencia de las autoridades para internar en una instituci\u00f3n psiqui\u00e1trica a Mar\u00eda Magdalena, antes del feminicidio, despu\u00e9s y ahora, ya que se les hizo del conocimiento la situaci\u00f3n de violencia que se viv\u00eda en la casa de Magdalena hacia sus propios hijos aun cuando no presentaba s\u00edntomas de enfermedad mental.<\/p>\n\n\n\n<p class=\"wp-block-paragraph\">\u201cEl hecho de que no est\u00e9 internada en una instituci\u00f3n psiqui\u00e1trica es responsabilidad de las autoridades del gobierno que decidieron que ella estaba bien y que no ten\u00eda que permanecer institucionalizada, a lo que nos opusimos como familia, porque era un riesgo para ella y para otras personas, principalmente los menores de edad que estaban a su cargo\u201d.<\/p>\n\n\n\n<p class=\"wp-block-paragraph\">Precisan que como familia la llevaron a una instituci\u00f3n psiqui\u00e1trica, pero algunos vecinos y vecinas, los amenazaron, amedrentaron e intentaron sacar a la fuerza a la se\u00f1ora Magdalena, cuando ella estaba recibiendo atenci\u00f3n profesional.<\/p>\n\n\n\n<p class=\"wp-block-paragraph\">\u201cLos familiares exigen a las autoridades se atienda cuanto antes esta situaci\u00f3n, que deje de atacarse y responsabilizarse a la familia, que las autoridades hagan su trabajo y que se evite otro hecho que podr\u00eda ser irreversible\u201d.<\/p>\n\n\n\n<p class=\"wp-block-paragraph\">F\u00e1tima Cecilia Aldrighetti Ant\u00f3n, ni\u00f1a de 7 a\u00f1os desapareci\u00f3 el ll de febrero de 2020 y fue encontrada sin vida, v\u00edctima de feminicidio el 15 de febrero del mismo a\u00f1o.<\/p>\n\n\n\n<p class=\"wp-block-paragraph\">Antes, durante y despu\u00e9s del feminicidio las autoridades actuaron con negligencia, ya que tuvieron conocimiento la Comisi\u00f3n de Derechos Humanos de la Ciudad de M\u00e9xico (CDHCM), el Sistema Nacional de Protecci\u00f3n Integral de Ni\u00f1as, Ni\u00f1os y Adolescentes (Sipinna), la Procuradur\u00eda Federal de Protecci\u00f3n de Ni\u00f1as, Ni\u00f1os y Adolescentes (PFPNNA), la entonces jefa de gobierno de la ciudad de M\u00e9xico, Claudia Sheinbaum, el DIF, la Secretar\u00eda de las Mujeres, y entidades m\u00e9dicas.<\/p>\n\n\n\n<p class=\"wp-block-paragraph\">\u00bfQu\u00e9 hicieron las autoridades al respecto? La dieron de alta sin escuchar ni a los familiares, ni a las v\u00edctimas directas de estas agresiones, dej\u00e1ndola bajo la responsabilidad de su esposo, Jos\u00e9 Luis Aldrighetti Rivera, sin que hubiese un juicio de interdicci\u00f3n, pero sobre todo a pesar de que ya se hab\u00eda hecho de su conocimiento que ese sujeto tambi\u00e9n ejerc\u00eda violencia y aunque \u00e9l no padec\u00eda de sus facultades mentales, esa decisi\u00f3n implic\u00f3 dejar a Magdalena en manos de un hombre violento y peligroso.<\/p>\n\n\n\n<p class=\"wp-block-paragraph\">La \u00absoluci\u00f3n\u00bb del gobierno fue construirles una casa y dar apoyos econ\u00f3micos a ella y al agresor sexual de sus hijos, Jos\u00e9 Luis Aldrighetti Rivera, que hoy est\u00e1 sentenciado a 70 a\u00f1os de c\u00e1rcel por los delitos cometidos en contra de F\u00e1tima y de uno de sus hermanos.<\/p>\n\n\n\n<p class=\"wp-block-paragraph\">Es decir, las autoridades apoyaron a quienes ejerc\u00edan una terrible violencia en contra de sus propios hijos, con la intenci\u00f3n de cerrar el asunto, y optaron por darles recursos econ\u00f3micos para tratar de acallar la grave situaci\u00f3n de la que fueron avisados previamente, pero que no hicieron nada por atender.<\/p>\n\n\n\n<p class=\"wp-block-paragraph\">En este caso, estamos hablando de una mujer que vivi\u00f3 violencia, y que tambi\u00e9n la ejerci\u00f3 hacia sus hijos, y que defendi\u00f3 a los feminicidas de Fati y a los agresores de sus hijos, y termin\u00f3 perdiendo la cordura con el paso de los a\u00f1os.<\/p>\n\n\n\n<p class=\"wp-block-paragraph\">Si las autoridades hubiesen hecho caso de las denuncias presentadas, se pudieron haber evitado las agresiones en contra de F\u00e1tima y su hermano, se pudo evitar el feminicidio de F\u00e1tima, se pudo evitar el estado actual de la madre. Los hechos ocurridos en la actualidad y que ahora son denunciados y se han hecho virales, no han sido escuchados, lo cual revela la ineficacia, indolencia y negligencia de las autoridades que se supone trabajan por \u00abuna vida libre de violencia hacia las mujeres\u00bb.<\/p>\n\n\n\n<p class=\"wp-block-paragraph\">Como familia hemos sido se\u00f1alados y expuestos a diversas violencias y agresiones sociales, cuando lo \u00fanico que se ha buscado es proteger a los menores de edad involucrados, se ha intentado no generar m\u00e1s revictimizaci\u00f3n, sin embargo, la ineficacia de las autoridades tiene repercusiones.<\/p>\n\n\n\n<p class=\"wp-block-paragraph\">En todas y cada una de las agresiones que ha presentado la se\u00f1ora Magdalena hacia otras personas, se ha notificado a las autoridades que se designaron para dar seguimiento al caso de F\u00e1tima, sin que a la fecha act\u00faen, incluso algunos vecinos reportan haber realizado denuncias y han solicitado el apoyo de diversas instituciones, sin que nadie haga nada.<\/p>\n\n\n\n<p class=\"wp-block-paragraph\">Las omisiones por parte del gobierno son criminales. No queremos otra tragedia, no queremos que nadie m\u00e1s salga lastimado; las instancias de gobierno se niegan a cumplir como les corresponde y deben recordar que est\u00e1n obligadas a atender este caso desde sus cargos p\u00fablicos.<\/p>\n\n\n\n<p class=\"wp-block-paragraph\">Perder a Fati, ha sido el dolor m\u00e1s grande de nuestra vida, pero su sonrisa, su ternura y su luz que no se apaga, atrajo a muchas personas buenas que se consternaron por esta terrible tragedia y nos han acompa\u00f1ado en este duro camino. A todas les agradecemos profundamente su solidaridad y les pedimos que nos sigan acompa\u00f1ando en la exigencia de justicia para que las autoridades respondan y accionen.<\/p>\n","protected":false},"excerpt":{"rendered":"<p>Micaela M\u00e1rquez&nbsp;&nbsp; Ciudad de M\u00e9xico, 23 de Octubre de 2025.- A cinco a\u00f1os del feminicidio de su hija, F\u00e1tima Cecilia Aldrighetti Ant\u00f3n (ocurrido en febrero de 2020), se ha reportado por videos y publicaciones que Mar\u00eda Magdalena Ant\u00f3n est\u00e1 viviendo en la calle en situaci\u00f3n vulnerable, sufriendo problemas de salud mental y agresiones hacia los [&hellip;]<\/p>\n","protected":false},"author":3,"featured_media":99906,"comment_status":"open","ping_status":"open","sticky":false,"template":"","format":"standard","meta":{"_monsterinsights_skip_tracking":false,"footnotes":""},"categories":[47,48],"tags":[],"class_list":["post-99905","post","type-post","status-publish","format-standard","has-post-thumbnail","category-no-mas-impunidad","category-no-mas-impunidad-no-mas-impunidad"],"_links":{"self":[{"href":"https:\/\/redsemlac.com\/semmexico\/wp-json\/wp\/v2\/posts\/99905","targetHints":{"allow":["GET"]}}],"collection":[{"href":"https:\/\/redsemlac.com\/semmexico\/wp-json\/wp\/v2\/posts"}],"about":[{"href":"https:\/\/redsemlac.com\/semmexico\/wp-json\/wp\/v2\/types\/post"}],"author":[{"embeddable":true,"href":"https:\/\/redsemlac.com\/semmexico\/wp-json\/wp\/v2\/users\/3"}],"replies":[{"embeddable":true,"href":"https:\/\/redsemlac.com\/semmexico\/wp-json\/wp\/v2\/comments?post=99905"}],"version-history":[{"count":0,"href":"https:\/\/redsemlac.com\/semmexico\/wp-json\/wp\/v2\/posts\/99905\/revisions"}],"wp:featuredmedia":[{"embeddable":true,"href":"https:\/\/redsemlac.com\/semmexico\/wp-json\/wp\/v2\/media\/99906"}],"wp:attachment":[{"href":"https:\/\/redsemlac.com\/semmexico\/wp-json\/wp\/v2\/media?parent=99905"}],"wp:term":[{"taxonomy":"category","embeddable":true,"href":"https:\/\/redsemlac.com\/semmexico\/wp-json\/wp\/v2\/categories?post=99905"},{"taxonomy":"post_tag","embeddable":true,"href":"https:\/\/redsemlac.com\/semmexico\/wp-json\/wp\/v2\/tags?post=99905"}],"curies":[{"name":"wp","href":"https:\/\/api.w.org\/{rel}","templated":true}]}}