{"id":99887,"date":"2025-10-24T20:09:10","date_gmt":"2025-10-25T02:09:10","guid":{"rendered":"https:\/\/redsemlac.com\/semmexico\/?p=99887"},"modified":"2025-10-24T20:09:10","modified_gmt":"2025-10-25T02:09:10","slug":"aprueban-inscripcion-en-el-muro-de-honor-de-la-leyenda-malintzin-mujer-indigena-y-mediadora-de-la-palabra","status":"publish","type":"post","link":"https:\/\/redsemlac.com\/semmexico\/aprueban-inscripcion-en-el-muro-de-honor-de-la-leyenda-malintzin-mujer-indigena-y-mediadora-de-la-palabra\/","title":{"rendered":"Aprueban inscripci\u00f3n en el Muro de Honor de la leyenda: \u201cMalintzin, mujer ind\u00edgena y mediadora de la palabra\u201d"},"content":{"rendered":"\n<p class=\"wp-block-paragraph\">La Comisi\u00f3n de Pueblos Ind\u00edgenas y Afromexicanos acord\u00f3 realizar reuniones, audiencias y foros en diversas entidades federativas<\/p>\n\n\n\n<p class=\"wp-block-paragraph\">Redacci\u00f3n<\/p>\n\n\n\n<p class=\"wp-block-paragraph\">SemM\u00e9xico,&nbsp; Cd. de M\u00e9xico, 24 de octubre, 2025.- La Comisi\u00f3n de Pueblos Ind\u00edgenas y Afromexicanos, que preside la senadora Edith L\u00f3pez Hern\u00e1ndez, aprob\u00f3 por unanimidad, con siete votos a favor, un dictamen para inscribir con letras doradas en el Muro de Honor del Sal\u00f3n de Sesiones del Senado de la Rep\u00fablica, la leyenda: \u201cMalintzin, mujer ind\u00edgena y mediadora de la palabra\u201d.<\/p>\n\n\n\n<p class=\"wp-block-paragraph\">La legisladora explic\u00f3 que el prop\u00f3sito del proyecto, promovido por la presidenta del Senado de la Rep\u00fablica, Laura Itzel Castillo Ju\u00e1rez, es reivindicar la figura de una mujer ind\u00edgena que ha sido hist\u00f3ricamente distorsionada y estigmatizada, pero hoy, dijo, la resignificamos desde la mirada de justicia hist\u00f3rica y de reconocimiento de los pueblos originarios.<\/p>\n\n\n\n<p class=\"wp-block-paragraph\">Agreg\u00f3 que con este acto el Senado rinde homenaje a una mujer que lejos de la visi\u00f3n colonial que la marc\u00f3 representa hoy la capacidad de di\u00e1logo y dignidad de los pueblos ind\u00edgenas, por lo que registrar en el Muro de Honor esta leyenda es, al mismo tiempo, un acto de reparaci\u00f3n hist\u00f3rica y reafirmaci\u00f3n del car\u00e1cter pluricultural del Estado mexicano.<\/p>\n\n\n\n<p class=\"wp-block-paragraph\">\u201cMalintzin fue injustamente reducida durante siglos a una figura de traici\u00f3n. Hoy la historia la reconoce como mujer ind\u00edgena que ejerci\u00f3 poder pol\u00edtico mediante la palabra, en un contexto profundamente adverso. Su palabra fue un instrumento de mediaci\u00f3n, pero tambi\u00e9n de resistencia y de afirmaci\u00f3n de la vida\u201d, a\u00f1adi\u00f3.<\/p>\n\n\n\n<p class=\"wp-block-paragraph\">Por su parte, la secretaria de este \u00f3rgano legislativo, Mar\u00eda Martina Kant\u00fan Can, mencion\u00f3 que este dictamen es un acto de justicia hist\u00f3rica, pol\u00edtico y de conciencia para saldar una deuda con las mujeres y con los pueblos ind\u00edgenas.<\/p>\n\n\n\n<p class=\"wp-block-paragraph\">\u201cDurante siglos, la historia oficial ha sido contada desde la perspectiva del vencedor con una narrativa monol\u00edtica, colonial y profundamente patriarcal, en la que Malitzin fue la v\u00edctima principal de esta distorsi\u00f3n, ya que se trat\u00f3 de una mujer ind\u00edgena esclavizada y entregada como tributo; pero ante la adversidad extrema ejerci\u00f3 su \u00fanica arma: la inteligencia y la palabra\u201d, dijo.<\/p>\n\n\n\n<p class=\"wp-block-paragraph\">En tanto, la senadora Beatriz Mojica Morga, consider\u00f3 que la reivindicaci\u00f3n de los pueblos ind\u00edgenas no solo debe quedar en palabras, sino que se debe acompa\u00f1ar a estas comunidades con acciones desde el Gobierno Federal y desde el Senado de la Rep\u00fablica.<\/p>\n\n\n\n<p class=\"wp-block-paragraph\">Durante la reuni\u00f3n de trabajo, la senadora Edith L\u00f3pez Hern\u00e1ndez dio a conocer que con el prop\u00f3sito de acercar los trabajos legislativos a los territorios y mantener un contacto directo y permanente con los grupos \u00e9tnicos, la Comisi\u00f3n de Pueblos Ind\u00edgenas y Afromexicanos acord\u00f3 realizar reuniones, audiencias y foros en diversas entidades federativas los d\u00edas en los que no haya sesi\u00f3n ordinaria.<\/p>\n","protected":false},"excerpt":{"rendered":"<p>La Comisi\u00f3n de Pueblos Ind\u00edgenas y Afromexicanos acord\u00f3 realizar reuniones, audiencias y foros en diversas entidades federativas Redacci\u00f3n SemM\u00e9xico,&nbsp; Cd. de M\u00e9xico, 24 de octubre, 2025.- La Comisi\u00f3n de Pueblos Ind\u00edgenas y Afromexicanos, que preside la senadora Edith L\u00f3pez Hern\u00e1ndez, aprob\u00f3 por unanimidad, con siete votos a favor, un dictamen para inscribir con letras doradas [&hellip;]<\/p>\n","protected":false},"author":3,"featured_media":99888,"comment_status":"open","ping_status":"open","sticky":false,"template":"","format":"standard","meta":{"_monsterinsights_skip_tracking":false,"footnotes":""},"categories":[1],"tags":[],"class_list":["post-99887","post","type-post","status-publish","format-standard","has-post-thumbnail","category-uncategorized"],"_links":{"self":[{"href":"https:\/\/redsemlac.com\/semmexico\/wp-json\/wp\/v2\/posts\/99887","targetHints":{"allow":["GET"]}}],"collection":[{"href":"https:\/\/redsemlac.com\/semmexico\/wp-json\/wp\/v2\/posts"}],"about":[{"href":"https:\/\/redsemlac.com\/semmexico\/wp-json\/wp\/v2\/types\/post"}],"author":[{"embeddable":true,"href":"https:\/\/redsemlac.com\/semmexico\/wp-json\/wp\/v2\/users\/3"}],"replies":[{"embeddable":true,"href":"https:\/\/redsemlac.com\/semmexico\/wp-json\/wp\/v2\/comments?post=99887"}],"version-history":[{"count":0,"href":"https:\/\/redsemlac.com\/semmexico\/wp-json\/wp\/v2\/posts\/99887\/revisions"}],"wp:featuredmedia":[{"embeddable":true,"href":"https:\/\/redsemlac.com\/semmexico\/wp-json\/wp\/v2\/media\/99888"}],"wp:attachment":[{"href":"https:\/\/redsemlac.com\/semmexico\/wp-json\/wp\/v2\/media?parent=99887"}],"wp:term":[{"taxonomy":"category","embeddable":true,"href":"https:\/\/redsemlac.com\/semmexico\/wp-json\/wp\/v2\/categories?post=99887"},{"taxonomy":"post_tag","embeddable":true,"href":"https:\/\/redsemlac.com\/semmexico\/wp-json\/wp\/v2\/tags?post=99887"}],"curies":[{"name":"wp","href":"https:\/\/api.w.org\/{rel}","templated":true}]}}