{"id":99856,"date":"2025-10-22T13:00:21","date_gmt":"2025-10-22T19:00:21","guid":{"rendered":"https:\/\/redsemlac.com\/semmexico\/?p=99856"},"modified":"2025-10-22T17:31:36","modified_gmt":"2025-10-22T23:31:36","slug":"el-periodista-renan-castro-madera-y-la-lic-maria-teresa-paredes-presentaran-en-cancun-el-libro-revelaciones-de-un-crimen-de-estado-de-soledad-jarquin","status":"publish","type":"post","link":"https:\/\/redsemlac.com\/semmexico\/el-periodista-renan-castro-madera-y-la-lic-maria-teresa-paredes-presentaran-en-cancun-el-libro-revelaciones-de-un-crimen-de-estado-de-soledad-jarquin\/","title":{"rendered":"El periodista Ren\u00e1n Castro Madera y la Lic. Mar\u00eda Teresa Paredes Presentar\u00e1n en Canc\u00fan el Libro \u201cRevelaciones de un Crimen de Estado\u201d de Soledad Jarqu\u00edn"},"content":{"rendered":"\n<p class=\"wp-block-paragraph\">La autora denuncia la impunidad en el feminicidio de su hija, Mar\u00eda del Sol Cruz Jarqu\u00edn, en una obra que combina periodismo, memoria y resistencia ante la indiferencia del Estado mexicano.<\/p>\n\n\n\n<p class=\"wp-block-paragraph\">La periodista present\u00f3 esta ma\u00f1ana su libro en Chetumal y lo har\u00e1 este mi\u00e9rcoles 22 de octubre en Canc\u00fan, con la participaci\u00f3n del director de Diario CAMBIO 22 y la moderaci\u00f3n de Cecilia Sol\u00eds.<br><\/p>\n\n\n\n<p class=\"wp-block-paragraph\">Gabriel Hern\u00e1ndez<\/p>\n\n\n\n<p class=\"wp-block-paragraph\">SemM\u00e9xico\/Cambio 22, Canc\u00fan, Quintana Roo, 22 de octubre de 2025.- La periodista, escritora y activista Soledad Jarqu\u00edn Edgar present\u00f3 este lunes por la ma\u00f1ana, en punto de las 10:00 horas, su libro \u201cRevelaciones de un Crimen de Estado: Impunidad, Corrupci\u00f3n y Complicidad\u201d en el Aula Magna 2 de la Universidad Aut\u00f3noma de Quintana Roo (UAQROO), en la ciudad de Chetumal.<\/p>\n\n\n\n<p class=\"wp-block-paragraph\">El evento reuni\u00f3 a estudiantes, acad\u00e9micos, periodistas y activistas que escucharon el testimonio de una madre que ha convertido el dolor en palabra, la p\u00e9rdida en denuncia y la memoria en una forma de justicia.<\/p>\n\n\n\n<p class=\"wp-block-paragraph\">La obra, publicada en 2024, es una denuncia period\u00edstica y humana que narra el feminicidio de Mar\u00eda del Sol Cruz Jarqu\u00edn, hija de la autora, asesinada el 2 de junio de 2018 en Juchit\u00e1n, Oaxaca, junto con la candidata Pamela Itzamaray Ter\u00e1n Pineda y su chofer Adelfo Jim\u00e9nez Guerra, el crimen a\u00fan impune expone la red de negligencias, corrupci\u00f3n y complicidad pol\u00edtica que impidi\u00f3 la justicia.<\/p>\n\n\n\n<p class=\"wp-block-paragraph\">\u201cEste libro es una forma de justicia que no me dio el Estado. Es tambi\u00e9n un grito para que otras madres no pasen por lo mismo\u201d, expres\u00f3 Soledad Jarqu\u00edn ante un p\u00fablico conmovido.<\/p>\n\n\n\n<p class=\"wp-block-paragraph\"><strong>Segunda presentaci\u00f3n en Canc\u00fan<\/strong><\/p>\n\n\n\n<p class=\"wp-block-paragraph\">Tras su paso por la capital del estado, Soledad Jarqu\u00edn presentar\u00e1 su libro en la ciudad de Canc\u00fan este mi\u00e9rcoles 22 de octubre a las 17:30 del d\u00eda, en el Auditorio de la Universidad La Salle Canc\u00fan, con entrada libre y cupo limitado.<\/p>\n\n\n\n<figure class=\"wp-block-image size-large\"><a href=\"https:\/\/redsemlac.com\/semmexico\/wp-content\/uploads\/2025\/10\/renan-castro-madera-director-diario-CAMBIO-22-c22digital.jpeg\"><img loading=\"lazy\" decoding=\"async\" width=\"1024\" height=\"540\" src=\"https:\/\/redsemlac.com\/semmexico\/wp-content\/uploads\/2025\/10\/renan-castro-madera-director-diario-CAMBIO-22-c22digital-1024x540.jpeg\" alt=\"\" class=\"wp-image-99859\" srcset=\"https:\/\/redsemlac.com\/semmexico\/wp-content\/uploads\/2025\/10\/renan-castro-madera-director-diario-CAMBIO-22-c22digital-1024x540.jpeg 1024w, https:\/\/redsemlac.com\/semmexico\/wp-content\/uploads\/2025\/10\/renan-castro-madera-director-diario-CAMBIO-22-c22digital-300x158.jpeg 300w, https:\/\/redsemlac.com\/semmexico\/wp-content\/uploads\/2025\/10\/renan-castro-madera-director-diario-CAMBIO-22-c22digital-768x405.jpeg 768w, https:\/\/redsemlac.com\/semmexico\/wp-content\/uploads\/2025\/10\/renan-castro-madera-director-diario-CAMBIO-22-c22digital-150x79.jpeg 150w, https:\/\/redsemlac.com\/semmexico\/wp-content\/uploads\/2025\/10\/renan-castro-madera-director-diario-CAMBIO-22-c22digital-696x367.jpeg 696w, https:\/\/redsemlac.com\/semmexico\/wp-content\/uploads\/2025\/10\/renan-castro-madera-director-diario-CAMBIO-22-c22digital-1068x563.jpeg 1068w, https:\/\/redsemlac.com\/semmexico\/wp-content\/uploads\/2025\/10\/renan-castro-madera-director-diario-CAMBIO-22-c22digital.jpeg 1259w\" sizes=\"auto, (max-width: 1024px) 100vw, 1024px\" \/><\/a><\/figure>\n\n\n\n<figure class=\"wp-block-image size-full\"><a href=\"https:\/\/redsemlac.com\/semmexico\/wp-content\/uploads\/2025\/10\/lic-maria-teresa-paredes-hernandez-c22digital.jpg\"><img loading=\"lazy\" decoding=\"async\" width=\"686\" height=\"386\" src=\"https:\/\/redsemlac.com\/semmexico\/wp-content\/uploads\/2025\/10\/lic-maria-teresa-paredes-hernandez-c22digital.jpg\" alt=\"\" class=\"wp-image-99860\" srcset=\"https:\/\/redsemlac.com\/semmexico\/wp-content\/uploads\/2025\/10\/lic-maria-teresa-paredes-hernandez-c22digital.jpg 686w, https:\/\/redsemlac.com\/semmexico\/wp-content\/uploads\/2025\/10\/lic-maria-teresa-paredes-hernandez-c22digital-300x169.jpg 300w, https:\/\/redsemlac.com\/semmexico\/wp-content\/uploads\/2025\/10\/lic-maria-teresa-paredes-hernandez-c22digital-150x84.jpg 150w\" sizes=\"auto, (max-width: 686px) 100vw, 686px\" \/><\/a><\/figure>\n\n\n\n<p class=\"wp-block-paragraph\">El evento contar\u00e1 con la participaci\u00f3n del periodista Ren\u00e1n Castro Madera, director general de nuestra casa editorial, Peri\u00f3dico Diario CAMBIO 22 \u2013 Pen\u00ednsula Libre, y de la licenciada Mar\u00eda Teresa Paredes Hern\u00e1ndez, quienes dialogar\u00e1n con la autora sobre el papel del periodismo, la memoria y la lucha contra la impunidad.<\/p>\n\n\n\n<p class=\"wp-block-paragraph\"><strong>La moderaci\u00f3n estar\u00e1 a cargo de la periodista Cecilia Sol\u00eds.<\/strong><\/p>\n\n\n\n<p class=\"wp-block-paragraph\">Esta actividad forma parte de la gira nacional de presentaci\u00f3n de \u201cRevelaciones de un Crimen de Estado\u201d, una obra que ha sido reconocida en foros acad\u00e9micos y period\u00edsticos por su profundidad, valent\u00eda y compromiso con los derechos humanos.<\/p>\n\n\n\n<p class=\"wp-block-paragraph\">\u201cLa memoria es m\u00e1s fuerte que el silencio\u201d, ha dicho Soledad Jarqu\u00edn, al destacar que su libro no solo busca justicia para su hija, sino tambi\u00e9n para las miles de mujeres asesinadas cuyos casos permanecen sin respuesta.<\/p>\n\n\n\n<p class=\"wp-block-paragraph\">El evento cuenta con el respaldo de Diario CAMBIO 22, Maya Sin Fronteras, CHILA A.C., el Observatorio Ciudadano Nacional del Feminicidio (OCNF), instituciones que impulsan el periodismo y la conciencia social como herramientas para transformar la realidad.<\/p>\n\n\n\n<p class=\"wp-block-paragraph\">GCH<\/p>\n\n\n\n<p class=\"wp-block-paragraph\"><\/p>\n","protected":false},"excerpt":{"rendered":"<p>La autora denuncia la impunidad en el feminicidio de su hija, Mar\u00eda del Sol Cruz Jarqu\u00edn, en una obra que combina periodismo, memoria y resistencia ante la indiferencia del Estado mexicano. La periodista present\u00f3 esta ma\u00f1ana su libro en Chetumal y lo har\u00e1 este mi\u00e9rcoles 22 de octubre en Canc\u00fan, con la participaci\u00f3n del director [&hellip;]<\/p>\n","protected":false},"author":3,"featured_media":99857,"comment_status":"open","ping_status":"open","sticky":false,"template":"","format":"standard","meta":{"_monsterinsights_skip_tracking":false,"footnotes":""},"categories":[47],"tags":[],"class_list":["post-99856","post","type-post","status-publish","format-standard","has-post-thumbnail","category-no-mas-impunidad"],"_links":{"self":[{"href":"https:\/\/redsemlac.com\/semmexico\/wp-json\/wp\/v2\/posts\/99856","targetHints":{"allow":["GET"]}}],"collection":[{"href":"https:\/\/redsemlac.com\/semmexico\/wp-json\/wp\/v2\/posts"}],"about":[{"href":"https:\/\/redsemlac.com\/semmexico\/wp-json\/wp\/v2\/types\/post"}],"author":[{"embeddable":true,"href":"https:\/\/redsemlac.com\/semmexico\/wp-json\/wp\/v2\/users\/3"}],"replies":[{"embeddable":true,"href":"https:\/\/redsemlac.com\/semmexico\/wp-json\/wp\/v2\/comments?post=99856"}],"version-history":[{"count":0,"href":"https:\/\/redsemlac.com\/semmexico\/wp-json\/wp\/v2\/posts\/99856\/revisions"}],"wp:featuredmedia":[{"embeddable":true,"href":"https:\/\/redsemlac.com\/semmexico\/wp-json\/wp\/v2\/media\/99857"}],"wp:attachment":[{"href":"https:\/\/redsemlac.com\/semmexico\/wp-json\/wp\/v2\/media?parent=99856"}],"wp:term":[{"taxonomy":"category","embeddable":true,"href":"https:\/\/redsemlac.com\/semmexico\/wp-json\/wp\/v2\/categories?post=99856"},{"taxonomy":"post_tag","embeddable":true,"href":"https:\/\/redsemlac.com\/semmexico\/wp-json\/wp\/v2\/tags?post=99856"}],"curies":[{"name":"wp","href":"https:\/\/api.w.org\/{rel}","templated":true}]}}