{"id":99841,"date":"2025-10-22T13:08:20","date_gmt":"2025-10-22T19:08:20","guid":{"rendered":"https:\/\/redsemlac.com\/semmexico\/?p=99841"},"modified":"2025-10-22T13:08:21","modified_gmt":"2025-10-22T19:08:21","slug":"escribe-por-los-derechos-logra-que-cancun-realice-evento-de-reparacion-a-wendy-galarza-herida-en-manifestacion-del-2021","status":"publish","type":"post","link":"https:\/\/redsemlac.com\/semmexico\/escribe-por-los-derechos-logra-que-cancun-realice-evento-de-reparacion-a-wendy-galarza-herida-en-manifestacion-del-2021\/","title":{"rendered":"\u201cEscribe por los Derechos\u201d logra que Canc\u00fan realice evento de reparaci\u00f3n a Wendy Galarza herida en manifestaci\u00f3n del 2021"},"content":{"rendered":"\n<p class=\"wp-block-paragraph\"><strong>Inicia campa\u00f1a de Amnist\u00eda Internacional&nbsp;<\/strong><\/p>\n\n\n\n<p class=\"wp-block-paragraph\">Elda Montiel<\/p>\n\n\n\n<p class=\"wp-block-paragraph\">SemM\u00e9xico. Cd. de M\u00e9xico. 22 de octubre 2025.- Amnist\u00eda Internacional inici\u00f3 la campa\u00f1a anual \u201cEscribe por los Derechos\u201d para defender los derechos humanos en el mundo que moviliza a miles de activistas para expresar su solidaridad con personas que defienden la libertad de expresi\u00f3n, el medio ambiente o una educaci\u00f3n segura y digna.<\/p>\n\n\n\n<p class=\"wp-block-paragraph\">En este marco, el gobierno municipal de Canc\u00fan realizar\u00e1 un evento de medidas de no repetici\u00f3n y responsabilidad para Wendy Galarza y otras mujeres que fueron reprimidas al protestar contra la violencia de g\u00e9nero, su caso form\u00f3 parte de Escribe por los Derechos 2021.<\/p>\n\n\n\n<p class=\"wp-block-paragraph\">Las personas activistas que participaron ese a\u00f1o en Escribe por los Derechos lograron reunir 435 mil 179 firmas de apoyo a la Petici\u00f3n promovida en la campa\u00f1a, para que se hiciera justicia a Wendy y las mujeres que fueron reprimidas.&nbsp;Las firmas provinieron de los cinco continentes. Gracias al trabajo comprometido e incansable de las personas activistas de Amnist\u00eda Internacional en todo el mundo.&nbsp;<\/p>\n\n\n\n<p class=\"wp-block-paragraph\">El caso de Wendy Galarza que particip\u00f3 en una marcha para protestar contra la violencia de g\u00e9nero en Canc\u00fan, Quintana Roo, el 9 de noviembre de 2020. La manifestaci\u00f3n fue reprimida por la fuerza policiaca y Wendy recibi\u00f3 dos disparos de bala. Ella sobrevivi\u00f3 al ataque, en tanto que otras mujeres sufrieron diferentes tipos de agresiones. Este caso fue documentado por Amnist\u00eda Internacional en el informe M\u00e9xico: La era de las mujeres. Estigma y violencia contra las mujeres que protestan.&nbsp;<\/p>\n\n\n\n<p class=\"wp-block-paragraph\">\u201cDesde Amnist\u00eda Internacional invitamos a todas las personas a que se sumen a esta campa\u00f1a subiendo sus cartas o escribi\u00e9ndolas directamente en el&nbsp;<a href=\"https:\/\/amnistia.org.mx\/contenido\/index.php\/escribe-por-los-derechos-2026\/\">micrositio de Escribe por los Derechos<\/a>&nbsp;que hemos dise\u00f1ado para ello. Todos y todas podemos aportar nuestras palabras de aliento y de esperanza para impulsar la justicia y la dignidad por la que luchan las personas incluidas este a\u00f1o en Escribe por los Derechos\u201d, precis\u00f3 Edith Olivares Ferreto, directora en M\u00e9xico.<\/p>\n\n\n\n<p class=\"wp-block-paragraph\">Con la participaci\u00f3n solidaria de miles de personas en la campa\u00f1a, Escribe por los Derechos ha logrado que cientos de personas hayan sido liberadas de la pena de muerte, la tortura, el hostigamiento o el encarcelamiento injusto<\/p>\n\n\n\n<p class=\"wp-block-paragraph\">Las cartas se env\u00edan tanto a las y los activistas que son perseguidas o encarceladas por defender sus derechos humanos para que sepan que no est\u00e1n solas y tambi\u00e9n estas cartas se dirigen a los gobiernos y se han logrado que cientos de personas hayan sido liberadas de la pena de muerte, la tortura, el hostigamiento o el encarcelamiento injusto.&nbsp;<\/p>\n\n\n\n<p class=\"wp-block-paragraph\">Este a\u00f1o, la campa\u00f1a incluye a personas que est\u00e1n en la primera l\u00ednea del cambio clim\u00e1tico y la destrucci\u00f3n ambiental, como las j\u00f3venes de la Amazon\u00eda ecuatoriana, quienes se identifican as\u00ed mismas como&nbsp;<em>Guerreras por la Amazon\u00eda<\/em>. Ellas son activistas de entre 10 y 20 a\u00f1os de edad, que defienden el medio ambiente de sus comunidades, junto con la Uni\u00f3n de Afectados y Afectadas por las Operaciones Petroleras de Texaco y el colectivo Eliminen los Mecheros, Enciendan la Vida.<\/p>\n\n\n\n<p class=\"wp-block-paragraph\">En el a\u00f1o 2021 ganaron una sentencia que ordena al Estado ecuatoriano eliminar los quemadores de gas \u2013o \u201cmonstruos de fuego\u201d como ellas los denominan\u2013, pero \u00e9stos siguen ardiendo. Lejos de ser reconocidas por su valent\u00eda, las&nbsp;<em>Guerreras por la Amazon\u00eda<\/em>&nbsp;han sido amenazadas por defender su territorio.<\/p>\n\n\n\n<p class=\"wp-block-paragraph\">En esta edici\u00f3n 2025 tambi\u00e9n se incluye la historia de Juan L\u00f3pez, defensor medioambiental hondure\u00f1o, quien fue asesinado el 14 de septiembre de 2024 por oponerse a proyectos mineros y energ\u00e9ticos que amenazaban los r\u00edos, bosques y el parque nacional Carlos Escaleras Mej\u00eda, de su localidad. La persona que presuntamente le disparo, as\u00ed como dos de sus c\u00f3mplices est\u00e1n en prisi\u00f3n a la espera de un juicio, pero quienes ordenaron el asesinato siguen sin rendir cuentas.&nbsp;<\/p>\n\n\n\n<p class=\"wp-block-paragraph\">Se considera que los ni\u00f1os est\u00e1n en riesgo en Sud\u00e1frica, incluye la muerte de Unecebo Mboteni por caer en una letrina, los padres no han recibido a un a\u00f1o informaci\u00f3n ni de la estancia infantil ni de las autoridades. Lo mismo ocurri\u00f3 con dos ni\u00f1as en 2018.<\/p>\n\n\n\n<p class=\"wp-block-paragraph\">Est\u00e1 la detenci\u00f3n de personas comunicadoras. Sonia Damhani&nbsp;y&nbsp;Sai Zaw Thaike&nbsp;comparten la pasi\u00f3n por el trabajo period\u00edstico, han enfocado su trabajo en la defensa de los derechos de las personas que viven situaciones de marginaci\u00f3n y la denuncia del racismo, entre otros temas<\/p>\n\n\n\n<p class=\"wp-block-paragraph\"><strong>Sonia Damhani<\/strong>&nbsp;fue detenida el 11 de mayo de 2024 y encarcelada en la prisi\u00f3n de Manouba, en T\u00fanez, donde se encuentra en condiciones inhumanas, sometida a un trato denigrante y sin acceso a servicio m\u00e9dico. El gobierno la declar\u00f3 culpable de \u201cdifusi\u00f3n de noticias falsas\u201d, y a\u00fan hay abiertas m\u00e1s investigaciones de \u00edndole pol\u00edtica en su contra. Sonia se enfrenta a numerosos a\u00f1os en prisi\u00f3n.<\/p>\n\n\n\n<p class=\"wp-block-paragraph\">En el caso de&nbsp;<strong>Sai Zaw Thaike<\/strong>, \u00e9l es un fotoperiodista de Myanmar, pa\u00eds del sudeste asi\u00e1tico, quien fue encarcelado por la junta militar de ese pa\u00eds porque inform\u00f3 sobre los devastadores efectos del cicl\u00f3n Mocha que afect\u00f3 a su pa\u00eds en 2023. Al ser detenido fue interrogado y golpeado y en septiembre de ese a\u00f1o un tribunal militar lo conden\u00f3 a 20 a\u00f1os de prisi\u00f3n con trabajos forzados. Los guardias penitenciarios le han propinado palizas y lo han sometido a periodos en aislamiento.<\/p>\n\n\n\n<p class=\"wp-block-paragraph\">Entre los logros se destaca haber salvado a dos personas de la pena de muerte.<\/p>\n\n\n\n<p class=\"wp-block-paragraph\">En el a\u00f1o 2019, se logr\u00f3 la anulaci\u00f3n de la pena de muerte dictada contra el joven sudan\u00e9s&nbsp;<strong>Magai Matiop Ngong<\/strong>, cuyo caso fue incluido en la campa\u00f1a Escribe por los Derechos de ese a\u00f1o. M\u00e1s de 765 mil personas actuaron y escribieron al gobierno de Sud\u00e1n del Sur para expresar su solidaridad con Magai.<\/p>\n\n\n\n<p class=\"wp-block-paragraph\">Otro ejemplo, el caso del adolescente nigeriano&nbsp;<strong>Moses Akatugba<\/strong>, quien fue detenido y condenado a muerte cuando ten\u00eda 15 a\u00f1os, tras haber sido acusado de robar tres tel\u00e9fonos. En 2019 fue puesto en libertad despu\u00e9s de que 800 mil simpatizantes de Amnist\u00eda Internacional mostraran su apoyo.<\/p>\n","protected":false},"excerpt":{"rendered":"<p>Inicia campa\u00f1a de Amnist\u00eda Internacional&nbsp; Elda Montiel SemM\u00e9xico. Cd. de M\u00e9xico. 22 de octubre 2025.- Amnist\u00eda Internacional inici\u00f3 la campa\u00f1a anual \u201cEscribe por los Derechos\u201d para defender los derechos humanos en el mundo que moviliza a miles de activistas para expresar su solidaridad con personas que defienden la libertad de expresi\u00f3n, el medio ambiente o [&hellip;]<\/p>\n","protected":false},"author":3,"featured_media":99845,"comment_status":"open","ping_status":"open","sticky":false,"template":"","format":"standard","meta":{"_monsterinsights_skip_tracking":false,"footnotes":""},"categories":[53],"tags":[],"class_list":["post-99841","post","type-post","status-publish","format-standard","has-post-thumbnail","category-internacional"],"_links":{"self":[{"href":"https:\/\/redsemlac.com\/semmexico\/wp-json\/wp\/v2\/posts\/99841","targetHints":{"allow":["GET"]}}],"collection":[{"href":"https:\/\/redsemlac.com\/semmexico\/wp-json\/wp\/v2\/posts"}],"about":[{"href":"https:\/\/redsemlac.com\/semmexico\/wp-json\/wp\/v2\/types\/post"}],"author":[{"embeddable":true,"href":"https:\/\/redsemlac.com\/semmexico\/wp-json\/wp\/v2\/users\/3"}],"replies":[{"embeddable":true,"href":"https:\/\/redsemlac.com\/semmexico\/wp-json\/wp\/v2\/comments?post=99841"}],"version-history":[{"count":0,"href":"https:\/\/redsemlac.com\/semmexico\/wp-json\/wp\/v2\/posts\/99841\/revisions"}],"wp:featuredmedia":[{"embeddable":true,"href":"https:\/\/redsemlac.com\/semmexico\/wp-json\/wp\/v2\/media\/99845"}],"wp:attachment":[{"href":"https:\/\/redsemlac.com\/semmexico\/wp-json\/wp\/v2\/media?parent=99841"}],"wp:term":[{"taxonomy":"category","embeddable":true,"href":"https:\/\/redsemlac.com\/semmexico\/wp-json\/wp\/v2\/categories?post=99841"},{"taxonomy":"post_tag","embeddable":true,"href":"https:\/\/redsemlac.com\/semmexico\/wp-json\/wp\/v2\/tags?post=99841"}],"curies":[{"name":"wp","href":"https:\/\/api.w.org\/{rel}","templated":true}]}}