{"id":99834,"date":"2025-10-22T12:59:03","date_gmt":"2025-10-22T18:59:03","guid":{"rendered":"https:\/\/redsemlac.com\/semmexico\/?p=99834"},"modified":"2025-10-22T12:59:04","modified_gmt":"2025-10-22T18:59:04","slug":"anuncia-el-gobierno-un-modelo-de-atencion-con-recursos-asignados-ya-en-las-instituciones-no-aumento-de-presupuesto-cancer-de-mama","status":"publish","type":"post","link":"https:\/\/redsemlac.com\/semmexico\/anuncia-el-gobierno-un-modelo-de-atencion-con-recursos-asignados-ya-en-las-instituciones-no-aumento-de-presupuesto-cancer-de-mama\/","title":{"rendered":"Anuncia el gobierno un \u201cmodelo de atenci\u00f3n\u201d con recursos asignados ya en las instituciones, no aumento de presupuesto c\u00e1ncer de mama"},"content":{"rendered":"\n<p class=\"wp-block-paragraph\">Cada hora muere una mujer de c\u00e1ncer de mama, ahora se invertir\u00e1n 8 mil millones en un modelo de atenci\u00f3n<\/p>\n\n\n\n<p class=\"wp-block-paragraph\">Gobierno de la Rep\u00fablica lo llama Modelo de Atenci\u00f3n Universal de C\u00e1ncer de Mama, con una inversi\u00f3n de 8 mil millones de pesos.<\/p>\n\n\n\n<p class=\"wp-block-paragraph\">El programa, anunci\u00f3 la presidenta de la Rep\u00fablica representar\u00e1 \u201cun antes y un despu\u00e9s\u201d.<\/p>\n\n\n\n<p class=\"wp-block-paragraph\">Sara Lovera<\/p>\n\n\n\n<p class=\"wp-block-paragraph\">SemM\u00e9xico, Cd. de M\u00e9xico, 22 de octubre, 2025.- Durante&nbsp; 5 a\u00f1os, el gobierno de la Rep\u00fablica no dio datos espec\u00edficos sobre las muertes por el C\u00e1ncer de Mama, hasta 2023 que INEGI retom\u00f3 los datos globales para reiterar que la muerte por este mal es la primera en mujeres mayores de 25 a\u00f1os. Ahora se anuncia un programa de Atenci\u00f3n Universal con una inversi\u00f3n de 8 mil millones de pesos, y se aclar\u00f3, eso se sacar\u00e1 de los presupuestos de la SSA y del Imss bienestar.<\/p>\n\n\n\n<p class=\"wp-block-paragraph\">El gobierno de la 4 T en 2021 solamente inform\u00f3 sobre las muertes sucedidas en&nbsp; Imss. Si ser\u00e1 como dijo la presidenta&nbsp; Claudia Sheinbaum Pardo un antes y un despu\u00e9s. El antes, en 2014, hace&nbsp; 10 a\u00f1os, s\u00f3lo mor\u00eda la tercera parte de mujeres que este a\u00f1o, o&nbsp; sea s\u00f3lo 9.<\/p>\n\n\n\n<p class=\"wp-block-paragraph\">Dijo la presidenta que \u201cEsto cambia por completo lo que se ha hecho en M\u00e9xico, esto realmente es un modelo de atenci\u00f3n integral al c\u00e1ncer de mama: desde la prevenci\u00f3n hasta el tratamiento de las mujeres\u201d. Efectivamente, entre 2006 y 2025, los programas, las medidas, las normas, fueron insuficientes.&nbsp;&nbsp;&nbsp;&nbsp;&nbsp;&nbsp;&nbsp;&nbsp;<\/p>\n\n\n\n<p class=\"wp-block-paragraph\">Falt\u00f3&nbsp; una real campa\u00f1a masiva de informaci\u00f3n, no medi\u00e1tica, sino casa por casa. Ahora no sabemos c\u00f3mo operar\u00e1 ese programa. Especialistas del IMSS y otras instituciones, hace 6 a\u00f1os ofrecieron un modelo que no se puso en marcha.&nbsp;<\/p>\n\n\n\n<figure class=\"wp-block-image size-full\"><a href=\"https:\/\/redsemlac.com\/semmexico\/wp-content\/uploads\/2025\/10\/image-14.jpeg\"><img loading=\"lazy\" decoding=\"async\" width=\"650\" height=\"380\" src=\"https:\/\/redsemlac.com\/semmexico\/wp-content\/uploads\/2025\/10\/image-14.jpeg\" alt=\"\" class=\"wp-image-99836\" srcset=\"https:\/\/redsemlac.com\/semmexico\/wp-content\/uploads\/2025\/10\/image-14.jpeg 650w, https:\/\/redsemlac.com\/semmexico\/wp-content\/uploads\/2025\/10\/image-14-300x175.jpeg 300w, https:\/\/redsemlac.com\/semmexico\/wp-content\/uploads\/2025\/10\/image-14-150x88.jpeg 150w\" sizes=\"auto, (max-width: 650px) 100vw, 650px\" \/><\/a><\/figure>\n\n\n\n<p class=\"wp-block-paragraph\">Presidenta anuncia inversi\u00f3n para Modelo de Atenci\u00f3n Universal de C\u00e1ncer de Mama<\/p>\n\n\n\n<p class=\"wp-block-paragraph\">Ahora la presidenta y el secretario de salud, tras d\u00edas en que incluso las diputadas de Morena pidieron hacer algo, inform\u00f3 que la inversi\u00f3n permitir\u00e1 adquirir, entre 2026 y 2027, mil mast\u00f3grafos, mil ultrasonidos, insumos y reactivos; aperturar\u00e1n 20 Centros de Diagn\u00f3stico con Personal de Imagen y Patolog\u00eda; as\u00ed como 32 Unidades Hospitalarias, en cada estado del pa\u00eds, para la atenci\u00f3n oncol\u00f3gica para la mujer.<\/p>\n\n\n\n<p class=\"wp-block-paragraph\">En el a\u00f1o dos mil hab\u00eda&nbsp; 63 mast\u00f3grafos en la SSA, y&nbsp; se realizaron 43 065 estudios de mastograf\u00eda de tamizaje, lo que equivale a una cobertura de 0.77% de las mujeres de 40 a\u00f1os y m\u00e1s de la poblaci\u00f3n abierta.&nbsp; O sea hace 25 a\u00f1os, ahora la cobertura es del 27 por ciento, un avance de poco m\u00e1s de un punto cada a\u00f1o.<\/p>\n\n\n\n<p class=\"wp-block-paragraph\">En promedio, se tomaron 3.1 mastograf\u00edas por mast\u00f3grafo en un d\u00eda h\u00e1bil, es decir, un 25% de la capacidad instalada por turno. Ello por falta de especialistas . Se crearon mecanismos institucionales, pero pocos instrumentos&nbsp; t\u00e9cnicos. En 7 a\u00f1os adem\u00e1s no hubo dinero y se cerraron MICAELA &nbsp; y Programa de Atenci\u00f3n Integral del C\u00e1ncer de Mama (PAICMA) que se hab\u00eda puesto en marcha en 2004.<\/p>\n\n\n\n<p class=\"wp-block-paragraph\"><strong>En septiembre de 2003 se public\u00f3 la NOM-041-SSA2-2002.<\/strong><\/p>\n\n\n\n<p class=\"wp-block-paragraph\">Las acciones entre 2000 y20016 lograron que las cifras&nbsp; de decesos se mantuvieran entre 4 y 6 mil muertes al a\u00f1o, es decir entre 12 y 14 cada d\u00eda. En los \u00faltimos 7 a\u00f1os, se dispar\u00f3 a 24, o sea 10 m\u00e1s al d\u00eda&nbsp; que hace 7 a\u00f1os. todos los d\u00edas.<\/p>\n\n\n\n<p class=\"wp-block-paragraph\"><strong>El antes y&nbsp; despu\u00e9s, es de AMLO a 2027<\/strong><\/p>\n\n\n\n<p class=\"wp-block-paragraph\">La Presidenta Claudia Sheinbaum Pardo anunci\u00f3 una inversi\u00f3n de 8 mil millones de pesos (mdp) que se destinar\u00e1 al&nbsp;Modelo de Atenci\u00f3n Universal de C\u00e1ncer de Mama, que marcar\u00e1 un antes y un despu\u00e9s en la atenci\u00f3n de esta enfermedad, que en M\u00e9xico es la principal causa de muerte en mujeres.<\/p>\n\n\n\n<p class=\"wp-block-paragraph\">Inform\u00f3 que para ello se adquirir\u00e1n, entre 2026 y 2027, mil mast\u00f3grafos, mil ultrasonidos, \u2014que se sumar\u00e1n a los 656 mast\u00f3grafos que ya est\u00e1n en operaci\u00f3n en 640 hospitales\u2014que estar\u00e1n en los&nbsp;Nuevos Centros de Detecci\u00f3n,.<\/p>\n\n\n\n<p class=\"wp-block-paragraph\">Dijo que e aperturar\u00e1n&nbsp;20 Centros de Diagn\u00f3stico&nbsp;con personal de imagen y patolog\u00eda para la interpretaci\u00f3n de los estudios y se construir\u00e1n&nbsp;32 Unidades Hospitalarias de Atenci\u00f3n Oncol\u00f3gica&nbsp;para la mujeres, uno en cada estado.<\/p>\n\n\n\n<p class=\"wp-block-paragraph\"><strong>Lo que se debiera<\/strong><\/p>\n\n\n\n<p class=\"wp-block-paragraph\">En pa\u00edses de primer mundo, se considera un sistema eficaz aquel que logra que al menos el 70% de las candidatas acceda a una mamograf\u00eda en el tiempo recomendado.&nbsp;<\/p>\n\n\n\n<p class=\"wp-block-paragraph\">Sin embargo en nuestro pa\u00eds solamente el 27.4% de mujeres de 50-69 acceden al estudio. M\u00e9xico cuenta apenas con 10 mam\u00f3grafos por cada mill\u00f3n de habitantes y con tan solo 260 radi\u00f3logas y radi\u00f3logos especializados exclusivamente en patolog\u00eda mamaria.&nbsp;<\/p>\n\n\n\n<p class=\"wp-block-paragraph\">Estos factores, representan una barrera considerable para lograr programas de tamizaje exitosos, pues dificultan tanto el acceso como la interpretaci\u00f3n de los estudios<\/p>\n\n\n\n<p class=\"wp-block-paragraph\"><strong>El programa presidencial<\/strong><\/p>\n\n\n\n<p class=\"wp-block-paragraph\">La presidenta&nbsp; &nbsp; dijo:\u201c El programa que estamos presentando es para realmente hacer un modelo integral, universal para todas las mujeres mexicanas, que el riesgo principal est\u00e1 en mujeres de 40 y m\u00e1s a\u00f1os.&nbsp;<\/p>\n\n\n\n<p class=\"wp-block-paragraph\">Que las mujeres&nbsp; tengan la posibilidad de hacerse una mastograf\u00eda cada dos a\u00f1os y un ultrasonido, que si encuentran que hay alg\u00fan riesgo puedan dirigirse a hacerse la biopsia y en caso de tener c\u00e1ncer que pueda ser la atenci\u00f3n temprana. Lo de cada 2 a\u00f1os es una recomendaci\u00f3n de hace 25, seg\u00fan Prenilunia, el c\u00e1ncer de mama est\u00e1 apareciendo antes de los 25 a\u00f1os, por lo que no basta con un proyecto a partir de los 40 a\u00f1os.&nbsp;<\/p>\n\n\n\n<p class=\"wp-block-paragraph\">Por eso son mil mast\u00f3grafos y mil ultrasonidos que se van a adquirir y el personal t\u00e9cnico que tiene que operarlos; 20 Centros, adem\u00e1s de los que ya existen, solamente de interpretaci\u00f3n de la imagen. Si te hiciste la mastograf\u00eda en un lugar alejado, no necesariamente ah\u00ed te interpretan, pero v\u00eda internet pasa tu imagen a un lugar en donde ah\u00ed los est\u00e1n interpretando y te pueden dar el resultado de una manera expedita, si tienes alg\u00fan riesgo ya te dirigen al centro oncol\u00f3gico de tu estado para que ah\u00ed puedan hacer la biopsia y en caso de encontrar que tienes c\u00e1ncer de inmediato iniciar tu tratamiento.&nbsp;Es una inversi\u00f3n muy importante, es un antes y un despu\u00e9s en la atenci\u00f3n del c\u00e1ncer de mama&nbsp;y el objetivo es reducir muertes\u201d, resalt\u00f3 en la conferencia matutina: \u201cLas ma\u00f1aneras del pueblo\u201d.<\/p>\n\n\n\n<p class=\"wp-block-paragraph\">Destac\u00f3 que se trata de un compromiso del Gobierno de M\u00e9xico con las mujeres para atender de manera integral dicha enfermedad con una inversi\u00f3n de 8 mil mdp, que la mitad la destinar\u00e1 el Instituto Mexicano del Seguro Social a sus derechohabientes y la otra mitad, el Gobierno de M\u00e9xico, a trav\u00e9s del IMSS Bienestar y del Instituto de Seguridad y Servicios Sociales de los Trabajadores del Estado (ISSSTE).<\/p>\n\n\n\n<p class=\"wp-block-paragraph\"><strong>El Secretario de Salud Explic\u00f3<\/strong><\/p>\n\n\n\n<p class=\"wp-block-paragraph\">El secretario de Salud, David Kershenobich Stalnikowitz, detall\u00f3 que el&nbsp;Modelo de Atenci\u00f3n Universal de C\u00e1ncer de Mama&nbsp;se basa en cinco ejes:&nbsp;Promoci\u00f3n&nbsp;con campa\u00f1as educativas;&nbsp;<\/p>\n\n\n\n<p class=\"wp-block-paragraph\">Prevenci\u00f3n de factores de riesgo&nbsp;como obesidad, sedentarismo, consumo de alcohol y tabaquismo;&nbsp;<\/p>\n\n\n\n<p class=\"wp-block-paragraph\">Detecci\u00f3n oportuna&nbsp;para lo cual se implementar\u00e1 una campa\u00f1a para incentivar la autoexploraci\u00f3n mamaria a partir de los 20 a\u00f1os y mastograf\u00eda bianual a mujeres mayores de 40 a\u00f1os;<\/p>\n\n\n\n<p class=\"wp-block-paragraph\">&nbsp;Diagn\u00f3stico&nbsp;con toma de biopsia; y&nbsp;Tratamiento&nbsp;por medio de cirug\u00eda, quimioterapia o radioterapia.<\/p>\n\n\n\n<p class=\"wp-block-paragraph\">Explic\u00f3 con la adquisici\u00f3n del nuevo equipo, se estima que para 2026-2027, haya mil 656 mast\u00f3grafos que permitir\u00e1n hacer 8.9 millones de estudios anuales, 34 mil 327 al d\u00eda y 21 diarios por equipo, esto, a trav\u00e9s de los&nbsp;62 Centros de Detecci\u00f3n&nbsp;que existir\u00e1n en ese momento: 20 nuevos y 42 existentes.<\/p>\n\n\n\n<p class=\"wp-block-paragraph\">&nbsp;Puntualiz\u00f3 que este ser\u00e1 el primer programa que permitir\u00e1 la atenci\u00f3n integral en todo el sector p\u00fablico de salud a las mujeres independientemente de su derechohabiencia.<\/p>\n\n\n\n<p class=\"wp-block-paragraph\">Se\u00f1al\u00f3 que la poblaci\u00f3n en riesgo es de 25.5 millones de mujeres mayores de 40 a\u00f1os y destac\u00f3 que <strong>aproximadamente cada hora muere una mujer<\/strong> por c\u00e1ncer de mama, por ello, los tiempos de detecci\u00f3n y atenci\u00f3n son indispensables para garantizar el mejor tratamiento posible.<\/p>\n\n\n\n<p class=\"wp-block-paragraph\">La mastograf\u00eda de tamizaje en mujeres mayores de 40 a\u00f1os debe realizarse cada dos a\u00f1os, el tiempo entre la sospecha al diagn\u00f3stico no debe superar los 30 d\u00edas y el tiempo entre el diagn\u00f3stico ser\u00e1 de 21 d\u00edas. \u201cEl mensaje es detectarlo a tiempo, porque el c\u00e1ncer de mama detectado a tiempo es completamente curable\u201d, se\u00f1al\u00f3.<\/p>\n\n\n\n<p class=\"wp-block-paragraph\">El director general del IMSS Bienestar, Alejandro Svarch P\u00e9rez, inform\u00f3 que el nuevo Hospital Oncol\u00f3gico para la Mujer \u201cLa Pastora\u201d de la Ciudad de M\u00e9xico, que se inaugurar\u00e1 en diciembre, tiene una inversi\u00f3n de m\u00e1s de 300 mdp, contar\u00e1 con dos mast\u00f3grafos que permitir\u00e1 atender a m\u00e1s de 6 mil mujeres al a\u00f1o por equipo, mientras que la Unidad rob\u00f3tica de an\u00e1lisis de patolog\u00eda va a reducir los tiempos de confirmaci\u00f3n a menos de la mitad, haciendo hasta mil 200 pruebas por turno. Detall\u00f3 que&nbsp;este nuevo hospital se convertir\u00e1 en la primera unidad oncol\u00f3gica integral, gratuita y universal bajo conducci\u00f3n del IMSS Bienestar que dar\u00e1 atenci\u00f3n desde la prevenci\u00f3n, el diagn\u00f3stico, el tratamiento y el acompa\u00f1amiento.<\/p>\n\n\n\n<p class=\"wp-block-paragraph\"><strong>Programa integral de atenci\u00f3n al c\u00e1ncer de mama salva la vida de mujeres<\/strong><\/p>\n\n\n\n<p class=\"wp-block-paragraph\">Este se llam\u00f3&nbsp; as\u00ed, fue de 2014. En&nbsp; dos a\u00f1os, salv\u00f3 la vida de m\u00e1s de 4000 mujeres que padecieron c\u00e1ncer de mama, al ser detectadas y atendidas oportunamente.&nbsp; Ah\u00ed hubo&nbsp; una inversi\u00f3n anual de 2 mil 100 millones de pesos para la prevenci\u00f3n, diagn\u00f3stico, pruebas de laboratorio, tratamiento de c\u00e1ncer y reconstrucci\u00f3n de senos, la Secretar\u00eda de Salud de esa entidad lleva a cabo un intenso programa para salvar la vida de las mujeres que padecen esa enfermedad.&nbsp;<\/p>\n\n\n\n<p class=\"wp-block-paragraph\">El Programa de Atenci\u00f3n Integral del C\u00e1ncer de Mama (PAICMA) se cre\u00f3 en la Ciudad de M\u00e9xico a partir de un proyecto piloto que se consolid\u00f3 con un convenio bianual en&nbsp;2004., en 2018 la presidenta, entonces jefa de gobierno,&nbsp; los desapareci\u00f3.<\/p>\n\n\n\n<p class=\"wp-block-paragraph\">Seg\u00fan INEGI&nbsp; el c\u00e1ncer de mama (CaMa) afecta en mayor medida a las mujeres del norte que del sur del pa\u00eds. Entre las entidades federativas, Sonora registr\u00f3 la tasa m\u00e1s elevada con 27.5 por cada 100 mil mujeres, seguida por Chihuahua con 25.2. En contraste, las tasas m\u00e1s bajas se ubicaron en Campeche, con 9.9, y Guerrero, con 11.0.<\/p>\n\n\n\n<p class=\"wp-block-paragraph\">M\u00e9xico&nbsp; varios programas contra el c\u00e1ncer, incluyendo apoyos gubernamentales como&nbsp;el programa para ni\u00f1as y ni\u00f1os con c\u00e1ncer que ofrece apoyo econ\u00f3mico bimestral a familias sin seguridad social, y el Programa MICAELA para mujeres con c\u00e1ncer cervicouterino.&nbsp;Organizaciones no gubernamentales como la&nbsp;<a href=\"https:\/\/amlcc.org\/\">Asociaci\u00f3n Mexicana de Lucha Contra el C\u00e1ncer (AMLCC)<\/a>,&nbsp;<a href=\"https:\/\/www.fucam.org.mx\/\">FUCAM<\/a>&nbsp;y la&nbsp;<a href=\"https:\/\/www.fundacioncancerwarriorsdemexico.org\/\">Fundaci\u00f3n C\u00e1ncer Warriors de M\u00e9xico<\/a>&nbsp;tambi\u00e9n ofrecen apoyo integral, prevenci\u00f3n y acompa\u00f1amiento.&nbsp;Estos programas desaparecieron con la&nbsp; &nbsp; 4T, m\u00e1s el Seguro Popular,&nbsp; ahora&nbsp; el anuncio apunta a retomar el problema.<\/p>\n\n\n\n<p class=\"wp-block-paragraph\"><strong>No logr\u00f3 desaparecer todo<\/strong><\/p>\n\n\n\n<p class=\"wp-block-paragraph\">La NORMA Oficial Mexicana NOM-041-SSA2-2011,&nbsp;Para la prevenci\u00f3n, diagn\u00f3stico, tratamiento, control y vigilancia epidemiol\u00f3gica del c\u00e1ncer de mama se mantiene , a pesar de que la pretendi\u00f3 desaparecer el gobierno de AMLO.<\/p>\n\n\n\n<p class=\"wp-block-paragraph\"><strong>Propuesta desde&nbsp; hace 10 a\u00f1os<\/strong><\/p>\n\n\n\n<p class=\"wp-block-paragraph\">La investigaci\u00f3n <em>Estado actual del c\u00e1ncer de mama en M\u00e9xico: principales tipos y factores de riesgo de <\/em>Mar\u00eda T.&nbsp;Arceo-Mart\u00ednez<a href=\"https:\/\/www.scielo.org.mx\/scielo.php?script=sci_arttext&amp;pid=S2565-005X2021000300101#aff1\"><sup>,<\/sup><\/a> Joel E.&nbsp;L\u00f3pez-Meza, Alejandra&nbsp;Ochoa-Zarzosa y Zoraya&nbsp;Palomera-S\u00e1nchez explica como en M\u00e9xico a partir de 2006 el CaMa constituye la primera causa de muerte por patolog\u00eda maligna en mujeres mayores de 25 a\u00f1os, superando la mortalidad por c\u00e1ncer cervicouterino. Lo que oblig\u00f3 a crear un programa&nbsp; nacional centrado en la informaci\u00f3n masiva y el tamizaje.&nbsp;<\/p>\n\n\n\n<p class=\"wp-block-paragraph\">Ambas cosas&nbsp; desaparecieron y a partir de 2019&nbsp; las muertes por CaMa pasaron de 6 mil&nbsp; a 7 mil en 2022 y&nbsp; a m\u00e1s de8 mil&nbsp; en 2024. De 9 muertes diarias a&nbsp; 24, como ayer dijo el actual secretario de salud del gobierno de Sheinbaum Pardo.<\/p>\n\n\n\n<p class=\"wp-block-paragraph\">&nbsp;Un dato relevante es el hecho de que en M\u00e9xico m\u00e1s de 75% de los casos son diagnosticados en etapas localmente avanzadas de la enfermedad (II, III y IV) de acuerdo con datos del Registro Histopatol\u00f3gico de Neoplasias Malignas (RHNM)<\/p>\n\n\n\n<p class=\"wp-block-paragraph\">Actualmente, existe consenso en la literatura cient\u00edfica de que una de las medidas m\u00e1s efectivas para reducir la mortalidad por CaMa es la prevenci\u00f3n secundaria. La detecci\u00f3n temprana y el diagn\u00f3stico en estadios m\u00e1s iniciales mejoran el pron\u00f3stico de la enfermedad.<\/p>\n\n\n\n<p class=\"wp-block-paragraph\">En t\u00e9rminos generales, la detecci\u00f3n temprana se enfoca en descubrir y curar las condiciones que producen un efecto patol\u00f3gico sin que necesariamente se presenten signos y s\u00edntomas visibles de la afecci\u00f3n. Para el caso espec\u00edfico del CaMa, existen diversos mecanismos para detectar la enfermedad como son la autoexploraci\u00f3n, la exploraci\u00f3n cl\u00ednica mamaria y el tamizaje mamogr\u00e1fico a fin de identificarlo en estadios mucho m\u00e1s tempranos.<sup>11-14<\/sup>&nbsp;M\u00faltiples estudios recomiendan desarrollar programas de tamizaje mamogr\u00e1fico para reducir significativamente la morbi-mortalidad del CaMa, dado que permite diagnosticar la patolog\u00eda en etapas donde a\u00fan no se presentan signos y s\u00edntomas, lo cual mejora de manera importante el pron\u00f3stico de la enfermedad.<\/p>\n\n\n\n<p class=\"wp-block-paragraph\">El tamizaje es una estrategia empleada para detectar enfermedades precozmente. Consiste en llevar a cabo una selecci\u00f3n de individuos que pueden estar enfermos o en riesgo de padecer una determinada enfermedad de los que no lo est\u00e1n.<sup>15<\/sup>&nbsp;Existen dos tipos de tamizaje para la detecci\u00f3n del CaMa: tamizaje poblacional y tamizaje de oportunidad. El primero opera como programa organizado de salud p\u00fablica promovido generalmente por las autoridades de salud. Implica la aplicaci\u00f3n de pruebas a grandes vol\u00famenes de poblaci\u00f3n considerada en riesgo, y tienen como meta el descenso de la mortalidad. El segundo sucede fuera de un programa formal, y en \u00e9ste el proveedor de salud env\u00eda una mujer sin s\u00edntomas a realizarse una prueba. Ambas estrategias deben asegurar la valoraci\u00f3n diagn\u00f3stica de las mujeres en caso de que se descubran anormalidades y, m\u00e1s a\u00fan, el acceso a m\u00e9todos terap\u00e9uticos y de seguimiento adecuados y pertinentes.<\/p>\n\n\n\n<p class=\"wp-block-paragraph\">La efectividad y los beneficios del tamizaje del CaMa mediante mamograf\u00eda han sido ampliamente estudiados en diferentes pa\u00edses del mundo, a trav\u00e9s de ensayos aleatorios controlados y meta-an\u00e1lisis. Los resultados han permitido demostrar reducci\u00f3n de la mortalidad variable (hasta de 30%) seg\u00fan la edad, los a\u00f1os de seguimiento, la adherencia al programa, el n\u00famero de mujeres y la periodicidad de la mamograf\u00eda.&nbsp;Los mayores beneficios se reportan en mujeres entre los 50 y 69 a\u00f1os.<\/p>\n\n\n\n<p class=\"wp-block-paragraph\">A partir del ingreso del CaMa a las prioridades program\u00e1ticas en materia de salud de se han desarrollado programas espec\u00edficos para la detecci\u00f3n temprana de la enfermedad.<sup>36-40<\/sup>&nbsp;M\u00e9xico mantuvo integrado el componente de CaMa al programa de CaCu durante m\u00e1s de 25 a\u00f1os (Programa Nacional de Detecci\u00f3n Oportuna de C\u00e1ncer cervicouterino y c\u00e1ncer de mama). En la actualidad, las instituciones de seguridad social, Instituto Mexicano del Seguro Social (IMSS) y el Instituto de Seguridad y Servicios Sociales de los Trabajadores del Estado (ISSSTE), mantienen el componente de c\u00e1ncer de mama dentro de los programas \u00abModelo de Atenci\u00f3n Integral a la Salud Ginecol\u00f3gica\u00bb&nbsp;y \u00abPrograma Institucional de Atenci\u00f3n a Neoplasias\u00bb<sup>43<\/sup>&nbsp;respectivamente. A ra\u00edz del incremento de la morbi-mortalidad por CaMa, las autoridades de salud mexicanas deciden, en 2002, separar los dos componentes (CaCu y CaMa) en programas espec\u00edficos.<\/p>\n\n\n\n<p class=\"wp-block-paragraph\"><strong>Otros mecanismos<\/strong><\/p>\n\n\n\n<p class=\"wp-block-paragraph\">Hoy si se quieren bajar los decesos&nbsp; el desaf\u00edo es desarrollar pol\u00edticas efectivas de detecci\u00f3n temprana del CaMa son:<\/p>\n\n\n\n<p class=\"wp-block-paragraph\">&nbsp;a) lograr una mayor articulaci\u00f3n interinstitucional e intersectorial entre las organizaciones gubernamentales y otros actores como las agremiaciones profesionales y las organizaciones de la sociedad civil;&nbsp;<\/p>\n\n\n\n<p class=\"wp-block-paragraph\">b) garantizar la aplicaci\u00f3n de la normatividad y de los programas establecidos para la prevenci\u00f3n secundaria del c\u00e1ncer de mama en cada uno de los pa\u00edses de la regi\u00f3n;<\/p>\n\n\n\n<p class=\"wp-block-paragraph\">&nbsp;c) consolidar sistemas de evaluaci\u00f3n, monitoreo y seguimiento de los programas de prevenci\u00f3n secundaria con el fin de conocer los resultados e impacto de su aplicaci\u00f3n sobre la poblaci\u00f3n afectada con la enfermedad;<\/p>\n\n\n\n<p class=\"wp-block-paragraph\">d) desarrollar la capacidad rectora de las autoridades sanitarias (la cual es diferente en cada pa\u00eds) para que cumplan un papel de coordinaci\u00f3n en la movilizaci\u00f3n de recursos con miras a mejorar la equidad en el acceso a la atenci\u00f3n, particularmente de las mujeres de menores recursos econ\u00f3micos.<\/p>\n\n\n\n<p class=\"wp-block-paragraph\">La ejecuci\u00f3n de las pol\u00edticas es sin duda la gran prueba de puesta en operaci\u00f3n del marco normativo. Aqu\u00ed se requiere de una gran voluntad para movilizar recursos financieros, tecnol\u00f3gicos y humanos. Por tanto, una pol\u00edtica sin una planeaci\u00f3n adecuada de la participaci\u00f3n de los actores involucrados, p\u00fablicos y privados y una definici\u00f3n presupuestaria precisa, dif\u00edcilmente tendr\u00e1 un futuro exitoso, advierten.&nbsp;<\/p>\n\n\n\n<figure class=\"wp-block-image size-full\"><a href=\"https:\/\/redsemlac.com\/semmexico\/wp-content\/uploads\/2025\/10\/image-15.jpeg\"><img loading=\"lazy\" decoding=\"async\" width=\"336\" height=\"386\" src=\"https:\/\/redsemlac.com\/semmexico\/wp-content\/uploads\/2025\/10\/image-15.jpeg\" alt=\"\" class=\"wp-image-99837\" srcset=\"https:\/\/redsemlac.com\/semmexico\/wp-content\/uploads\/2025\/10\/image-15.jpeg 336w, https:\/\/redsemlac.com\/semmexico\/wp-content\/uploads\/2025\/10\/image-15-261x300.jpeg 261w, https:\/\/redsemlac.com\/semmexico\/wp-content\/uploads\/2025\/10\/image-15-150x172.jpeg 150w, https:\/\/redsemlac.com\/semmexico\/wp-content\/uploads\/2025\/10\/image-15-300x345.jpeg 300w\" sizes=\"auto, (max-width: 336px) 100vw, 336px\" \/><\/a><\/figure>\n\n\n\n<p class=\"wp-block-paragraph\"><strong>Es mucho m\u00e1s que un modelo, debe ser una pol\u00edtica<\/strong><\/p>\n\n\n\n<p class=\"wp-block-paragraph\">El programa deber\u00eda primeramente en la Coordinaci\u00f3n de Atenci\u00f3n Oncol\u00f3gica del IMSS y posteriormente en las Unidades M\u00e9dicas de Alta Especialidad (UMAE); se iniciar\u00e1 con un piloto en el Hospital de Oncolog\u00eda del Centro M\u00e9dico Nacional (CMN) Siglo XXI en la Ciudad de M\u00e9xico para posteriormente implementarse de manera gradual en las Unidades m\u00e9dicas especializadas para el tratamiento de \u00e9ste tipo de c\u00e1ncer.<\/p>\n\n\n\n<p class=\"wp-block-paragraph\">Este programa deber\u00eda incluir&nbsp; -para lo que no hay dinero-&nbsp; apoyo emocional y un kit que contiene una mascada que a\u00edsla su cuero cabelludo que por efecto de la quimioterapia se vuelve muy sensible, adem\u00e1s simboliza el auto amor y el reconocer que la feminidad en cada mujer va m\u00e1s all\u00e1 del pelo; servir\u00e1 para mostrar su personalidad (eligiendo el color, forma de colocarla, etc.), adem\u00e1s de dar confort, ya que es transpirable y suave al ser de bamb\u00fa; una cobija donde se colocan ciertos elementos de acuerdo con las vivencias, sobre todo servir\u00e1 en las quimioterapias ambulatorias; un l\u00e1piz con un QR, el cual al abrirlo contiene un manual con informaci\u00f3n b\u00e1sica de esta enfermedad, as\u00ed como un cuadernillo donde pueden escribir sus sentimientos.<\/p>\n\n\n\n<p class=\"wp-block-paragraph\">Tambi\u00e9n acciones de apoyo como: orientaci\u00f3n sobre pr\u00f3tesis, limpieza facial, capacitaci\u00f3n a trav\u00e9s de talleres, aromaterapia y resiliencia, clases de yoga, etc\u00e9tera.<\/p>\n\n\n\n<p class=\"wp-block-paragraph\">Las Trabajadoras Sociales de cada unidad m\u00e9dica donde se atiende c\u00e1ncer de mama, tendr\u00e1n la informaci\u00f3n disponible para que las derechohabientes participen en este programa \u201cTeje tus alas\u201d.<\/p>\n\n\n\n<p class=\"wp-block-paragraph\">Estas acciones las propuso hace 6 a\u00f1os Javier Enrique L\u00f3pez Aguilar, Titular de la Coordinaci\u00f3n de Atenci\u00f3n Oncol\u00f3gica del IMSS.<\/p>\n","protected":false},"excerpt":{"rendered":"<p>Cada hora muere una mujer de c\u00e1ncer de mama, ahora se invertir\u00e1n 8 mil millones en un modelo de atenci\u00f3n Gobierno de la Rep\u00fablica lo llama Modelo de Atenci\u00f3n Universal de C\u00e1ncer de Mama, con una inversi\u00f3n de 8 mil millones de pesos. El programa, anunci\u00f3 la presidenta de la Rep\u00fablica representar\u00e1 \u201cun antes y [&hellip;]<\/p>\n","protected":false},"author":3,"featured_media":99838,"comment_status":"open","ping_status":"open","sticky":false,"template":"","format":"standard","meta":{"_monsterinsights_skip_tracking":false,"footnotes":""},"categories":[694,903],"tags":[],"class_list":["post-99834","post","type-post","status-publish","format-standard","has-post-thumbnail","category-destacadas","category-presidenta-y-mas"],"_links":{"self":[{"href":"https:\/\/redsemlac.com\/semmexico\/wp-json\/wp\/v2\/posts\/99834","targetHints":{"allow":["GET"]}}],"collection":[{"href":"https:\/\/redsemlac.com\/semmexico\/wp-json\/wp\/v2\/posts"}],"about":[{"href":"https:\/\/redsemlac.com\/semmexico\/wp-json\/wp\/v2\/types\/post"}],"author":[{"embeddable":true,"href":"https:\/\/redsemlac.com\/semmexico\/wp-json\/wp\/v2\/users\/3"}],"replies":[{"embeddable":true,"href":"https:\/\/redsemlac.com\/semmexico\/wp-json\/wp\/v2\/comments?post=99834"}],"version-history":[{"count":0,"href":"https:\/\/redsemlac.com\/semmexico\/wp-json\/wp\/v2\/posts\/99834\/revisions"}],"wp:featuredmedia":[{"embeddable":true,"href":"https:\/\/redsemlac.com\/semmexico\/wp-json\/wp\/v2\/media\/99838"}],"wp:attachment":[{"href":"https:\/\/redsemlac.com\/semmexico\/wp-json\/wp\/v2\/media?parent=99834"}],"wp:term":[{"taxonomy":"category","embeddable":true,"href":"https:\/\/redsemlac.com\/semmexico\/wp-json\/wp\/v2\/categories?post=99834"},{"taxonomy":"post_tag","embeddable":true,"href":"https:\/\/redsemlac.com\/semmexico\/wp-json\/wp\/v2\/tags?post=99834"}],"curies":[{"name":"wp","href":"https:\/\/api.w.org\/{rel}","templated":true}]}}