{"id":9972,"date":"2019-07-22T17:09:32","date_gmt":"2019-07-22T17:09:32","guid":{"rendered":"https:\/\/redsemlac.com\/semmexico\/?p=9972"},"modified":"2023-07-21T14:51:23","modified_gmt":"2023-07-21T19:51:23","slug":"uady-cuenta-con-protocolo-para-atender-violencia-de-genero","status":"publish","type":"post","link":"https:\/\/redsemlac.com\/semmexico\/uady-cuenta-con-protocolo-para-atender-violencia-de-genero\/","title":{"rendered":"UADY cuenta con protocolo para atender violencia de g\u00e9nero"},"content":{"rendered":"\n<p class=\"wp-block-paragraph\"><strong>* Atender\u00e1n casos, pero tambi\u00e9n\nrealizar\u00e1n talleres, pl\u00e1ticas y campa\u00f1as<\/strong><\/p>\n\n\n\n<p class=\"wp-block-paragraph\"><strong>* Es una respuesta a los casos de\nacoso y hostigamiento denunciados <\/strong><\/p>\n\n\n\n<p class=\"wp-block-paragraph\"><strong>Lorena Castellanos Rinc\u00f3n.&nbsp;<\/strong><\/p>\n\n\n\n<p class=\"wp-block-paragraph\">SemM\u00e9xico,\nM\u00e9rida, Yuc., 22 julio 2019.- El Consejo Universitario de la Universidad\nAut\u00f3noma de Yucat\u00e1n aprob\u00f3 por unanimidad el establecimiento del Protocolo para\nla Prevenci\u00f3n, Atenci\u00f3n y Sanci\u00f3n de la Violencia de G\u00e9nero, convirti\u00e9ndose en\nla primera instituci\u00f3n de nivel superior del sureste mexicano en contar con\nuno.<\/p>\n\n\n\n<p class=\"wp-block-paragraph\">El\ndocumento, elaborado por el Programa Institucional de Igualdad de G\u00e9nero de la\nuniversidad alrededor del a\u00f1o 2016 y aprobado a principios de mes, contempla\nacciones para prevenir y mitigar casos de discriminaci\u00f3n, hostigamiento, acoso\ny abuso sexual que sucedan dentro de cualquier campus o alguna de las tres\npreparatorias de la UADY.&nbsp;<\/p>\n\n\n\n<p class=\"wp-block-paragraph\">En\nentrevista con SemM\u00e9xico, Rosa Elena Cruz Pech, cofundadora de la campa\u00f1a UADY\nSin Acoso, detall\u00f3 que, adem\u00e1s de estas acciones, el protocolo tambi\u00e9n\ndictamina la realizaci\u00f3n de una campa\u00f1a de prevenci\u00f3n que incluye talleres,\npl\u00e1ticas y materias enfocadas al tema de g\u00e9nero, dirigidos tanto a estudiantes\ncomo a los docentes y al personal manual y administrativo de la instituci\u00f3n.&nbsp;<\/p>\n\n\n\n<p class=\"wp-block-paragraph\">Cabe\nrecordar que el mes pasado, estudiantes de la Preparatoria N\u00famero Uno,\nperteneciente a la Universidad, se manifestaron en apoyo de una compa\u00f1era que\ndenunci\u00f3 a su profesor de acoso sexual, quien fue debidamente despedido. D\u00edas\ndespu\u00e9s surgieron casos similares que se hicieron p\u00fablicos y fueron difundidos\npor los medios de comunicaci\u00f3n.<\/p>\n\n\n\n<p class=\"wp-block-paragraph\">De\nacuerdo con la tambi\u00e9n estudiante de la Facultad de Antropolog\u00eda de la UADY,\nestos casos, aunados a las denuncias que ha recibido la campa\u00f1a de la cual\nforma parte, \u201cmarcaron la importancia\u201d para la universidad de contar con esta\nherramienta, que servir\u00e1 para \u201cllevar de manera legal y formal\u201d este tipo de\ncasos.<\/p>\n\n\n\n<p class=\"wp-block-paragraph\">\u201cCreo\nque es muy importante lo que acaba de hacer la universidad al tener ya una\nherramienta que, con el simple hecho de tenerla est\u00e1 reconociendo que exista la\nviolencia de g\u00e9nero dentro de ella\u201d, asegur\u00f3.&nbsp;<\/p>\n\n\n\n<p class=\"wp-block-paragraph\">Asimismo,\nindic\u00f3 que atender estos casos desde la M\u00e1xima Casa de Estudios de Yucat\u00e1n,\nimplica otorgar una educaci\u00f3n integral a los estudiantes, m\u00e1s all\u00e1 de la\nexcelencia acad\u00e9mica, y que esto mismo repercutir\u00e1 en la interacci\u00f3n social que\ntengan en el futuro profesional.&nbsp;<\/p>\n\n\n\n<p class=\"wp-block-paragraph\">Por\notra parte, respecto a ciertos comentarios que ha habido a ra\u00edz de las\ndenuncias p\u00fablicas de estudiantes, como el caso de la Preparatoria N\u00famero Uno,\nde que la instituci\u00f3n encubre a los agresores, Cruz Pech opin\u00f3 que estas\nsituaciones eran el reflejo de la falta de \u201cherramientas formales\u201d, como es el\nprotocolo.&nbsp;<\/p>\n\n\n\n<p class=\"wp-block-paragraph\">\u201cCada\ndirector hac\u00eda lo que consideraba que deb\u00eda hacer, y una de las principales\ncosas es el silencio, el que nadie se entere que est\u00e1 pasando por el tema de la\nimagen institucional. Esperamos que con este protocolo estos silencios dejen de\ngenerarse dentro de la universidad\u201d.<\/p>\n\n\n\n<p class=\"wp-block-paragraph\">Afirm\u00f3\nque, aunque el protocolo es un \u201cprimer paso\u201d, todav\u00eda falta m\u00e1s por hacer para\ncombatir la violencia de g\u00e9nero. No obstante, esta acci\u00f3n hist\u00f3rica \u201cda pie\npara que otras instituciones se empiecen a cuestionar sobre la necesidad de\nimplementar estos protocolos de atenci\u00f3n\u201d, porque es una realidad que debe ser\nreconocida para ser erradicada.&nbsp;<\/p>\n\n\n\n<p class=\"wp-block-paragraph\"><strong>UADY sin Acoso a 6 meses de campa\u00f1a<\/strong><\/p>\n\n\n\n<p class=\"wp-block-paragraph\">UADY\nSin Acoso es una campa\u00f1a de prevenci\u00f3n y atenci\u00f3n de la violencia, dise\u00f1ada\nhace casi un a\u00f1o por estudiantes de esta Casa de Estudios, y que comenz\u00f3\nformalmente a principios de este 2019, teniendo un registro de 19 denuncias\nhasta la fecha, de las cuales solo tres han sido p\u00fablicas.<\/p>\n\n\n\n<p class=\"wp-block-paragraph\">Entre\nlos casos que han documentado, se encuentran situaciones de discriminaci\u00f3n,\nacoso sexual, hostigamiento, acoso virtual, abuso sexual de menor de edad,\nabuso sexual en mayores de edad y un caso de violaci\u00f3n.&nbsp;<\/p>\n\n\n\n<p class=\"wp-block-paragraph\">Al\nrespecto, Rosa Elena Cruz detall\u00f3 que, la mayor\u00eda de estas denuncias son hechas\npor mujeres, excepto una referente a discriminaci\u00f3n por religi\u00f3n. Sin embargo,\neste tipo de situaciones son muy normalizadas dentro del ambiente\nescolar.&nbsp;<\/p>\n\n\n\n<p class=\"wp-block-paragraph\">\u201cEl\nacoso inter estudiantil est\u00e1 a\u00fan m\u00e1s normalizado que el hostigamiento, entonces\nven normal que una persona te lance cierto comentario, te alce la falda, te\ndesabroche el brasier, entonces son actitudes muy normalizadas que con el\ntiempo se van a ir erradicando\u201d.&nbsp;<\/p>\n\n\n\n<p class=\"wp-block-paragraph\">De\nigual forma, detall\u00f3 que, muchos estudiantes todav\u00eda no se atreven a denunciar,\nporque tienen \u201cel miedo de las represalias que puede haber o de que no se va a\nhacer nada\u201d pues, aunque ya existe el protocolo, este establece que solo hay un\na\u00f1o de margen de actuaci\u00f3n, desde que ocurre el suceso.&nbsp;<\/p>\n\n\n\n<p class=\"wp-block-paragraph\">Sin\nembargo, la campa\u00f1a no solo recibe denuncias y realiza talleres y pl\u00e1ticas de\nprevenci\u00f3n, sino que brinda apoyo a las v\u00edctimas, desde la canalizaci\u00f3n legal o\npsicol\u00f3gica con expertos para llevar los casos.<\/p>\n\n\n\n<p class=\"wp-block-paragraph\">SEM\/lc\/sj<\/p>\n","protected":false},"excerpt":{"rendered":"<p> Es una respuesta a los casos de acoso y hostigamiento denunciados<\/p>\n","protected":false},"author":3,"featured_media":9973,"comment_status":"open","ping_status":"open","sticky":false,"template":"","format":"standard","meta":{"_monsterinsights_skip_tracking":false,"footnotes":""},"categories":[690,51],"tags":[],"class_list":["post-9972","post","type-post","status-publish","format-standard","has-post-thumbnail","category-690","category-ejecutivo"],"_links":{"self":[{"href":"https:\/\/redsemlac.com\/semmexico\/wp-json\/wp\/v2\/posts\/9972","targetHints":{"allow":["GET"]}}],"collection":[{"href":"https:\/\/redsemlac.com\/semmexico\/wp-json\/wp\/v2\/posts"}],"about":[{"href":"https:\/\/redsemlac.com\/semmexico\/wp-json\/wp\/v2\/types\/post"}],"author":[{"embeddable":true,"href":"https:\/\/redsemlac.com\/semmexico\/wp-json\/wp\/v2\/users\/3"}],"replies":[{"embeddable":true,"href":"https:\/\/redsemlac.com\/semmexico\/wp-json\/wp\/v2\/comments?post=9972"}],"version-history":[{"count":0,"href":"https:\/\/redsemlac.com\/semmexico\/wp-json\/wp\/v2\/posts\/9972\/revisions"}],"wp:featuredmedia":[{"embeddable":true,"href":"https:\/\/redsemlac.com\/semmexico\/wp-json\/wp\/v2\/media\/9973"}],"wp:attachment":[{"href":"https:\/\/redsemlac.com\/semmexico\/wp-json\/wp\/v2\/media?parent=9972"}],"wp:term":[{"taxonomy":"category","embeddable":true,"href":"https:\/\/redsemlac.com\/semmexico\/wp-json\/wp\/v2\/categories?post=9972"},{"taxonomy":"post_tag","embeddable":true,"href":"https:\/\/redsemlac.com\/semmexico\/wp-json\/wp\/v2\/tags?post=9972"}],"curies":[{"name":"wp","href":"https:\/\/api.w.org\/{rel}","templated":true}]}}