{"id":99661,"date":"2025-10-17T19:51:50","date_gmt":"2025-10-18T01:51:50","guid":{"rendered":"https:\/\/redsemlac.com\/semmexico\/?p=99661"},"modified":"2025-10-17T19:51:51","modified_gmt":"2025-10-18T01:51:51","slug":"impulsa-amalia-garcia-incorporacion-de-la-figura-de-sociedades-de-beneficio-e-interes-comun","status":"publish","type":"post","link":"https:\/\/redsemlac.com\/semmexico\/impulsa-amalia-garcia-incorporacion-de-la-figura-de-sociedades-de-beneficio-e-interes-comun\/","title":{"rendered":"Impulsa Amalia Garc\u00eda incorporaci\u00f3n de la figura de \u201csociedades de beneficio e inter\u00e9s com\u00fan\u201d"},"content":{"rendered":"\n<ul class=\"wp-block-list\">\n<li>Realizan foro para analizar la propuesta que modificar\u00eda la Ley de sociedades mercantiles<\/li>\n<\/ul>\n\n\n\n<ul class=\"wp-block-list\">\n<li>\u00a0Ser\u00eda una oportunidad para avanzar hacia una econom\u00eda que garantice la vida en el planeta y el bienestar de las futuras generaciones.<\/li>\n<\/ul>\n\n\n\n<p class=\"wp-block-paragraph\">Redacci\u00f3n<\/p>\n\n\n\n<p class=\"wp-block-paragraph\">SemM\u00e9xico, Ciudad de M\u00e9xico, 17 de octubre, 2025.- La senadora Amalia Garc\u00eda Medina, integrante del grupo parlamentario de Movimiento Ciudadano, realiz\u00f3 en el Senado de la Rep\u00fablica un foro para discutir una propuesta que busca incorporar en la Ley General de Sociedades Mercantiles la figura de Sociedades de Beneficio e Inter\u00e9s Com\u00fan (BIC), un modelo que reconoce a las empresas que generan valor social y ambiental.<\/p>\n\n\n\n<p class=\"wp-block-paragraph\">La senadora Garc\u00eda Medina, presidenta de la Comisi\u00f3n de Seguimiento a la Implementaci\u00f3n de la Agenda 2030, expres\u00f3 su entusiasmo por la iniciativa, al considerar que es una oportunidad para avanzar hacia una econom\u00eda que garantice la vida en el planeta y el bienestar de las futuras generaciones.<\/p>\n\n\n\n<p class=\"wp-block-paragraph\">\u201cEl modelo econ\u00f3mico que hemos vivido hasta el d\u00eda de hoy es un modelo depredador que ha puesto el acento en la ganancia. No hay plan B, no hay planeta B. Este es el \u00fanico que tenemos. No hay otro planeta y requerimos actuar para garantizar la vida tal como la conocemos hoy, no solo la vida humana, sino la vida en el planeta. Estamos en una situaci\u00f3n l\u00edmite\u201d, coment\u00f3.&nbsp;<\/p>\n\n\n\n<p class=\"wp-block-paragraph\">\u201cLo que se requiere es otro modo de producir, otra econom\u00eda diferente que, por supuesto, la ganancia y el lucro son leg\u00edtimos, pero se necesita una transformaci\u00f3n de fondo para que la econom\u00eda tambi\u00e9n garantice que haya cuidado de la vida en el planeta. Que la producci\u00f3n sea amigable con el planeta. Que cuidemos la vida con sostenibilidad\u201d.<\/p>\n\n\n\n<p class=\"wp-block-paragraph\">La senadora manifest\u00f3 su disposici\u00f3n para fortalecer esta iniciativa y alcanzar un consenso entre todos los grupos parlamentarios para lograr su aprobaci\u00f3n en el Congreso de la Uni\u00f3n.<\/p>\n\n\n\n<p class=\"wp-block-paragraph\">A su vez, la vicecoordinadora de la bancada naranja, Alejandra Barrales, se\u00f1al\u00f3 que es fundamental blindar a las organizaciones de la sociedad civil ante los ataques y dificultades que han enfrentado durante este gobierno.<\/p>\n\n\n\n<p class=\"wp-block-paragraph\">\u201cHemos venido de una serie de vicisitudes, de dificultades que tienen que ver con un ataque sistem\u00e1tico a organizaciones sociales, a organizaciones que defienden el inter\u00e9s colectivo, el inter\u00e9s de gente que no tiene posibilidades de defenderse en una gran mayor\u00eda de ocasiones\u201d, coment\u00f3.<\/p>\n\n\n\n<p class=\"wp-block-paragraph\">\u201cLo digo particularmente por la m\u00e1s reciente, la que tiene que ver con el amparo, y que sin duda es una de las m\u00e1s grandes, de las m\u00e1s nocivas, porque deja sin herramientas, sobre todo a las organizaciones de la sociedad civil. Entonces, hoy m\u00e1s que nunca tenemos que estar con ustedes, tenemos que ser solidarios, tenemos que blindarlas y tenemos que recuperar paso a paso las capacidades que tienen todas estas organizaciones para seguir defendiendo el inter\u00e9s colectivo\u201d.<\/p>\n\n\n\n<p class=\"wp-block-paragraph\">La diputada Laura Ballesteros coincidi\u00f3 con que los recientes cambios a la ley de amparo representan un retroceso en la defensa de los derechos colectivos, particularmente en materia ambiental, por lo que subray\u00f3 la importancia de contar con herramientas e instrumentos necesarios para su labor.<\/p>\n\n\n\n<p class=\"wp-block-paragraph\">Gemma Santana, activista ambiental y empresaria social, explic\u00f3 que las empresas sociales promueven la medici\u00f3n de las utilidades con el mismo rigor que el que se mide su impacto socioambiental.<\/p>\n\n\n\n<p class=\"wp-block-paragraph\">\u201cLo \u00fanico que busca es utilizar la fuerza del mercado para generar impacto, no para generar utilidad nada m\u00e1s. Y digo nada m\u00e1s porque tampoco somos una organizaci\u00f3n social que se dedique a la filantrop\u00eda nada m\u00e1s. Utilizamos justamente el modelo econ\u00f3mico para ser no las mejores empresas del mundo, sino las mejores empresas para el mundo\u201d, coment\u00f3.<\/p>\n\n\n\n<p class=\"wp-block-paragraph\">Dijo que la iniciativa propone reconocer a las empresas sociales que existen en M\u00e9xico, lo cual permitir\u00e1 descentralizar la soluci\u00f3n de los problemas socioambientales para depender menos de los gobiernos y cooperar m\u00e1s como ciudadan\u00eda.<\/p>\n\n\n\n<p class=\"wp-block-paragraph\">Mientras que Marcel Fukuyama, referente global en empresas B y econom\u00eda de impacto, detall\u00f3 que M\u00e9xico cuenta con 115 empresas certificadas como \u201cEmpresas B\u201d, es decir, como negocios con fines de lucro y con impacto positivo en la sociedad y el medio ambiente.<\/p>\n\n\n\n<p class=\"wp-block-paragraph\">\u201cSon empresas que se comportan con prop\u00f3sito, con responsabilidad y con transparencia. Esto es como nosotros vemos que todas las empresas deben comportarse. Y las empresas han generado esta evidencia de que es posible comportarse de esta manera\u201d, sostuvo.<\/p>\n\n\n\n<p class=\"wp-block-paragraph\">\u201cLa Ley BIC va a permitir a M\u00e9xico construir una plataforma de protagonismo de esta nueva econom\u00eda, que sea una nueva econom\u00eda m\u00e1s inclusiva, equitativa, regenerativa para todas las personas en nuestro planeta\u201d, coment\u00f3.<\/p>\n\n\n\n<p class=\"wp-block-paragraph\">En tanto,&nbsp;Juan Diego Mujica Filippi, abogado de impacto, explic\u00f3 que desde hace 10 a\u00f1os Italia implement\u00f3 el modelo de las empresas BIC o Societ\u00e0 Benefit, lo que ha permitido que \u00e9stas crezcan m\u00e1s y mejor en comparaci\u00f3n con empresas de su mismo rubro y m\u00e1s o menos de su mismo tama\u00f1o.<\/p>\n\n\n\n<p class=\"wp-block-paragraph\">Agreg\u00f3 que, al momento de incorporar un prop\u00f3sito social y ambiental en el estatuto de las empresas, sustentado en un marco legal de Ley BIC, la responsabilidad de los directores y administradores cambia en la toma de decisiones, pues adem\u00e1s de la variable econ\u00f3mica tambi\u00e9n deben ponderar las sociales y las ambientales.&nbsp;<\/p>\n\n\n\n<p class=\"wp-block-paragraph\">Durante el encuentro tambi\u00e9n se cont\u00f3 con la participaci\u00f3n de varios emprendedores sociales de Latinoam\u00e9rica, quienes compartieron lecciones aprendidas en la implementaci\u00f3n de leyes BIC en sus pa\u00edses, as\u00ed como los impactos que estas reformas han generado en el ecosistema empresarial y social.<\/p>\n\n\n\n<p class=\"wp-block-paragraph\">SEM\/sj<\/p>\n\n\n\n<p class=\"wp-block-paragraph\"><\/p>\n","protected":false},"excerpt":{"rendered":"<p>Redacci\u00f3n SemM\u00e9xico, Ciudad de M\u00e9xico, 17 de octubre, 2025.- La senadora Amalia Garc\u00eda Medina, integrante del grupo parlamentario de Movimiento Ciudadano, realiz\u00f3 en el Senado de la Rep\u00fablica un foro para discutir una propuesta que busca incorporar en la Ley General de Sociedades Mercantiles la figura de Sociedades de Beneficio e Inter\u00e9s Com\u00fan (BIC), un [&hellip;]<\/p>\n","protected":false},"author":3,"featured_media":99662,"comment_status":"open","ping_status":"open","sticky":false,"template":"","format":"standard","meta":{"_monsterinsights_skip_tracking":false,"footnotes":""},"categories":[50],"tags":[],"class_list":["post-99661","post","type-post","status-publish","format-standard","has-post-thumbnail","category-congreso"],"_links":{"self":[{"href":"https:\/\/redsemlac.com\/semmexico\/wp-json\/wp\/v2\/posts\/99661","targetHints":{"allow":["GET"]}}],"collection":[{"href":"https:\/\/redsemlac.com\/semmexico\/wp-json\/wp\/v2\/posts"}],"about":[{"href":"https:\/\/redsemlac.com\/semmexico\/wp-json\/wp\/v2\/types\/post"}],"author":[{"embeddable":true,"href":"https:\/\/redsemlac.com\/semmexico\/wp-json\/wp\/v2\/users\/3"}],"replies":[{"embeddable":true,"href":"https:\/\/redsemlac.com\/semmexico\/wp-json\/wp\/v2\/comments?post=99661"}],"version-history":[{"count":0,"href":"https:\/\/redsemlac.com\/semmexico\/wp-json\/wp\/v2\/posts\/99661\/revisions"}],"wp:featuredmedia":[{"embeddable":true,"href":"https:\/\/redsemlac.com\/semmexico\/wp-json\/wp\/v2\/media\/99662"}],"wp:attachment":[{"href":"https:\/\/redsemlac.com\/semmexico\/wp-json\/wp\/v2\/media?parent=99661"}],"wp:term":[{"taxonomy":"category","embeddable":true,"href":"https:\/\/redsemlac.com\/semmexico\/wp-json\/wp\/v2\/categories?post=99661"},{"taxonomy":"post_tag","embeddable":true,"href":"https:\/\/redsemlac.com\/semmexico\/wp-json\/wp\/v2\/tags?post=99661"}],"curies":[{"name":"wp","href":"https:\/\/api.w.org\/{rel}","templated":true}]}}