{"id":99638,"date":"2025-10-17T18:04:00","date_gmt":"2025-10-18T00:04:00","guid":{"rendered":"https:\/\/redsemlac.com\/semmexico\/?p=99638"},"modified":"2025-10-17T18:04:01","modified_gmt":"2025-10-18T00:04:01","slug":"pronal-corrugados-inaugura-la-corrugadora-mas-moderna-del-pais","status":"publish","type":"post","link":"https:\/\/redsemlac.com\/semmexico\/pronal-corrugados-inaugura-la-corrugadora-mas-moderna-del-pais\/","title":{"rendered":"PRONAL Corrugados inaugura la corrugadora m\u00e1s moderna del pa\u00eds"},"content":{"rendered":"\n<ul class=\"wp-block-list\">\n<li>Esta primera planta es el inicio de un proyecto de inversi\u00f3n estimado en 150 millones de d\u00f3lares<\/li>\n\n\n\n<li>Preside la inauguraci\u00f3n Paquita Ramos de V\u00e1zquez, presidenta y directora general de OEM<\/li>\n<\/ul>\n\n\n\n<p class=\"wp-block-paragraph\">Juan Luis Ramos<\/p>\n\n\n\n<p class=\"wp-block-paragraph\">SemM\u00e9xico\/El Sol de M\u00e9xico, Monterrey, 17 de octubre, 2025.- <a href=\"https:\/\/oem.com.mx\/elsoldemexico\/finanzas\/pronal-inaugura-su-primera-corrugadora-en-nl-26226617\" target=\"_blank\" rel=\"noreferrer noopener\">PRONAL Corrugados<\/a>&nbsp;inaugur\u00f3&nbsp;este lunes su&nbsp;primera corrugadora BW Papersystems, la&nbsp;m\u00e1quina m\u00e1s moderna&nbsp;en su tipo en el pa\u00eds, que desde la capital neoleonesa atender\u00e1 las necesidades de diversas&nbsp;industrias a nivel nacional&nbsp;y para&nbsp;exportaci\u00f3n.<\/p>\n\n\n\n<p class=\"wp-block-paragraph\">El equipo, parte de la&nbsp;nueva empresa de la Divisi\u00f3n Papel de la Organizaci\u00f3n Editorial M\u00e9xicana (OEM), es capaz de&nbsp;convertir 100 mil toneladas de papel al a\u00f1o, y&nbsp;fabricar\u00e1 cajas de simple y doble corrugado&nbsp;para satisfacer las necesidades de diversas industrias, como la de&nbsp;alimentos y bebidas, as\u00ed como cuidados.<\/p>\n\n\n\n<p class=\"wp-block-paragraph\">La m\u00e1quina tiene la capacidad, adem\u00e1s, de llegar a&nbsp;fabricar cajas de triple corrugado&nbsp;para&nbsp;atender a las demandas&nbsp;de sectores como el&nbsp;automotriz o de electrodom\u00e9sticos.<\/p>\n\n\n\n<p class=\"wp-block-paragraph\">Francisco Torres V\u00e1zquez, vicepresidente ejecutivo de la OEM, subray\u00f3 que la&nbsp;inauguraci\u00f3n&nbsp;de este equipo&nbsp;obedece a una visi\u00f3n de largo plazo, \u201cde estar concentrados, durante mucho tiempo, en lo que&nbsp;estaba en el futuro\u201d.<\/p>\n\n\n\n<p class=\"wp-block-paragraph\">En presencia de&nbsp;Paquita Ramos de V\u00e1zquez, presidenta y directora general de la OEM, el directivo destac\u00f3 que a pesar de que la industria vive un momento complicado por la desaceleraci\u00f3n econ\u00f3mica, los pedidos para la&nbsp;Productora Nacional de Papel (PRONAL)&nbsp;est\u00e1n llenos por la&nbsp;calidad, servicio y visi\u00f3n de liderazgo&nbsp;de la empresa.<\/p>\n\n\n\n<p class=\"wp-block-paragraph\">\u201cDe parte de do\u00f1a Paquita quiero anunciar que&nbsp;es la corrugadora C1, es decir, que vienen varias, no s\u00f3lo corrugadoras sino proyectos. \u00c9ste es el inicio de algo muy grande\u201d, apunt\u00f3 Torres V\u00e1zquez.<\/p>\n\n\n\n<p class=\"wp-block-paragraph\">Esta&nbsp;primera planta de PRONAL Corrugados&nbsp;es el inicio de un proyecto de&nbsp;inversi\u00f3n estimado en 150 millones de d\u00f3lares.<\/p>\n\n\n\n<p class=\"wp-block-paragraph\">La&nbsp;segunda f\u00e1brica entrar\u00e1 en operaci\u00f3n en 2026&nbsp;y la&nbsp;tercera a inicios de 2027, mismas que se ubicar\u00e1n en los principales centros de consumo del pa\u00eds para cubrir la creciente demanda y, as\u00ed,&nbsp;consolidar una capacidad industrial&nbsp;con alcance nacional.<\/p>\n\n\n\n<p class=\"wp-block-paragraph\">Jos\u00e9 Antonio Rodr\u00edguez Demeneghi,&nbsp;director general de la Divisi\u00f3n Papel de OEM, destac\u00f3 que con esta inauguraci\u00f3n&nbsp;se rompen paradigmas en la fabricaci\u00f3n de papel en M\u00e9xico.<\/p>\n\n\n\n<p class=\"wp-block-paragraph\">A\u00f1adi\u00f3 que&nbsp;el equipo dejar\u00e1 a la empresa ahorros y beneficios&nbsp;que compartir\u00e1n con los clientes.<\/p>\n\n\n\n<p class=\"wp-block-paragraph\">El equipo, parte de la nueva empresa de la Divisi\u00f3n Papel de la OEM, es capaz de convertir 100 mil toneladas de papel al a\u00f1o&nbsp;\/&nbsp;Foto: Roberto Hern\u00e1ndez \/ El Sol de M\u00e9xico<\/p>\n\n\n\n<p class=\"wp-block-paragraph\">Asimismo, destac\u00f3 que&nbsp;se trata del papel caf\u00e9 m\u00e1s limpio en la industria nacional, con lo que se adelantan a una demanda que va a crecer.<\/p>\n\n\n\n<p class=\"wp-block-paragraph\">Jos\u00e9 Sa\u00fal Guzm\u00e1n Espinosa, director general de Planta, destac\u00f3 que las cajas son la columna vertebral del&nbsp;comercio global.<\/p>\n\n\n\n<p class=\"wp-block-paragraph\">Apunt\u00f3 que tras la&nbsp;pandemia, con el crecimiento del&nbsp;comercio electr\u00f3nico, este segmento se dispar\u00f3 al grado que, actualmente, 81 por ciento del comercio se transporta en cajas.<\/p>\n\n\n\n<p class=\"wp-block-paragraph\">El directivo destac\u00f3 que las&nbsp;recesiones globales impactan al segmento de las cajas; sin embargo, subray\u00f3, posterior a la ca\u00edda vienen crecimientos.<\/p>\n\n\n\n<p class=\"wp-block-paragraph\">\u201cEn este momento&nbsp;es cuando hay que invertir, hacer nuevas cosas y apostar a M\u00e9xico, despu\u00e9s de esto viene la curva hacia arriba\u201d, asever\u00f3.<\/p>\n\n\n\n<p class=\"wp-block-paragraph\">\u2026.<a href=\"https:\/\/oem.com.mx\/elsoldemexico\/analisis\/autor\/juan-luis-ramos-1202\"><\/a><\/p>\n\n\n\n<p class=\"wp-block-paragraph\"><a href=\"https:\/\/oem.com.mx\/elsoldemexico\/analisis\/autor\/juan-luis-ramos-1202\">Juan Luis&nbsp;Ramos<\/a><\/p>\n\n\n\n<p class=\"wp-block-paragraph\">Lector, mel\u00f3mano y viajero. Soy reportero de Finanzas y Negocios en El Sol de M\u00e9xico, con una trayectoria de 17 a\u00f1os en medios.<\/p>\n","protected":false},"excerpt":{"rendered":"<p>Juan Luis Ramos SemM\u00e9xico\/El Sol de M\u00e9xico, Monterrey, 17 de octubre, 2025.- PRONAL Corrugados&nbsp;inaugur\u00f3&nbsp;este lunes su&nbsp;primera corrugadora BW Papersystems, la&nbsp;m\u00e1quina m\u00e1s moderna&nbsp;en su tipo en el pa\u00eds, que desde la capital neoleonesa atender\u00e1 las necesidades de diversas&nbsp;industrias a nivel nacional&nbsp;y para&nbsp;exportaci\u00f3n. El equipo, parte de la&nbsp;nueva empresa de la Divisi\u00f3n Papel de la Organizaci\u00f3n Editorial [&hellip;]<\/p>\n","protected":false},"author":3,"featured_media":99639,"comment_status":"open","ping_status":"open","sticky":false,"template":"","format":"standard","meta":{"_monsterinsights_skip_tracking":false,"footnotes":""},"categories":[682],"tags":[],"class_list":["post-99638","post","type-post","status-publish","format-standard","has-post-thumbnail","category-noticias"],"_links":{"self":[{"href":"https:\/\/redsemlac.com\/semmexico\/wp-json\/wp\/v2\/posts\/99638","targetHints":{"allow":["GET"]}}],"collection":[{"href":"https:\/\/redsemlac.com\/semmexico\/wp-json\/wp\/v2\/posts"}],"about":[{"href":"https:\/\/redsemlac.com\/semmexico\/wp-json\/wp\/v2\/types\/post"}],"author":[{"embeddable":true,"href":"https:\/\/redsemlac.com\/semmexico\/wp-json\/wp\/v2\/users\/3"}],"replies":[{"embeddable":true,"href":"https:\/\/redsemlac.com\/semmexico\/wp-json\/wp\/v2\/comments?post=99638"}],"version-history":[{"count":0,"href":"https:\/\/redsemlac.com\/semmexico\/wp-json\/wp\/v2\/posts\/99638\/revisions"}],"wp:featuredmedia":[{"embeddable":true,"href":"https:\/\/redsemlac.com\/semmexico\/wp-json\/wp\/v2\/media\/99639"}],"wp:attachment":[{"href":"https:\/\/redsemlac.com\/semmexico\/wp-json\/wp\/v2\/media?parent=99638"}],"wp:term":[{"taxonomy":"category","embeddable":true,"href":"https:\/\/redsemlac.com\/semmexico\/wp-json\/wp\/v2\/categories?post=99638"},{"taxonomy":"post_tag","embeddable":true,"href":"https:\/\/redsemlac.com\/semmexico\/wp-json\/wp\/v2\/tags?post=99638"}],"curies":[{"name":"wp","href":"https:\/\/api.w.org\/{rel}","templated":true}]}}