{"id":99530,"date":"2025-10-15T10:11:11","date_gmt":"2025-10-15T16:11:11","guid":{"rendered":"https:\/\/redsemlac.com\/semmexico\/?p=99530"},"modified":"2025-10-15T10:13:09","modified_gmt":"2025-10-15T16:13:09","slug":"comunidades-mayas-acompanadas-por-prodesc-denuncian-ante-el-indautor-apropiacion-indebida-de-su-patrimonio-biocultural-por-el-proyecto-turistico-maya-kaan","status":"publish","type":"post","link":"https:\/\/redsemlac.com\/semmexico\/comunidades-mayas-acompanadas-por-prodesc-denuncian-ante-el-indautor-apropiacion-indebida-de-su-patrimonio-biocultural-por-el-proyecto-turistico-maya-kaan\/","title":{"rendered":"Comunidades mayas denuncian apropiaci\u00f3n indebida de su patrimonio biocultural por el proyecto tur\u00edstico \u201cMaya Ka\u2019an\u201d"},"content":{"rendered":"\n<p class=\"wp-block-paragraph\">\u00a0Acompa\u00f1adas por ProDESC presentan su denuncian ante el INDAUTOR <br><\/p>\n\n\n\n<p class=\"wp-block-paragraph\">Redacci\u00f3n<\/p>\n\n\n\n<p class=\"wp-block-paragraph\">SemM\u00e9xico, Jos\u00e9 Mar\u00eda Morelos, Quintana Roo, 15 de octubre,&nbsp; 2025. -Integrantes de comunidades mayas, en el municipio de Jos\u00e9 Mar\u00eda Morelos, en Quintana Roo, reportaron ante el Instituto Nacional del Derecho de Autor (INDAUTOR) las presuntas infracciones cometidas a la Ley Federal de Protecci\u00f3n del Patrimonio Cultural de los Pueblos y Comunidades Ind\u00edgenas y Afromexicanas por apropiaci\u00f3n y uso indebido de su patrimonio biocultural maya.<\/p>\n\n\n\n<p class=\"wp-block-paragraph\">El documento, acompa\u00f1ado por ProDESC, plantea la existencia de afectaciones relacionadas con el establecimiento, promoci\u00f3n y comercializaci\u00f3n del destino tur\u00edstico \u201cMaya Ka\u2019an\u201d, impulsado por el Gobierno del Estado de Quintana Roo.&nbsp;<\/p>\n\n\n\n<p class=\"wp-block-paragraph\">Desde 2010, se ha impulsado la creaci\u00f3n del destino tur\u00edstico \u2014que abarca m\u00e1s de 900 mil hect\u00e1reas en los municipios de Jos\u00e9 Mar\u00eda Morelos, Felipe Carrillo Puerto y Tulum\u2014 bajo un modelo de turismo \u201cvivencial\u201d que mercantiliza la cultura y los territorios ind\u00edgenas.<\/p>\n\n\n\n<p class=\"wp-block-paragraph\">A su vez, en 2022 el gobierno estatal formaliz\u00f3 est\u00e1 iniciativa mediante la Declaratoria de Zona Rural Comunitaria con Potencial Tur\u00edstico \u201cMaya Ka\u2019an\u201d, sin incluir mecanismos de consentimiento, participaci\u00f3n ni distribuci\u00f3n justa de beneficios para las comunidades mayas.<\/p>\n\n\n\n<p class=\"wp-block-paragraph\">La Declaratoria y los planes o programas que derivan de ella, as\u00ed como la integraci\u00f3n del organismo gestor de ese destino, excluyen la participaci\u00f3n de los pueblos y comunidades, adem\u00e1s de imponer requisitos discriminatorios que restringen su intervenci\u00f3n en los \u00f3rganos de decisi\u00f3n y gesti\u00f3n del proyecto.<\/p>\n\n\n\n<p class=\"wp-block-paragraph\">Por otra parte, la denuncia presentada tambi\u00e9n da cuenta de&nbsp; afectaciones derivadas del registro de la marca Maya Ka\u2019an ante el Instituto Mexicano de la Propiedad Industrial (IMPI), igualmente sin atender los derechos humanos de las comunidades involucradas.<\/p>\n\n\n\n<p class=\"wp-block-paragraph\">Las comunidades demandan que el INDAUTOR investigue las infracciones se\u00f1aladas y emita medidas para proteger el patrimonio biocultural maya, garantizando que cualquier uso o aprovechamiento de este se realice con autorizaci\u00f3n, participaci\u00f3n efectiva y beneficios equitativos, en ejercicio de su libre determinaci\u00f3n.<\/p>\n","protected":false},"excerpt":{"rendered":"<p>\u00a0Acompa\u00f1adas por ProDESC presentan su denuncian ante el INDAUTOR Redacci\u00f3n SemM\u00e9xico, Jos\u00e9 Mar\u00eda Morelos, Quintana Roo, 15 de octubre,&nbsp; 2025. -Integrantes de comunidades mayas, en el municipio de Jos\u00e9 Mar\u00eda Morelos, en Quintana Roo, reportaron ante el Instituto Nacional del Derecho de Autor (INDAUTOR) las presuntas infracciones cometidas a la Ley Federal de Protecci\u00f3n del [&hellip;]<\/p>\n","protected":false},"author":3,"featured_media":99531,"comment_status":"open","ping_status":"open","sticky":false,"template":"","format":"standard","meta":{"_monsterinsights_skip_tracking":false,"footnotes":""},"categories":[702],"tags":[],"class_list":["post-99530","post","type-post","status-publish","format-standard","has-post-thumbnail","category-economia"],"_links":{"self":[{"href":"https:\/\/redsemlac.com\/semmexico\/wp-json\/wp\/v2\/posts\/99530","targetHints":{"allow":["GET"]}}],"collection":[{"href":"https:\/\/redsemlac.com\/semmexico\/wp-json\/wp\/v2\/posts"}],"about":[{"href":"https:\/\/redsemlac.com\/semmexico\/wp-json\/wp\/v2\/types\/post"}],"author":[{"embeddable":true,"href":"https:\/\/redsemlac.com\/semmexico\/wp-json\/wp\/v2\/users\/3"}],"replies":[{"embeddable":true,"href":"https:\/\/redsemlac.com\/semmexico\/wp-json\/wp\/v2\/comments?post=99530"}],"version-history":[{"count":0,"href":"https:\/\/redsemlac.com\/semmexico\/wp-json\/wp\/v2\/posts\/99530\/revisions"}],"wp:featuredmedia":[{"embeddable":true,"href":"https:\/\/redsemlac.com\/semmexico\/wp-json\/wp\/v2\/media\/99531"}],"wp:attachment":[{"href":"https:\/\/redsemlac.com\/semmexico\/wp-json\/wp\/v2\/media?parent=99530"}],"wp:term":[{"taxonomy":"category","embeddable":true,"href":"https:\/\/redsemlac.com\/semmexico\/wp-json\/wp\/v2\/categories?post=99530"},{"taxonomy":"post_tag","embeddable":true,"href":"https:\/\/redsemlac.com\/semmexico\/wp-json\/wp\/v2\/tags?post=99530"}],"curies":[{"name":"wp","href":"https:\/\/api.w.org\/{rel}","templated":true}]}}