{"id":9952,"date":"2019-07-16T00:28:16","date_gmt":"2019-07-16T00:28:16","guid":{"rendered":"https:\/\/redsemlac.com\/semmexico\/?p=9952"},"modified":"2023-07-21T14:50:42","modified_gmt":"2023-07-21T19:50:42","slug":"embarazos-en-adolescentes","status":"publish","type":"post","link":"https:\/\/redsemlac.com\/semmexico\/embarazos-en-adolescentes\/","title":{"rendered":"Logra Michoac\u00e1n recursos federales para prevenci\u00f3n del embarazo adolescente: Seimujer"},"content":{"rendered":"\n<ul class=\"wp-block-list\"><li>Los recursos, dos millones 600 mil pesos, ser\u00e1n operados por la Seimujer, en los municipios con una mayor incidencia.<\/li><\/ul>\n\n\n\n<p class=\"wp-block-paragraph\"><strong>Redacci\u00f3n<\/strong><\/p>\n\n\n\n<p class=\"wp-block-paragraph\">SemM\u00e9xico.  Morelia, Michoac\u00e1n. 16 de julio de 2019.- Con el prop\u00f3sito de contribuir a la disminuci\u00f3n del embarazo en adolescentes y a la erradicaci\u00f3n del embarazo infantil, la administraci\u00f3n del gobernador Silvano Aureoles Conejo, logr\u00f3 atraer recursos federales que rebasan los 2 millones 600 mil pesos, para atender este preocupante fen\u00f3meno social.<br><br> Cifras del Consejo Estatal de Poblaci\u00f3n (COESPO), ubican a Michoac\u00e1n en los primeros lugares\u00a0a nivel nacional con mayor n\u00famero de embarazos adolescentes, por lo que es de suma importancia contar con recursos que permitan generar m\u00e1s acciones dirigidas a incidir en esta estad\u00edstica. \u00a0<br><br> El proyecto, elaborado por la Secretar\u00eda de Igualdad Sustantiva y Desarrollo de las Mujeres (Seimujer), a trav\u00e9s de su direcci\u00f3n de Transversalidad de las Pol\u00edticas P\u00fablicas, llevar\u00e1 a cabo procesos formativos, preventivos y de difusi\u00f3n para adolescentes y ni\u00f1as.<br><br> De acuerdo con la titular de la Seimujer, Nuria Gabriela Hern\u00e1ndez Abarca, se atender\u00e1 con prioridad a los municipios que presentan mayor tasa de incidencia de ni\u00f1as y adolescentes embarazadas; se planea generar material did\u00e1ctico para el trabajo de formaci\u00f3n con las y los adolescentes sobre proyecto de vida y derechos sexuales y reproductivos, con traducci\u00f3n en la Regi\u00f3n Pur\u00e9pecha del Estado.<br><br> \u201cCuando una ni\u00f1a resulta embaraza, hay un abuso detr\u00e1s del hecho, por ello es importante difundir sus derechos y que conozcan a d\u00f3nde pueden acudir cuando son v\u00edctimas, pero tambi\u00e9n la responsabilidad que como autoridades tenemos para atenderlas y evitar que siga creciendo esta problem\u00e1tica social\u201d, explic\u00f3.<br><br> Los recursos, otorgados a trav\u00e9s del programa Proequidad del Instituto Nacional de las Mujeres (INMUJERES), permitir\u00e1 desarrollar el proyecto denominado \u00abYo decido mi historia\u00bb, refiere a una estrategia de difusi\u00f3n a trav\u00e9s de un diario de vida para adolescentes y un cuento para ni\u00f1as en materia de prevenci\u00f3n del abuso infantil.<br><br> Tambi\u00e9n, se van a realizar ferias pedag\u00f3gicas y l\u00fadicas para adolescentes, as\u00ed como la creaci\u00f3n de una plataforma de formaci\u00f3n para adolescentes, y una convocatoria abierta para que las y los j\u00f3venes presenten propuestas en materia de prevenci\u00f3n del embarazo.<\/p>\n\n\n\n<p class=\"wp-block-paragraph\">SEM\/IL<br><br><\/p>\n","protected":false},"excerpt":{"rendered":"<p>Los recursos, dos millones 600 mil pesos, ser\u00e1n operados por la Secretar\u00eda de Igualdad Sustantiva y Desarrollo de las Mujeres, en los municipios con una      mayor incidencia, principalmente.<\/p>\n","protected":false},"author":3,"featured_media":9953,"comment_status":"open","ping_status":"open","sticky":false,"template":"","format":"standard","meta":{"_monsterinsights_skip_tracking":false,"footnotes":""},"categories":[690,51],"tags":[],"class_list":["post-9952","post","type-post","status-publish","format-standard","has-post-thumbnail","category-690","category-ejecutivo"],"_links":{"self":[{"href":"https:\/\/redsemlac.com\/semmexico\/wp-json\/wp\/v2\/posts\/9952","targetHints":{"allow":["GET"]}}],"collection":[{"href":"https:\/\/redsemlac.com\/semmexico\/wp-json\/wp\/v2\/posts"}],"about":[{"href":"https:\/\/redsemlac.com\/semmexico\/wp-json\/wp\/v2\/types\/post"}],"author":[{"embeddable":true,"href":"https:\/\/redsemlac.com\/semmexico\/wp-json\/wp\/v2\/users\/3"}],"replies":[{"embeddable":true,"href":"https:\/\/redsemlac.com\/semmexico\/wp-json\/wp\/v2\/comments?post=9952"}],"version-history":[{"count":0,"href":"https:\/\/redsemlac.com\/semmexico\/wp-json\/wp\/v2\/posts\/9952\/revisions"}],"wp:featuredmedia":[{"embeddable":true,"href":"https:\/\/redsemlac.com\/semmexico\/wp-json\/wp\/v2\/media\/9953"}],"wp:attachment":[{"href":"https:\/\/redsemlac.com\/semmexico\/wp-json\/wp\/v2\/media?parent=9952"}],"wp:term":[{"taxonomy":"category","embeddable":true,"href":"https:\/\/redsemlac.com\/semmexico\/wp-json\/wp\/v2\/categories?post=9952"},{"taxonomy":"post_tag","embeddable":true,"href":"https:\/\/redsemlac.com\/semmexico\/wp-json\/wp\/v2\/tags?post=9952"}],"curies":[{"name":"wp","href":"https:\/\/api.w.org\/{rel}","templated":true}]}}