{"id":99486,"date":"2025-10-13T21:42:03","date_gmt":"2025-10-14T03:42:03","guid":{"rendered":"https:\/\/redsemlac.com\/semmexico\/?p=99486"},"modified":"2025-10-13T21:42:35","modified_gmt":"2025-10-14T03:42:35","slug":"urge-atender-de-forma-diferenciada-las-situaciones-de-pobreza","status":"publish","type":"post","link":"https:\/\/redsemlac.com\/semmexico\/urge-atender-de-forma-diferenciada-las-situaciones-de-pobreza\/","title":{"rendered":"Urge atender de forma diferenciada las situaciones de pobreza"},"content":{"rendered":"\n<ul class=\"wp-block-list\">\n<li>Zavala Arg\u00fcelles propone incidir de manera prioritaria en determinados grupos sociales y problem\u00e1ticas<\/li>\n\n\n\n<li>Cuba ha optado por el concepto de vulnerabilidad, un t\u00e9rmino menos duro<br><br><\/li>\n<\/ul>\n\n\n\n<p class=\"wp-block-paragraph\">Lisandra Fari\u00f1as<br>SemM\u00e9xico\/SEMlac, La Habana, 13 de octubre, 2025.- A sus 70 a\u00f1os,&nbsp;<a href=\"https:\/\/directoriogenero.redsemlac-cuba.net\/maria-del-carmen-zabala-arguelles\" target=\"_blank\" rel=\"noreferrer noopener\">Mar\u00eda del Carmen Zabala Arg\u00fcelles<\/a>, quien ha vivido \u00abtodos los momentos del proceso revolucionario cubano\u00bb y ha dedicado su vida al estudio y la investigaci\u00f3n social, considera que la pol\u00edtica p\u00fablica del pa\u00eds est\u00e1 urgida de atender de forma diferenciada las situaciones de pobreza.<\/p>\n\n\n\n<p class=\"wp-block-paragraph\"><br>Lo dice desde la humildad y sensibilidad que caracterizan a esta cubana, habanera, madre y abuela; convencida de que este es uno de los desaf\u00edos actuales m\u00e1s apremiantes para la naci\u00f3n caribe\u00f1a.<\/p>\n\n\n\n<p class=\"wp-block-paragraph\"><br>\u00abTenemos una pol\u00edtica para atender la vulnerabilidad social y tal vez, dentro de esa pol\u00edtica, como beneficiarios, hay un segmento que est\u00e1 en situaci\u00f3n de pobreza y&nbsp;<a href=\"https:\/\/www.redsemlac-cuba.net\/redsemlac\/sociedad-y-cultura\/investigaciones-ponen-el-foco-en-desigualdades\" target=\"_blank\" rel=\"noreferrer noopener\">requiere ser atendido de manera diferente y diferencial<\/a>\u00ab, asegura a SEMlac.<\/p>\n\n\n\n<p class=\"wp-block-paragraph\"><br>Doctora en Ciencias Psicol\u00f3gicas y coordinadora del \u00e1rea cient\u00edfica \u00abDesigualdades sociales y pol\u00edticas de equidad\u00bb, de la Facultad Latinoamericana de Ciencias Sociales (Flacso-Cuba), la experta se\u00f1ala que tanto las situaciones que tienen que ver con la extrema precariedad de ingresos econ\u00f3micos, como con las condiciones altamente precarias de vivienda en que se encuentra un conjunto de la poblaci\u00f3n llamada vulnerable, requieren un tratamiento especial.<\/p>\n\n\n\n<p class=\"wp-block-paragraph\"><br>Pobreza y vulnerabilidad son dos conceptos diferentes, aclara. El primero coloca la mirada sobre elementos como ingresos, consumo y condiciones de vida, que son inferiores e insuficientes para disfrutar de una calidad de vida adecuada.<\/p>\n\n\n\n<p class=\"wp-block-paragraph\"><br>La vulnerabilidad, en cambio, es un concepto posterior al de pobreza y critica, justamente, que se limite el tema a la insuficiencia monetaria, aunque \u00abluego la pobreza evolucion\u00f3 a otros enfoques, como el de necesidades b\u00e1sicas y m\u00e1s recientemente al de pobreza multidimensional\u00bb, explica la especialista.<\/p>\n\n\n\n<p class=\"wp-block-paragraph\"><br>\u00abPara m\u00ed el enfoque de vulnerabilidad ha aportado una visi\u00f3n m\u00e1s amplia, en la cual no solo se mira de qu\u00e9 se carece -que es el enfoque de pobreza-, sino tambi\u00e9n aquellos elementos en cuanto a recursos y activos que tienen las personas ubicadas en ese segmento y que pudieran, con determinadas estrategias, permitirles colocarse en una situaci\u00f3n de mayor bienestar\u00bb, precisa.<br>Comenta que, a nivel pol\u00edtico, Cuba ha optado por el concepto de vulnerabilidad y, en la pol\u00edtica aprobada para atender este asunto, se toman en cuenta aspectos como los ingresos, la tipolog\u00eda de familia y situaciones de vulnerabilidad por discapacidad, por enfermedades cr\u00f3nicas, por el lugar de residencia o el territorio, la racialidad, entre otros.<\/p>\n\n\n\n<p class=\"wp-block-paragraph\"><br>No obstante, la experta remarca la necesidad de atender de manera diferenciada la pobreza y, en medio de la crisis m\u00faltiple que vive el pa\u00eds, con muy limitados recursos econ\u00f3micos y financieros, incidir de manera prioritaria en determinados grupos sociales y problem\u00e1ticas.<\/p>\n\n\n\n<p class=\"wp-block-paragraph\"><br>Advierte que el hecho de priorizar muchas veces la noci\u00f3n de vulnerabilidad supone varias lecturas: \u00abPuede ser entendido como un t\u00e9rmino menos duro, que d\u00e9 menos espacio a la cr\u00edtica de cu\u00e1nto ha podido lograr un proyecto social basado en la equidad y la justicia social, porque la propia existencia de la pobreza significa un punto de no logro de esas metas\u00bb.<\/p>\n\n\n\n<p class=\"wp-block-paragraph\"><br>Entre los sectores vulnerables de la poblaci\u00f3n, la profesora menciona a las mujeres, porque sobre ellas recae un gran costo de la crisis; las poblaciones racializadas, que hist\u00f3ricamente han tenido estos problemas y tienes adem\u00e1s puntos de partida inferiores para poder aprovechar, por ejemplo, las oportunidades de nuevos emprendimientos econ\u00f3micos; y a las personas en situaci\u00f3n de discapacidad.<\/p>\n\n\n\n<p class=\"wp-block-paragraph\"><br>\u00abCualquier mirada que se d\u00e9 a la sociedad nos est\u00e1 arrojando, primero, que&nbsp;<a href=\"https:\/\/www.redsemlac-cuba.net\/redsemlac\/sociedad-y-cultura\/cubanas-mayra-espina-para-estudiar-cuba-hay-que-pensar-fuera-de-la-caja-video\" target=\"_blank\" rel=\"noreferrer noopener\">hay un espectro de desigualdades que se ha incrementado notablemente<\/a>\u00bb y que son visibles en las posibilidades diferentes de consumo, de vivienda, de negocios privados, de opciones que est\u00e1n vedadas para unos y que son amplias para otros\u00bb, sostiene Zabala Arg\u00fcelles.<\/p>\n\n\n\n<p class=\"wp-block-paragraph\"><br>Atender el fen\u00f3meno, sin embargo, requiere de un enfoque anal\u00edtico que tome la interseccionalidad como base para comprender el porqu\u00e9 de su existencia, precisa la experta, quien se refiere a la persistencia en Cuba de sistemas de opresi\u00f3n, si bien desde el punto de vista jur\u00eddico o pol\u00edtico est\u00e1n eliminados.<\/p>\n\n\n\n<p class=\"wp-block-paragraph\"><br>\u00abExiste en Cuba el racismo, el patriarcado, existen en Cuba diferencias notables en t\u00e9rminos de las desigualdades econ\u00f3micas; existen desventajas para algunos grupos sociales m\u00e1s que para otros\u00bb, afirma y apunta que, dentro de esos propios grupos todas las personas no experimentan esos fen\u00f3menos de la misma manera.<br>En el caso de las mujeres, por ejemplo, aunque viven opresiones generales por el patriarcado vigente,&nbsp;<a href=\"https:\/\/www.redsemlac-cuba.net\/redsemlac\/sociedad-y-cultura\/mujeres-afrodescendientes-entre-el-racismo-y-el-patriarcado\" target=\"_blank\" rel=\"noreferrer noopener\">son las racializadas<\/a>, las rurales, las que migran del oriente al occidente del pa\u00eds, o las que tienen orientaciones no heteronormativas, quienes enfrentan situaciones diferentes marcadas por esa condici\u00f3n. Ello debe tenerse en cuenta, insiste, en las pol\u00edticas p\u00fablicas orientadas a determinados grupos sociales.<br><br><strong>Brechas para la equidad<\/strong><\/p>\n\n\n\n<p class=\"wp-block-paragraph\"><br>Zabala Arg\u00fcelles llama la atenci\u00f3n sobre la persistencia de brechas en el ejercicio de los derechos de las mujeres, muchas de las cuales se han profundizado en el escenario de crisis.<br><br><\/p>\n\n\n\n<p class=\"wp-block-paragraph\">Una de las m\u00e1s preocupantes es la&nbsp;<a href=\"https:\/\/www.redsemlac-cuba.net\/redsemlac\/economia\/mujeres-altamente-calificadas-pero-menos-representadas-en-el-empleo\" target=\"_blank\" rel=\"noreferrer noopener\">disminuci\u00f3n de la presencia femenina en el empleo formal<\/a>, donde considera que se ha producido una involuci\u00f3n importante.<br>\u00abEstamos lejos de alcanzar las metas que nos hab\u00edamos propuesto y hay que darle una mirada al por qu\u00e9 eso est\u00e1 ocurriendo: \u00bfes un tema de las dificultades de la vida cotidiana, es un tema de remuneraci\u00f3n, es un tema de incremento del machismo?, porque a veces es por elecci\u00f3n propia, apunt\u00f3 la acad\u00e9mica.<\/p>\n\n\n\n<p class=\"wp-block-paragraph\"><br>Otro problema identificado por la experta es el incremento de la violencia contra la mujer, desde la psicol\u00f3gica hasta la que ocurre en determinados espacios, llegando hasta las formas m\u00e1s cruentas como la&nbsp;<a href=\"https:\/\/www.redsemlac-cuba.net\/redsemlac\/violencia\/mujeres-jovenes-y-sin-vinculo-laboral-entre-principales-victimas-de-femicidios\" target=\"_blank\" rel=\"noreferrer noopener\">violencia f\u00edsica y el femicidio<\/a>.<br><a href=\"https:\/\/www.redsemlac-cuba.net\/redsemlac\/economia\/la-nota-mujeres-y-empleo-donde-estan-las-brechas-podcast\" target=\"_blank\" rel=\"noreferrer noopener\">El trabajo informal femenino<\/a>, apunta, \u00ablo vemos a diario en nuestras calles y nos hace pensar en los niveles de vulnerabilidad y desprotecci\u00f3n tan altos que tienen esas mujeres\u00bb.<\/p>\n\n\n\n<p class=\"wp-block-paragraph\"><br>Un espacio para valorar es el de las acad\u00e9micas, doctoras, profesoras, investigadoras\u0085 un grupo de mujeres que pudieran ser exponentes de la m\u00e1s absoluta emancipaci\u00f3n; pero que, dadas las condiciones actuales, la logran a un alt\u00edsimo costo personal, precisa la experta.<\/p>\n\n\n\n<p class=\"wp-block-paragraph\"><br>Partidaria de que el feminismo ha aportado un s\u00f3lido sustento te\u00f3rico para poder comprender y analizar las desigualdades que existen en cualquier \u00e1mbito, la experta advierte tambi\u00e9n que se requiere de un enfoque integral afirmativo para atender las diferentes discriminaciones y desventajas que se profundizan en medio de la reconfiguraci\u00f3n de la sociedad cubana, con nuevas estructuras y actores econ\u00f3micos, as\u00ed como un v\u00ednculo de diferente tipo con el capital transnacional.<\/p>\n\n\n\n<p class=\"wp-block-paragraph\"><br>Afirma que&nbsp;<a href=\"https:\/\/www.redsemlac-cuba.net\/redsemlac\/sociedad-y-cultura\/cubanas-zuleica-romay-guerra-sobre-racismo-tenemos-todavia-debates-pendientes-video\" target=\"_blank\" rel=\"noreferrer noopener\">la discriminaci\u00f3n racial<\/a>, por ejemplo, se manifiesta muchas veces de un modo m\u00e1s sutil y afianzada en los estereotipos.<\/p>\n\n\n\n<p class=\"wp-block-paragraph\"><br>\u00abCuando el estereotipo se conecta con el prejuicio, s\u00ed estamos frente a un proceso mucho m\u00e1s negativo, mucho m\u00e1s lesivo, porque si yo pienso que una persona por determinadas caracter\u00edsticas de g\u00e9nero, raciales y f\u00edsicas puede ser m\u00e1s apropiada o puede tener mejores resultados que otra, entonces s\u00ed estamos frente a un problema\u00bb, detalla.<\/p>\n\n\n\n<p class=\"wp-block-paragraph\"><br>Agrega que no es solo una problem\u00e1tica relacionada con factores hist\u00f3ricos, la cultura o la presencia en los medios; tiene que ver con la posici\u00f3n que ocupan las personas en la estructura de la sociedad, con el acceso a las oportunidades existentes y las v\u00edas para poder facilitarlo.<\/p>\n\n\n\n<p class=\"wp-block-paragraph\"><br>En tal sentido, valora que las pol\u00edticas afirmativas pueden incorporarse a programas como el de la lucha contra el racismo, pues permitir\u00edan dotar de recursos de todo tipo para que las personas racializadas estuviesen en una mejor posici\u00f3n, para poder alcanzar determinadas metas o aprovechar oportunidades.<br>\u00abSabemos que hay resistencia en nuestra sociedad, no estamos habituados a trabajar de esa manera\u00bb, acota la especialista y enfatiza que, a tenor de la gran desigualdad existente en Cuba, es algo que habr\u00e1 que incorporar de manera progresiva si se quiere garantizar la inclusi\u00f3n social de toda la poblaci\u00f3n.<\/p>\n\n\n\n<p class=\"wp-block-paragraph\"><br>A\u00f1ade que las pol\u00edticas afirmativas no tienen que ir solas, no est\u00e1n aisladas, y m\u00e1s en el contexto cubano, donde en las \u00faltimas seis d\u00e9cadas se ha trabajado en pol\u00edticas universales e inclusivas en todos los \u00e1mbitos: educaci\u00f3n, salud, trabajo.<\/p>\n\n\n\n<p class=\"wp-block-paragraph\"><br>Sin desmontar esas pol\u00edticas, debemos reconocer que, si no actuamos diferenciadamente, no todos los grupos sociales tendr\u00e1n las mismas posibilidades de aprovechar las oportunidades, subraya.<br><br><\/p>\n\n\n\n<p class=\"wp-block-paragraph\">Este ser\u00eda un paso importante en la Cuba que sue\u00f1a la profesora de Flacso, quien lamenta la erosi\u00f3n que se experimenta hoy en muchos \u00e1mbitos de la sociedad, no solo en las condiciones de vida, sino tambi\u00e9n en la cultura, los valores y el comportamiento de las personas.<br><br><\/p>\n\n\n\n<p class=\"wp-block-paragraph\">Cuba deber\u00eda ser un lugar para el mejoramiento humano en todos los \u00f3rdenes, con inclusi\u00f3n, sin discriminaci\u00f3n;&nbsp;<a href=\"https:\/\/www.redsemlac-cuba.net\/redsemlac\/comunicacion\/comunicar-la-migracion-desafios-y-narrativas-para-una-transformacion-social\" target=\"_blank\" rel=\"noreferrer noopener\">un pa\u00eds donde las personas, y sobre todo las personas j\u00f3venes, puedan construir su proyecto de vida sin necesidad de emigrar<\/a>&nbsp;y donde haya la posibilidad de que todos puedan colocar sus propuestas, sus puntos de vistas y ser escuchados, considera.<br><br><\/p>\n\n\n\n<p class=\"wp-block-paragraph\">Zabala Arg\u00fcelles dice que desea una Cuba donde, en el rostro de la gente, en el d\u00eda a d\u00eda, se vea felicidad por vivir aqu\u00ed, y se enfrenten los problemas con felicidad. \u00abEse es el pa\u00eds que quiero\u00bb, reafirma.<\/p>\n\n\n\n<p class=\"wp-block-paragraph\">SEM- SEMlac\/lf<\/p>\n","protected":false},"excerpt":{"rendered":"<p>Lisandra Fari\u00f1asSemM\u00e9xico\/SEMlac, La Habana, 13 de octubre, 2025.- A sus 70 a\u00f1os,&nbsp;Mar\u00eda del Carmen Zabala Arg\u00fcelles, quien ha vivido \u00abtodos los momentos del proceso revolucionario cubano\u00bb y ha dedicado su vida al estudio y la investigaci\u00f3n social, considera que la pol\u00edtica p\u00fablica del pa\u00eds est\u00e1 urgida de atender de forma diferenciada las situaciones de pobreza. [&hellip;]<\/p>\n","protected":false},"author":3,"featured_media":99487,"comment_status":"open","ping_status":"open","sticky":false,"template":"","format":"standard","meta":{"_monsterinsights_skip_tracking":false,"footnotes":""},"categories":[53],"tags":[],"class_list":["post-99486","post","type-post","status-publish","format-standard","has-post-thumbnail","category-internacional"],"_links":{"self":[{"href":"https:\/\/redsemlac.com\/semmexico\/wp-json\/wp\/v2\/posts\/99486","targetHints":{"allow":["GET"]}}],"collection":[{"href":"https:\/\/redsemlac.com\/semmexico\/wp-json\/wp\/v2\/posts"}],"about":[{"href":"https:\/\/redsemlac.com\/semmexico\/wp-json\/wp\/v2\/types\/post"}],"author":[{"embeddable":true,"href":"https:\/\/redsemlac.com\/semmexico\/wp-json\/wp\/v2\/users\/3"}],"replies":[{"embeddable":true,"href":"https:\/\/redsemlac.com\/semmexico\/wp-json\/wp\/v2\/comments?post=99486"}],"version-history":[{"count":0,"href":"https:\/\/redsemlac.com\/semmexico\/wp-json\/wp\/v2\/posts\/99486\/revisions"}],"wp:featuredmedia":[{"embeddable":true,"href":"https:\/\/redsemlac.com\/semmexico\/wp-json\/wp\/v2\/media\/99487"}],"wp:attachment":[{"href":"https:\/\/redsemlac.com\/semmexico\/wp-json\/wp\/v2\/media?parent=99486"}],"wp:term":[{"taxonomy":"category","embeddable":true,"href":"https:\/\/redsemlac.com\/semmexico\/wp-json\/wp\/v2\/categories?post=99486"},{"taxonomy":"post_tag","embeddable":true,"href":"https:\/\/redsemlac.com\/semmexico\/wp-json\/wp\/v2\/tags?post=99486"}],"curies":[{"name":"wp","href":"https:\/\/api.w.org\/{rel}","templated":true}]}}