{"id":99480,"date":"2025-10-13T18:29:05","date_gmt":"2025-10-14T00:29:05","guid":{"rendered":"https:\/\/redsemlac.com\/semmexico\/?p=99480"},"modified":"2025-10-13T18:29:13","modified_gmt":"2025-10-14T00:29:13","slug":"chiapas-vive-escalada-de-violencia-contra-personas-defensoras-y-periodistas","status":"publish","type":"post","link":"https:\/\/redsemlac.com\/semmexico\/chiapas-vive-escalada-de-violencia-contra-personas-defensoras-y-periodistas\/","title":{"rendered":"Chiapas vive escalada de violencia contra personas defensoras y periodistas"},"content":{"rendered":"\n<ul class=\"wp-block-list\">\n<li>Espacio OSC reporta en el \u00faltimo a\u00f1o y medio 156 agresiones\u00a0contra personas defensoras en la entidad<\/li>\n\n\n\n<li>Llaman al gobierno a respetar y no limitar\u00a0la labor de defensa de los derechos humanos, la b\u00fasqueda de personas desaparecidas y el ejercicio period\u00edstico<\/li>\n<\/ul>\n\n\n\n<p class=\"wp-block-paragraph\">Redacci\u00f3n<\/p>\n\n\n\n<p class=\"wp-block-paragraph\">SemM\u00e9xico, Ciudad de M\u00e9xico, 13 octubre, 2025.- Entre&nbsp;enero de 2024 y mediados de 2025, se documentaron&nbsp;156 agresiones&nbsp;contra personas defensoras en la entidad, incluyendo&nbsp;cuatro asesinatos&nbsp;y&nbsp;131 ataques directos&nbsp;en represalia por su labor en Chiapas.<\/p>\n\n\n\n<p class=\"wp-block-paragraph\">As\u00ed lo dan a conocer las organizaciones que conforman el&nbsp;Espacio OSC para la Protecci\u00f3n de Personas Defensoras de Derechos Humanos y Periodistas y&nbsp;expresaron su profunda preocupaci\u00f3n frente la violencia, hostigamiento y criminalizaci\u00f3n&nbsp;en contra de personas defensoras de derechos humanos y periodistas en esa entidad.<\/p>\n\n\n\n<p class=\"wp-block-paragraph\">En el comunicado el&nbsp;Espacio OSC&nbsp;hace cinco puntualizaciones y llamados, el primero al gobierno de Chiapas,&nbsp;a respetar y no limitar&nbsp;la labor de defensa de los derechos humanos, la b\u00fasqueda de personas desaparecidas y el ejercicio period\u00edstico, as\u00ed como a&nbsp;establecer acciones inmediatas y efectivas para proteger la vida e integridad&nbsp;de las personas defensoras de derechos humanos y periodistas,&nbsp;garantizando el reconocimiento p\u00fablico y la no criminalizaci\u00f3n de su labor.<\/p>\n\n\n\n<p class=\"wp-block-paragraph\">Exigen que la Comisi\u00f3n Estatal de Derechos Humanos&nbsp;emitir un informe especial&nbsp;sobre la situaci\u00f3n de personas defensoras y periodistas en Chiapas, e informar sobre el&nbsp;estado de las quejas presentadas&nbsp;contra funcionarios y funcionarias p\u00fablicas involucradas en agresiones o violaciones a derechos humanos.<\/p>\n\n\n\n<p class=\"wp-block-paragraph\">Al Mecanismo Federal de Protecci\u00f3n para Personas Defensoras de Derechos Humanos y Periodistas llaman a&nbsp;fortalecer las medidas de protecci\u00f3n&nbsp;a las personas beneficiarias y&nbsp;agilizar los procesos de incorporaci\u00f3n&nbsp;de quienes soliciten resguardo ante el actual contexto de riesgo.<\/p>\n\n\n\n<p class=\"wp-block-paragraph\">Y, a la comunidad internacional, a&nbsp;mantener el monitoreo y acompa\u00f1amiento&nbsp;sobre la situaci\u00f3n de derechos humanos en Chiapas, y a&nbsp;garantizar el apoyo financiero y pol\u00edtico&nbsp;necesario para que las organizaciones de la sociedad civil puedan continuar su labor de defensa.<\/p>\n\n\n\n<p class=\"wp-block-paragraph\">En un comunicado, se\u00f1alan que estas agresiones abarcan&nbsp;intimidaciones, difamaciones, actos de vigilancia y ataques armados, como la&nbsp;masacre de Nueva Morelia, el&nbsp;asesinato del sacerdote Marcelo P\u00e9rez P\u00e9rez, y las&nbsp;agresiones contra integrantes de la organizaci\u00f3n civil Las Abejas de Acteal. Los perpetradores han incluido tanto&nbsp;grupos del crimen organizado&nbsp;como&nbsp;fuerzas de seguridad estatales.<\/p>\n\n\n\n<p class=\"wp-block-paragraph\">De manera reciente, el&nbsp;allanamiento al domicilio de Dora Roblero, directora del&nbsp;Centro de Derechos Humanos Fray Bartolom\u00e9 de Las Casas (CDH Frayba), volvi\u00f3 a evidenciar el hostigamiento sistem\u00e1tico que enfrenta esta organizaci\u00f3n, referente clave en la defensa de comunidades ind\u00edgenas y poblaciones vulnerables.<\/p>\n\n\n\n<p class=\"wp-block-paragraph\">Desde 2024, el CDH Frayba ha sufrido&nbsp;al menos 46 agresiones, entre ellas vigilancia, allanamientos y declaraciones difamatorias por parte de autoridades. Cabe recordar que la&nbsp;Comisi\u00f3n Interamericana de Derechos Humanos (CIDH)&nbsp;le otorg\u00f3&nbsp;medidas cautelares desde 2010, reconociendo las amenazas sostenidas contra su personal.<\/p>\n\n\n\n<p class=\"wp-block-paragraph\">En un patr\u00f3n paralelo, el&nbsp;5 de agosto de 2025&nbsp;fue&nbsp;detenido arbitrariamente Luis Garc\u00eda Villagr\u00e1n, fundador del&nbsp;Centro de Dignificaci\u00f3n Humana A.C., poco antes de la salida de una caravana migrante. Pese a la falta de pruebas, fue acusado de&nbsp;delincuencia organizada y tr\u00e1fico de personas.<\/p>\n\n\n\n<p class=\"wp-block-paragraph\">Un juez determin\u00f3 la&nbsp;legitimidad de su labor en defensa de los derechos de las personas migrantes&nbsp;y anul\u00f3 la orden de detenci\u00f3n; sin embargo, autoridades federales lo&nbsp;estigmatizaron p\u00fablicamente, contribuyendo a un&nbsp;clima de criminalizaci\u00f3n e intimidaci\u00f3n&nbsp;hacia quienes defienden los derechos de las personas migrantes.<\/p>\n\n\n\n<p class=\"wp-block-paragraph\">La situaci\u00f3n de&nbsp;las personas periodistas&nbsp;tambi\u00e9n es alarmante. Entre&nbsp;2021 y 2024, se registraron los asesinatos de&nbsp;V\u00edctor Alfonso Culebro Morelos&nbsp;(28 de junio de 2024) y&nbsp;Fredy L\u00f3pez Ar\u00e9valo&nbsp;(28 de octubre de 2021).<\/p>\n\n\n\n<p class=\"wp-block-paragraph\">Adem\u00e1s,&nbsp;CIMAC&nbsp;ha documentado&nbsp;21 agresiones contra mujeres periodistas entre 2024 y 2025, siendo este \u00faltimo a\u00f1o el m\u00e1s violento, con&nbsp;16 casos reportados, incluyendo&nbsp;dos allanamientos.<\/p>\n\n\n\n<p class=\"wp-block-paragraph\">A pesar del discurso oficial de \u201cpacificaci\u00f3n\u201d impulsado por el gobierno estatal desde su entrada en funciones el&nbsp;8 de diciembre de 2024, la realidad en Chiapas muestra desaf\u00edos&nbsp;alarmantes de las condiciones de seguridad y derechos humanos.<\/p>\n\n\n\n<p class=\"wp-block-paragraph\">Mientras se habla de reconciliaci\u00f3n y di\u00e1logo,&nbsp;las agresiones contra quienes defienden derechos humanos y ejercen el periodismo persisten. La estrategia estatal, centrada en la contenci\u00f3n y la militarizaci\u00f3n del territorio,&nbsp;no ha reducido la violencia.<\/p>\n\n\n\n<p class=\"wp-block-paragraph\">Este contexto se entrelaza con los&nbsp;se\u00f1alamientos p\u00fablicos realizados por comunidades zapatistas, que han denunciado&nbsp;despojos de tierras y hostigamientos contra comunidades ind\u00edgenas, ejecutados&nbsp;en complicidad con fuerzas armadas federales, polic\u00edas estatales y agentes particulares.<\/p>\n\n\n\n<p class=\"wp-block-paragraph\">Estas acciones no s\u00f3lo amenazan la integridad de los pueblos originarios, sino que tambi\u00e9n&nbsp;revelan la connivencia entre actores estatales y estructuras de poder local&nbsp;que buscan imponer proyectos econ\u00f3micos y de control territorial a costa de la vida y los derechos de las comunidades.<\/p>\n\n\n\n<p class=\"wp-block-paragraph\">As\u00ed, la llamada \u201cpacificaci\u00f3n\u201d contrasta de forma flagrante con el persistente&nbsp;clima de violencia, desplazamiento y criminalizaci\u00f3n. Lejos de construir condiciones de paz, las pol\u00edticas actuales&nbsp;han normalizado la presencia militar y la represi\u00f3n, mientras&nbsp;se desatienden las causas estructurales de la conflictividad: la pobreza, el despojo, la impunidad y la ausencia de un Estado que garantice justicia.<\/p>\n\n\n\n<p class=\"wp-block-paragraph\">En lugar de proteger, las autoridades han&nbsp;cerrado espacios de participaci\u00f3n y debilitado la acci\u00f3n de la sociedad civil, tal como es el claro ejemplo de los colectivos de familiares que buscan a las personas desaparecidas, afectando directamente a quienes sostienen la defensa de los derechos y el acompa\u00f1amiento a las comunidades m\u00e1s vulnerables.<\/p>\n\n\n\n<p class=\"wp-block-paragraph\">Chiapas sigue siendo uno de los&nbsp;estados m\u00e1s pobres del pa\u00eds, con&nbsp;profundas desigualdades estructurales&nbsp;que afectan de manera desproporcionada a&nbsp;pueblos ind\u00edgenas, mujeres, ni\u00f1as y ni\u00f1os. La&nbsp;violencia, el desplazamiento forzado, las desapariciones y la trata de personas&nbsp;agravan estas condiciones, mientras la acci\u00f3n del Estado resulta&nbsp;insuficiente para garantizar protecci\u00f3n y justicia.<\/p>\n\n\n\n<p class=\"wp-block-paragraph\">A ello se suma la preocupaci\u00f3n por los&nbsp;recortes financieros a la cooperaci\u00f3n internacional&nbsp;destinada a organizaciones de derechos humanos y de atenci\u00f3n a personas migrantes, lo cual ha&nbsp;reducido su capacidad de acompa\u00f1amiento&nbsp;y&nbsp;dejado en mayor vulnerabilidad a las v\u00edctimas y comunidades&nbsp;que hoy enfrentan riesgos graves.<\/p>\n\n\n\n<p class=\"wp-block-paragraph\">Reiteramos que la&nbsp;defensa de los derechos humanos y la libertad de prensa no deben ser limitadas ni criminalizadas, sino reconocidas como&nbsp;pilares fundamentales de la democracia y la justicia social.<\/p>\n\n\n\n<p class=\"wp-block-paragraph\"><em>Las organizaciones que integran el Espacio OSC<\/em> son ARTICLE 19 M\u00e9xico y Centroam\u00e9rica; Casa del Migrante Saltillo; Centro de Derechos Humanos de la Monta\u00f1a Tlachinollan; Centro de Derechos Humanos Zeferino Ladrillero (CDHZL); Centro Mexicano de Derecho Ambiental (CEMDA); Centro Nacional de Comunicaci\u00f3n Social (Cencos); Comunicaci\u00f3n e Informaci\u00f3n de la Mujer A.C. (CIMAC); Consorcio para el Di\u00e1logo Parlamentario y la Equidad Oaxaca (Consorcio Oaxaca); Instituto de Derecho Ambiental (IDEA), Red Nacional de Organismos Civiles de Derechos Humanos Todos los Derechos para Todas, Todos y todes (RedTDT); SMR: Scalabrinianas, Misi\u00f3n con Migrantes y Refugiados; Servicios y Asesor\u00eda para la Paz (Serapaz), Proyecto de Derechos Econ\u00f3micos Sociales y Culturales&nbsp; (PRODESC). El Espacio OSC est\u00e1 acompa\u00f1ado por Brigadas Internacionales de Paz (PBI) \u2013 Proyecto M\u00e9xico.<\/p>\n\n\n\n<p class=\"wp-block-paragraph\">SEM\/sj<\/p>\n","protected":false},"excerpt":{"rendered":"<p>Redacci\u00f3n SemM\u00e9xico, Ciudad de M\u00e9xico, 13 octubre, 2025.- Entre&nbsp;enero de 2024 y mediados de 2025, se documentaron&nbsp;156 agresiones&nbsp;contra personas defensoras en la entidad, incluyendo&nbsp;cuatro asesinatos&nbsp;y&nbsp;131 ataques directos&nbsp;en represalia por su labor en Chiapas. As\u00ed lo dan a conocer las organizaciones que conforman el&nbsp;Espacio OSC para la Protecci\u00f3n de Personas Defensoras de Derechos Humanos y Periodistas [&hellip;]<\/p>\n","protected":false},"author":3,"featured_media":99481,"comment_status":"open","ping_status":"open","sticky":false,"template":"","format":"standard","meta":{"_monsterinsights_skip_tracking":false,"footnotes":""},"categories":[694],"tags":[],"class_list":["post-99480","post","type-post","status-publish","format-standard","has-post-thumbnail","category-destacadas"],"_links":{"self":[{"href":"https:\/\/redsemlac.com\/semmexico\/wp-json\/wp\/v2\/posts\/99480","targetHints":{"allow":["GET"]}}],"collection":[{"href":"https:\/\/redsemlac.com\/semmexico\/wp-json\/wp\/v2\/posts"}],"about":[{"href":"https:\/\/redsemlac.com\/semmexico\/wp-json\/wp\/v2\/types\/post"}],"author":[{"embeddable":true,"href":"https:\/\/redsemlac.com\/semmexico\/wp-json\/wp\/v2\/users\/3"}],"replies":[{"embeddable":true,"href":"https:\/\/redsemlac.com\/semmexico\/wp-json\/wp\/v2\/comments?post=99480"}],"version-history":[{"count":0,"href":"https:\/\/redsemlac.com\/semmexico\/wp-json\/wp\/v2\/posts\/99480\/revisions"}],"wp:featuredmedia":[{"embeddable":true,"href":"https:\/\/redsemlac.com\/semmexico\/wp-json\/wp\/v2\/media\/99481"}],"wp:attachment":[{"href":"https:\/\/redsemlac.com\/semmexico\/wp-json\/wp\/v2\/media?parent=99480"}],"wp:term":[{"taxonomy":"category","embeddable":true,"href":"https:\/\/redsemlac.com\/semmexico\/wp-json\/wp\/v2\/categories?post=99480"},{"taxonomy":"post_tag","embeddable":true,"href":"https:\/\/redsemlac.com\/semmexico\/wp-json\/wp\/v2\/tags?post=99480"}],"curies":[{"name":"wp","href":"https:\/\/api.w.org\/{rel}","templated":true}]}}