{"id":99477,"date":"2025-10-13T18:25:21","date_gmt":"2025-10-14T00:25:21","guid":{"rendered":"https:\/\/redsemlac.com\/semmexico\/?p=99477"},"modified":"2025-10-13T18:25:26","modified_gmt":"2025-10-14T00:25:26","slug":"niega-parte-patronal-seguridad-social-de-trabajadoras-del-hogar","status":"publish","type":"post","link":"https:\/\/redsemlac.com\/semmexico\/niega-parte-patronal-seguridad-social-de-trabajadoras-del-hogar\/","title":{"rendered":"Niega parte patronal seguridad social de trabajadoras del hogar"},"content":{"rendered":"\n<ul class=\"wp-block-list\">\n<li>En Chilpancingo solo 200 trabajadoras del hogar han sido afiliadas al IMSS<\/li>\n\n\n\n<li>Llama IMSS personas empleadoras a cumplir con sus obligaciones<\/li>\n<\/ul>\n\n\n\n<p class=\"wp-block-paragraph\">Baltazar Jim\u00e9nez Rosales<\/p>\n\n\n\n<p class=\"wp-block-paragraph\">SemM\u00e9xico\/Ceprovysa, 13 de septiembre, 2025.- Personas empleadoras se niegan a garantizar la seguridad social a las trabajadoras del hogar, reconoci\u00f3 Jazm\u00edn Vargas D\u00edaz, jefa del Departamento de Afiliaci\u00f3n y Vigencia del Instituto Mexicano del Seguro Social (IMSS), quien explic\u00f3 que en esta ciudad solo 200 trabajadoras tienen esta prestaci\u00f3n.<\/p>\n\n\n\n<p class=\"wp-block-paragraph\">Desde 2019 se aprobaron las reformas a la Ley del Seguro Social y a la Ley Federal del Trabajo, as\u00ed como una reforma de 2022, lo que deber\u00eda garantizar sus derechos sociales, sin embargo, en Chilpancingo y municipios vecinos, el n\u00famero de empleadas afiliadas al IMSS es reducido.<\/p>\n\n\n\n<p class=\"wp-block-paragraph\">De acuerdo con la ley, la trabajadora del hogar tiene derechos aun cuando acuda una vez por semana a trabajar a un domicilio, se le protege de sufrir un accidente camino al trabajo o en el trabajo.<\/p>\n\n\n\n<p class=\"wp-block-paragraph\">La jefa del Departamento de Afiliaci\u00f3n y Vigencia del IMSS llam\u00f3 a las trabajadoras del hogar y personas empleadoras a cumplir con la obligaci\u00f3n que tienen de dar seguridad a sus trabajadoras y plante\u00f3 que hasta hoy son pocos las y los patrones que cumplen con esta obligaci\u00f3n.<\/p>\n\n\n\n<p class=\"wp-block-paragraph\"><br>De acuerdo con datos de la Subdelegaci\u00f3n del Seguro Social en Chilpancingo son al menos 200 trabajadoras del hogar que cuentan con esta prestaci\u00f3n, cifra reducida para el numero de trabajadoras dom\u00e9sticas que existen.<\/p>\n\n\n\n<p class=\"wp-block-paragraph\">Vargas D\u00edaz record\u00f3 que es importante que las empleadoras garanticen sus derechos sociales a las personas que acuden a trabajar a sus casas, porque ellas tienen derechos como son vacaciones, aguinaldo, d\u00edas de descanso y otras prestaciones sociales.<\/p>\n\n\n\n<p class=\"wp-block-paragraph\"><br>La funcionaria refiri\u00f3 que en su mayor\u00eda las trabajadoras del hogar trabajan m\u00e1s de 20 a\u00f1os y terminan una vida laboral sin derecho a pensi\u00f3n y sin derecho a nada.<\/p>\n\n\n\n<p class=\"wp-block-paragraph\"><br>SEM-Ceprovysa\/bjr\/sj<\/p>\n","protected":false},"excerpt":{"rendered":"<p>Baltazar Jim\u00e9nez Rosales SemM\u00e9xico\/Ceprovysa, 13 de septiembre, 2025.- Personas empleadoras se niegan a garantizar la seguridad social a las trabajadoras del hogar, reconoci\u00f3 Jazm\u00edn Vargas D\u00edaz, jefa del Departamento de Afiliaci\u00f3n y Vigencia del Instituto Mexicano del Seguro Social (IMSS), quien explic\u00f3 que en esta ciudad solo 200 trabajadoras tienen esta prestaci\u00f3n. Desde 2019 se [&hellip;]<\/p>\n","protected":false},"author":3,"featured_media":99479,"comment_status":"open","ping_status":"open","sticky":false,"template":"","format":"standard","meta":{"_monsterinsights_skip_tracking":false,"footnotes":""},"categories":[903],"tags":[],"class_list":["post-99477","post","type-post","status-publish","format-standard","has-post-thumbnail","category-presidenta-y-mas"],"_links":{"self":[{"href":"https:\/\/redsemlac.com\/semmexico\/wp-json\/wp\/v2\/posts\/99477","targetHints":{"allow":["GET"]}}],"collection":[{"href":"https:\/\/redsemlac.com\/semmexico\/wp-json\/wp\/v2\/posts"}],"about":[{"href":"https:\/\/redsemlac.com\/semmexico\/wp-json\/wp\/v2\/types\/post"}],"author":[{"embeddable":true,"href":"https:\/\/redsemlac.com\/semmexico\/wp-json\/wp\/v2\/users\/3"}],"replies":[{"embeddable":true,"href":"https:\/\/redsemlac.com\/semmexico\/wp-json\/wp\/v2\/comments?post=99477"}],"version-history":[{"count":0,"href":"https:\/\/redsemlac.com\/semmexico\/wp-json\/wp\/v2\/posts\/99477\/revisions"}],"wp:featuredmedia":[{"embeddable":true,"href":"https:\/\/redsemlac.com\/semmexico\/wp-json\/wp\/v2\/media\/99479"}],"wp:attachment":[{"href":"https:\/\/redsemlac.com\/semmexico\/wp-json\/wp\/v2\/media?parent=99477"}],"wp:term":[{"taxonomy":"category","embeddable":true,"href":"https:\/\/redsemlac.com\/semmexico\/wp-json\/wp\/v2\/categories?post=99477"},{"taxonomy":"post_tag","embeddable":true,"href":"https:\/\/redsemlac.com\/semmexico\/wp-json\/wp\/v2\/tags?post=99477"}],"curies":[{"name":"wp","href":"https:\/\/api.w.org\/{rel}","templated":true}]}}