{"id":99475,"date":"2025-10-13T18:14:54","date_gmt":"2025-10-14T00:14:54","guid":{"rendered":"https:\/\/redsemlac.com\/semmexico\/?p=99475"},"modified":"2025-10-13T18:14:56","modified_gmt":"2025-10-14T00:14:56","slug":"la-opinion-aliento-para-venezuela-el-nobel-de-la-paz","status":"publish","type":"post","link":"https:\/\/redsemlac.com\/semmexico\/la-opinion-aliento-para-venezuela-el-nobel-de-la-paz\/","title":{"rendered":"La opini\u00f3n| Aliento para Venezuela, el Nobel de la Paz"},"content":{"rendered":"\n<p class=\"wp-block-paragraph\">Ang\u00e9lica de la Pe\u00f1a<\/p>\n\n\n\n<p class=\"wp-block-paragraph\">SemM\u00e9xico, Ciudad de M\u00e9xico, 13 de octubre, 2025.- Cuando&nbsp;<strong>le preguntaron&nbsp;<\/strong>a la presidenta Sheinbaum su opini\u00f3n sobre el Premio Nobel de la Paz que le fue otorgado a Mar\u00eda Corina Machado y no a Trump,<strong>&nbsp;le dio la vuelta<\/strong>&nbsp;contestando que \u201csiempre hemos hablado de la soberan\u00eda y la autodeterminaci\u00f3n de los pueblos\u201d,<strong>&nbsp;y remata:&nbsp;<\/strong>sin comentario.<\/p>\n\n\n\n<p class=\"wp-block-paragraph\">No se le movi\u00f3 un pelo de<strong>&nbsp;m\u00ednima solidaridad<\/strong>&nbsp;con otra mujer, como s\u00ed lo han hecho otras mujeres de todas las tendencias, porque se podr\u00e1 estar de<strong>&nbsp;acuerdo o no<\/strong>&nbsp;con el pensamiento pol\u00edtico de esta emblem\u00e1tica y valiente venezolana, lo que queda a todas luces confirmado es que ella es una&nbsp;<strong>perseguida pol\u00edtica,&nbsp;<\/strong>que est\u00e1 en la clandestinidad desde hace un a\u00f1o, su vida corre constante peligro y ha demostrado con creces que&nbsp;<strong>defiende la democracia<\/strong>&nbsp;efectiva.<\/p>\n\n\n\n<p class=\"wp-block-paragraph\">Mar\u00eda Corina se ha convertido en un<strong>&nbsp;referente de la lucha<\/strong>&nbsp;contra el r\u00e9gimen chavista que contin\u00faa el impresentable Nicol\u00e1s Maduro, este tirano acusado de estar vinculado con&nbsp;<strong>c\u00e1rteles delincuenciales.<\/strong><\/p>\n\n\n\n<p class=\"wp-block-paragraph\">Una lectura inevitable sobre<strong>&nbsp;esta frialdad<\/strong>&nbsp;de Sheinbaum tiene que ver con su alineamiento hacia el<strong>&nbsp;izquierdismo populista,&nbsp;<\/strong>del que forma parte Maduro. Por cierto hacia all\u00e1 est\u00e1 llevando al pa\u00eds, por m\u00e1s que diga que&nbsp;<strong>respeta nuestra Constituci\u00f3n<\/strong>&nbsp;y que est\u00e1 con el pueblo al que maltrata con d\u00e1divas en lugar de<strong>&nbsp;garantizar servicios&nbsp;<\/strong>p\u00fablicos, derechos, estabilidad social y paz.<\/p>\n\n\n\n<p class=\"wp-block-paragraph\">Tambi\u00e9n se nota la&nbsp;<strong>influencia del espa\u00f1ol&nbsp;<\/strong>Pablo Iglesias, de quien se menciona es asesor de su gobierno. Este personaje escribi\u00f3 en X insultando al&nbsp;<strong>Comit\u00e9 de Noruega<\/strong>&nbsp;diciendo que el Nobel de la Paz se lo pod\u00edan haber dado a Hitler a&nbsp;<strong>t\u00edtulo p\u00f3stumo,<\/strong>&nbsp;y sin pruebas acusa a Mar\u00eda Corina de \u201cque lleva a\u00f1os intentando dar un golpe de Estado en su pa\u00eds\u201d.&nbsp;<strong>Una mentira&nbsp;<\/strong>que cae por s\u00ed misma porque el planteamiento pol\u00edtico de Machado ha sido siempre participar en las elecciones y&nbsp;<strong>ganar con votos&nbsp;<\/strong>de manera pac\u00edfica.<\/p>\n\n\n\n<p class=\"wp-block-paragraph\">Recordemos el a\u00f1o pasado, sin que ella&nbsp;<strong>pudiera participar<\/strong>&nbsp;por estar inhabilitada por Maduro, a\u00fan as\u00ed influye y trabaja por la unidad de toda&nbsp;<strong>la oposici\u00f3n&nbsp;<\/strong>a favor de Edmundo Gonz\u00e1lez y deciden participar electoralmente a pesar de que enfrentar\u00edan una&nbsp;<strong>elecci\u00f3n de Estado.&nbsp;<\/strong>Lograron obtener m\u00e1s del 81.7 por ciento de las actas electorales que constata su triunfo con&nbsp;<strong>67 por ciento&nbsp;<\/strong>de la elecci\u00f3n. Finalmente Maduro se impuso por la fuerza porque controla todas las<strong>&nbsp;instituciones electorales&nbsp;<\/strong>y judiciales.<\/p>\n\n\n\n<p class=\"wp-block-paragraph\">La crisis de Venezuela&nbsp;<strong>es brutal:&nbsp;<\/strong>hay nueve millones de exiliados, miles de perseguidos y miles de&nbsp;<strong>ejecuciones extrajudiciales&nbsp;<\/strong>desde que el chavismo lleg\u00f3 al poder.<\/p>\n\n\n\n<p class=\"wp-block-paragraph\">El&nbsp;<strong>Comit\u00e9 del Nobel<\/strong>&nbsp;esgrimi\u00f3 que Mar\u00eda Corina hab\u00eda logrado \u201cunificar a la oposici\u00f3n que estaba estaba&nbsp;<strong>profundamente dividida,<\/strong>&nbsp;una oposici\u00f3n que encontr\u00f3 un terreno com\u00fan en la demanda de elecciones libres y un gobierno representativo. Ha sido una inspiraci\u00f3n de&nbsp;<strong>millones de personas,&nbsp;<\/strong>porque cuando los autoritarios toman el poder es crucial reconocer a los valientes<strong>&nbsp;defensores&nbsp;<\/strong>de la libertad que se levantan y resisten\u201d.<\/p>\n\n\n\n<p class=\"wp-block-paragraph\">Nelson Mandela, recibi\u00f3 el&nbsp;<strong>Nobel de La Paz<\/strong>&nbsp;siendo un militante socialista. Martin Luther King Jr por su lucha por los<strong>&nbsp;derechos civiles&nbsp;<\/strong>en Estados Unidos. Debemos tener presente a Narges Mohammdi, quien lleva&nbsp;<strong>10 a\u00f1os presa&nbsp;<\/strong>por su lucha contra la opresi\u00f3n de las mujeres en Ir\u00e1n y&nbsp;<strong>lo recibi\u00f3&nbsp;<\/strong>hace dos a\u00f1os.<\/p>\n\n\n\n<p class=\"wp-block-paragraph\">Mar\u00eda Corina Machado, dice el comit\u00e9, \u201ces una&nbsp;<strong>mujer comprometida<\/strong>&nbsp;que mantiene ardiendo la&nbsp;<strong>llama de la democracia&nbsp;<\/strong>en medio de una oscuridad\u201d. Por eso se<strong>&nbsp;le reconoce&nbsp;<\/strong>con el Nobel de la Paz.<\/p>\n\n\n\n<p class=\"wp-block-paragraph\"><strong><em>Defensora de derechos humanos<\/em><\/strong><\/p>\n","protected":false},"excerpt":{"rendered":"<p>Ang\u00e9lica de la Pe\u00f1a SemM\u00e9xico, Ciudad de M\u00e9xico, 13 de octubre, 2025.- Cuando&nbsp;le preguntaron&nbsp;a la presidenta Sheinbaum su opini\u00f3n sobre el Premio Nobel de la Paz que le fue otorgado a Mar\u00eda Corina Machado y no a Trump,&nbsp;le dio la vuelta&nbsp;contestando que \u201csiempre hemos hablado de la soberan\u00eda y la autodeterminaci\u00f3n de los pueblos\u201d,&nbsp;y remata:&nbsp;sin [&hellip;]<\/p>\n","protected":false},"author":3,"featured_media":86539,"comment_status":"open","ping_status":"open","sticky":false,"template":"","format":"standard","meta":{"_monsterinsights_skip_tracking":false,"footnotes":""},"categories":[725,110,35],"tags":[],"class_list":["post-99475","post","type-post","status-publish","format-standard","has-post-thumbnail","category-angelica-de-la-pena","category-la-opinion-columnas","category-opinion"],"_links":{"self":[{"href":"https:\/\/redsemlac.com\/semmexico\/wp-json\/wp\/v2\/posts\/99475","targetHints":{"allow":["GET"]}}],"collection":[{"href":"https:\/\/redsemlac.com\/semmexico\/wp-json\/wp\/v2\/posts"}],"about":[{"href":"https:\/\/redsemlac.com\/semmexico\/wp-json\/wp\/v2\/types\/post"}],"author":[{"embeddable":true,"href":"https:\/\/redsemlac.com\/semmexico\/wp-json\/wp\/v2\/users\/3"}],"replies":[{"embeddable":true,"href":"https:\/\/redsemlac.com\/semmexico\/wp-json\/wp\/v2\/comments?post=99475"}],"version-history":[{"count":0,"href":"https:\/\/redsemlac.com\/semmexico\/wp-json\/wp\/v2\/posts\/99475\/revisions"}],"wp:featuredmedia":[{"embeddable":true,"href":"https:\/\/redsemlac.com\/semmexico\/wp-json\/wp\/v2\/media\/86539"}],"wp:attachment":[{"href":"https:\/\/redsemlac.com\/semmexico\/wp-json\/wp\/v2\/media?parent=99475"}],"wp:term":[{"taxonomy":"category","embeddable":true,"href":"https:\/\/redsemlac.com\/semmexico\/wp-json\/wp\/v2\/categories?post=99475"},{"taxonomy":"post_tag","embeddable":true,"href":"https:\/\/redsemlac.com\/semmexico\/wp-json\/wp\/v2\/tags?post=99475"}],"curies":[{"name":"wp","href":"https:\/\/api.w.org\/{rel}","templated":true}]}}