{"id":99471,"date":"2025-10-13T18:11:24","date_gmt":"2025-10-14T00:11:24","guid":{"rendered":"https:\/\/redsemlac.com\/semmexico\/?p=99471"},"modified":"2025-10-13T18:11:26","modified_gmt":"2025-10-14T00:11:26","slug":"tras-la-puerta-del-poder-mexico-en-busca-de-su-opositora-maria-corina","status":"publish","type":"post","link":"https:\/\/redsemlac.com\/semmexico\/tras-la-puerta-del-poder-mexico-en-busca-de-su-opositora-maria-corina\/","title":{"rendered":"Tras la puerta del poder| M\u00e9xico en busca de su opositora Mar\u00eda Corina"},"content":{"rendered":"\n<p class=\"wp-block-paragraph\">&nbsp;Roberto Vizca\u00edno<\/p>\n\n\n\n<p class=\"wp-block-paragraph\">SemM\u00e9xico, Ciudad de M\u00e9xico, 13 de octubre, 2025.- El constante brote de movimientos opositores en M\u00e9xico advierte una constante b\u00fasqueda de un o una l\u00edder que encabece hoy a la disidencia de la 4T.<\/p>\n\n\n\n<p class=\"wp-block-paragraph\">Entre ellos sobresale aquellos liderados por mujeres. Sin duda el otorgamiento del Nobel de la Paz a&nbsp;<strong>Mar\u00eda Corina Machado<\/strong>&nbsp;que revitaliza la lucha interna en Venezuela, y que marca una ruta contra los gobiernos populistas y autoritarios en el continente, tendr\u00e1 un reflejo en M\u00e9xico.<\/p>\n\n\n\n<p class=\"wp-block-paragraph\">Hoy, bajo el asedio constante de&nbsp;<strong>Donald Trump<\/strong>&nbsp;que un d\u00eda anuncia nuevos aranceles y el otro insiste en calificar de narco gobierno al de&nbsp;<strong>Claudia Sheinbaum, mientras<\/strong>&nbsp;considera que la mandataria no hace&nbsp;<em>lo suficiente<\/em>&nbsp;para frenar el flujo de fentanilo a EU, la presidenta vive un explosivo coctel opositor nacional que va de una creciente inconformidad interna a una creciente deuda imparable; una ola de feminicidios, desapariciones, ejecuciones diarios por cientos; un constante desarreglo y excesos en su movimiento; involucramiento de sus lideres cercanos con el narco o ingresos multimillonarios excesivos como inocultables y una falta de influencia real dentro de Morena.<\/p>\n\n\n\n<p class=\"wp-block-paragraph\">En los bordes de la oposici\u00f3n y la inconformidad social que no amaina ni se deja llevar por los supuestos logros del r\u00e9gimen de la 4T, brotan todos los d\u00edas nuevos movimientos como el de&nbsp;<strong><em>Resistencia Nacional<\/em><\/strong>&nbsp;de&nbsp;<strong>Alessandra Rojo de la Vega<\/strong>, alcaldesa de Cuauht\u00e9moc.<\/p>\n\n\n\n<p class=\"wp-block-paragraph\">O el resurgimiento de la exsenadora&nbsp;<strong>X\u00f3chitl G\u00e1lvez<\/strong>, candidata perdedora de las presidenciales del a\u00f1o pasado, o la senadora sonorense&nbsp;<strong>Lilly T\u00e9llez<\/strong>, quien al parecer a decidido crear una candidatura presidencial con base a sus ataques a&nbsp;<strong>Ad\u00e1n Augusto L\u00f3pez<\/strong>&nbsp;y a sus excompa\u00f1eros de la 4T y Morena en el Senado.<\/p>\n\n\n\n<p class=\"wp-block-paragraph\">O el de \u00a1<strong><em>Basta Ya<\/em><\/strong>! del empresario&nbsp;<strong>Ricardo Salinas<\/strong>, o el de los j\u00f3venes que reclaman en redes sociales&nbsp;<strong><em>unidad para ir como ocurri\u00f3 en Nepal hace un par de semanas contra el r\u00e9gimen corrupto<\/em><\/strong>; o como el de los viejos pol\u00edticos encabezados por&nbsp;<strong>Ulises Ruiz<\/strong>&nbsp;exgobernador de Oaxaca y operador electoral del PRI con su \u201c<strong><em>M\u00e9xico Nuevo<\/em><\/strong>\u201d; o el de&nbsp;<strong>Guadalupe Acosta Naranjo<\/strong>&nbsp;exdirigente del PRD y exoperador electoral de&nbsp;<strong>AMLO<\/strong>&nbsp;que tarde o temprano, el pr\u00f3ximo a\u00f1o, antes de las elecciones intermedias del 2027, buscar\u00e1n un punto de uni\u00f3n y alianza para entonces si enfrentar abiertamente a Morena y su 4T.<\/p>\n\n\n\n<p class=\"wp-block-paragraph\">Todo eso es alimentado hoy por las recientes afirmaciones del expresidente&nbsp;<strong>Ernesto Zedillo<\/strong>&nbsp;quien ha declarado la semana pasada que&nbsp;<strong>Claudia Sheinbaum y AMLO<\/strong>&nbsp;han asesinado con sus reformas ama\u00f1adas y a modo a la democracia y las libertades en M\u00e9xico.<\/p>\n\n\n\n<p class=\"wp-block-paragraph\">El caldo de cultivo de la inconformidad interna sin duda crece con el nivel de adquirido por la violencia las ejecuciones diarias y la inseguridad.<\/p>\n\n\n\n<p class=\"wp-block-paragraph\">M\u00e9xico hoy sin duda est\u00e1 en una efervescente b\u00fasqueda de su l\u00edder al estilo de la venezolana hoy Premio Nobel de la Paz Mar\u00eda Corina Machado.<\/p>\n\n\n\n<p class=\"wp-block-paragraph\">Se nos a gota el tiempo y todo indica que el pr\u00f3ximo a\u00f1o, junto con la reforma Electoral que viene, al parejo surgir\u00e1 un nuevo Frente Democr\u00e1tico que aglutinar\u00e1 a lo liderazgos y movimientos que est\u00e1n brotando por todo el pa\u00eds.<\/p>\n\n\n\n<p class=\"wp-block-paragraph\"><strong>Sheinbaum va a la zona de desastre<\/strong><\/p>\n\n\n\n<p class=\"wp-block-paragraph\">En una evidente toma de distancia de su antecesor, que ante los huracanes y ciclones no se mojaba las suelas de sus zapatos, la presidenta&nbsp;<strong>Claudia Sheinbaum<\/strong>&nbsp;se fue este fin de semana a realizar un recorrido por las zonas del desastre dejado Raymond en San Luis Potos\u00ed, Veracruz, Quer\u00e9taro, Hidalgo y Puebla, donde permanecen activos los planes DN-III y Marina.<\/p>\n\n\n\n<p class=\"wp-block-paragraph\">Antes de su salida la mandataria dejo en claro que desde el viernes se mantiene instalado el Comit\u00e9 de Protecci\u00f3n Civil y que las labores de emergencia se centran en abrir caminos, restablecer servicios y atender a la poblaci\u00f3n damnificada.<\/p>\n\n\n\n<p class=\"wp-block-paragraph\">\u00abEn este momento me dirijo a tres de los estados que voy a visitar el d\u00eda de hoy. Ma\u00f1ana estar\u00e9 visitando otros dos estados\u00bb, inform\u00f3.<\/p>\n\n\n\n<p class=\"wp-block-paragraph\">A su llegada adelant\u00f3 que no se dejar\u00e1 a nadie desamparado.<\/p>\n\n\n\n<p class=\"wp-block-paragraph\">En su informe oficial report\u00f3 cerca de 40 muertos por las inundaciones, 108 interrupciones en 18 carreteras federales, de las cuales 103 ya fueron atendidas.<\/p>\n\n\n\n<p class=\"wp-block-paragraph\">En las primeras horas de su recorrido por la zona se indic\u00f3 que m\u00e1s de 6 mil elementos del Ej\u00e9rcito y 3 mil de la Marina participan en las tareas de auxilio, con unas 250 m\u00e1quinas de las secretar\u00edas de Infraestructura y Comunicaciones, Marina y Defensa dedicadas a la apertura de caminos.<\/p>\n\n\n\n<p class=\"wp-block-paragraph\">La presidenta precis\u00f3 que una vez superada la fase cr\u00edtica de la emergencia se iniciar\u00e1 un censo para evaluar da\u00f1os y otorgar apoyos a las familias afectadas.<\/p>\n\n\n\n<p class=\"wp-block-paragraph\">\u00abEn todas las localidades donde hubo afectaciones va a haber un censo y a partir del censo se dar\u00e1n todos los apoyos que se requieran a la poblaci\u00f3n\u00bb, expuso.<\/p>\n\n\n\n<p class=\"wp-block-paragraph\"><strong>Sheinbaum<\/strong>&nbsp;indic\u00f3 que el Comit\u00e9 de Emergencias mantendr\u00e1 sus operaciones hasta que se declare superada la emergencia.<\/p>\n\n\n\n<p class=\"wp-block-paragraph\">En sin una nueva forma de enfrentar el desastre muy lejos de los pasados 6&nbsp; a\u00f1os.<\/p>\n\n\n\n<p class=\"wp-block-paragraph\">Twitter: @_Vizcaino \/ Facebook<\/p>\n\n\n\n<p class=\"wp-block-paragraph\">\/&nbsp;<a href=\"https:\/\/www.facebook.com\/rvizcainoa\" target=\"_blank\" rel=\"noreferrer noopener\">https:\/\/www.facebook.com\/rvizcainoa<\/a><\/p>\n","protected":false},"excerpt":{"rendered":"<p>&nbsp;Roberto Vizca\u00edno SemM\u00e9xico, Ciudad de M\u00e9xico, 13 de octubre, 2025.- El constante brote de movimientos opositores en M\u00e9xico advierte una constante b\u00fasqueda de un o una l\u00edder que encabece hoy a la disidencia de la 4T. Entre ellos sobresale aquellos liderados por mujeres. Sin duda el otorgamiento del Nobel de la Paz a&nbsp;Mar\u00eda Corina Machado&nbsp;que [&hellip;]<\/p>\n","protected":false},"author":3,"featured_media":39589,"comment_status":"open","ping_status":"open","sticky":false,"template":"","format":"standard","meta":{"_monsterinsights_skip_tracking":false,"footnotes":""},"categories":[35,623,622],"tags":[],"class_list":["post-99471","post","type-post","status-publish","format-standard","has-post-thumbnail","category-opinion","category-roberto-vizcaino","category-tras-la-puerta-del-poder"],"_links":{"self":[{"href":"https:\/\/redsemlac.com\/semmexico\/wp-json\/wp\/v2\/posts\/99471","targetHints":{"allow":["GET"]}}],"collection":[{"href":"https:\/\/redsemlac.com\/semmexico\/wp-json\/wp\/v2\/posts"}],"about":[{"href":"https:\/\/redsemlac.com\/semmexico\/wp-json\/wp\/v2\/types\/post"}],"author":[{"embeddable":true,"href":"https:\/\/redsemlac.com\/semmexico\/wp-json\/wp\/v2\/users\/3"}],"replies":[{"embeddable":true,"href":"https:\/\/redsemlac.com\/semmexico\/wp-json\/wp\/v2\/comments?post=99471"}],"version-history":[{"count":0,"href":"https:\/\/redsemlac.com\/semmexico\/wp-json\/wp\/v2\/posts\/99471\/revisions"}],"wp:featuredmedia":[{"embeddable":true,"href":"https:\/\/redsemlac.com\/semmexico\/wp-json\/wp\/v2\/media\/39589"}],"wp:attachment":[{"href":"https:\/\/redsemlac.com\/semmexico\/wp-json\/wp\/v2\/media?parent=99471"}],"wp:term":[{"taxonomy":"category","embeddable":true,"href":"https:\/\/redsemlac.com\/semmexico\/wp-json\/wp\/v2\/categories?post=99471"},{"taxonomy":"post_tag","embeddable":true,"href":"https:\/\/redsemlac.com\/semmexico\/wp-json\/wp\/v2\/tags?post=99471"}],"curies":[{"name":"wp","href":"https:\/\/api.w.org\/{rel}","templated":true}]}}