{"id":9941,"date":"2019-06-20T00:04:12","date_gmt":"2019-06-20T00:04:12","guid":{"rendered":"https:\/\/redsemlac.com\/semmexico\/?p=9941"},"modified":"2023-07-21T14:49:43","modified_gmt":"2023-07-21T19:49:43","slug":"maternidades-diversas","status":"publish","type":"post","link":"https:\/\/redsemlac.com\/semmexico\/maternidades-diversas\/","title":{"rendered":"Presenta Seimujer conferencia sobre maternidades diversas"},"content":{"rendered":"\n<p class=\"wp-block-paragraph\"> <strong><em>\u201cC\u00f3mo hacerse mam\u00e1, reproducci\u00f3n asistida para maternidades diversas\u201d.<\/em><\/strong><\/p>\n\n\n\n<p class=\"wp-block-paragraph\"><strong>Redacci\u00f3n<\/strong><\/p>\n\n\n\n<p class=\"wp-block-paragraph\">SemM\u00e9xico.  Morelia, Michoac\u00e1n.  20 de junio de 2019.- Con el prop\u00f3sito de visibilizar las necesidades e intereses de las poblaciones Lesbianas, Gays, Bisexuales, Travestis, Transexuales, Transg\u00e9nero, Intersexuales, Queers y Asexuales (LGBTTTIAQ+), se realiz\u00f3 la conferencia \u201cC\u00f3mo hacerse mam\u00e1, reproducci\u00f3n asistida para maternidades diversas\u201d.<br><br> Al acudir, en representaci\u00f3n de la secretaria de Igualdad Sustantiva y Desarrollo de las Mujeres (Seimujer), Nuria Gabriela Hern\u00e1ndez Abarca, la jefa del departamento de Diversidad Sexual, Jenniffer C\u00f3rdova Sol\u00eds, indic\u00f3 que esta acci\u00f3n forma parte del programa de trabajo dirigido a atender a todas las poblaciones para que conozcan sus derechos.\u00a0<br><br> \u201cHoy hablaremos sobre diversas maneras de llegar a la maternidad, desde la visi\u00f3n m\u00e9dica y social, siempre con una postura transincluyente, di\u00e1logo necesario en estos momentos donde debemos visibilizar y respetar todas las maneras de ser familia\u201d, expres\u00f3.\u00a0<br><br> Record\u00f3 que, desde el Gobierno del Estado, se ha logrado generar una agenda de trabajo con las y los integrantes de los colectivos, por lo que desde este a\u00f1o el presente mes ha sido declarado como \u201cJunio, mes del reconocimiento de cambio de identidad de g\u00e9nero, en Michoac\u00e1n\u201d.\u00a0<br><br> La conferencia se desarroll\u00f3 en dos momentos, una primera intervenci\u00f3n de Carlos Gerardo Galindo Garc\u00eda, m\u00e9dico especialista en reproducci\u00f3n asistida y, posteriormente, intervino Karla Atenea \u00c1rciga, integrante de la Red de Madres Lesbianas en M\u00e9xico. <\/p>\n\n\n\n<p class=\"wp-block-paragraph\">SEM\/IL<\/p>\n\n\n\n<p class=\"wp-block-paragraph\"><br><br><\/p>\n","protected":false},"excerpt":{"rendered":"<p>\u201cC\u00f3mo hacerse mam\u00e1, reproducci\u00f3n asistida para maternidades diversas\u201d.<\/p>\n","protected":false},"author":3,"featured_media":9939,"comment_status":"open","ping_status":"open","sticky":false,"template":"","format":"standard","meta":{"_monsterinsights_skip_tracking":false,"footnotes":""},"categories":[690,51],"tags":[],"class_list":["post-9941","post","type-post","status-publish","format-standard","has-post-thumbnail","category-690","category-ejecutivo"],"_links":{"self":[{"href":"https:\/\/redsemlac.com\/semmexico\/wp-json\/wp\/v2\/posts\/9941","targetHints":{"allow":["GET"]}}],"collection":[{"href":"https:\/\/redsemlac.com\/semmexico\/wp-json\/wp\/v2\/posts"}],"about":[{"href":"https:\/\/redsemlac.com\/semmexico\/wp-json\/wp\/v2\/types\/post"}],"author":[{"embeddable":true,"href":"https:\/\/redsemlac.com\/semmexico\/wp-json\/wp\/v2\/users\/3"}],"replies":[{"embeddable":true,"href":"https:\/\/redsemlac.com\/semmexico\/wp-json\/wp\/v2\/comments?post=9941"}],"version-history":[{"count":0,"href":"https:\/\/redsemlac.com\/semmexico\/wp-json\/wp\/v2\/posts\/9941\/revisions"}],"wp:featuredmedia":[{"embeddable":true,"href":"https:\/\/redsemlac.com\/semmexico\/wp-json\/wp\/v2\/media\/9939"}],"wp:attachment":[{"href":"https:\/\/redsemlac.com\/semmexico\/wp-json\/wp\/v2\/media?parent=9941"}],"wp:term":[{"taxonomy":"category","embeddable":true,"href":"https:\/\/redsemlac.com\/semmexico\/wp-json\/wp\/v2\/categories?post=9941"},{"taxonomy":"post_tag","embeddable":true,"href":"https:\/\/redsemlac.com\/semmexico\/wp-json\/wp\/v2\/tags?post=9941"}],"curies":[{"name":"wp","href":"https:\/\/api.w.org\/{rel}","templated":true}]}}