{"id":99402,"date":"2025-10-10T16:59:23","date_gmt":"2025-10-10T22:59:23","guid":{"rendered":"https:\/\/redsemlac.com\/semmexico\/?p=99402"},"modified":"2025-10-10T16:59:24","modified_gmt":"2025-10-10T22:59:24","slug":"la-opinion-que-pasa-con-el-empleo","status":"publish","type":"post","link":"https:\/\/redsemlac.com\/semmexico\/la-opinion-que-pasa-con-el-empleo\/","title":{"rendered":"La opini\u00f3n| \u00bfQu\u00e9 pasa con el empleo?"},"content":{"rendered":"\n<p class=\"wp-block-paragraph\">Saul Escobar Toledo<\/p>\n\n\n\n<p class=\"wp-block-paragraph\">SemM\u00e9xico. Guerrero. 10 de octubre de 2025.- De acuerdo con las cifras m\u00e1s recientes de la Encuesta Nacional de Ocupaci\u00f3n y Empleo del INEGI (ENOE) correspondientes a agosto de este a\u00f1o, dicho periodo fue particularmente malo (quiz\u00e1s at\u00edpico). La poblaci\u00f3n ocupada disminuy\u00f3 en m\u00e1s de 1 mill\u00f3n 300 mil personas respecto al mes anterior. Esto se debi\u00f3 principalmente a la ca\u00edda de la Poblaci\u00f3n Econ\u00f3micamente Activa (PEA) y por lo tanto al crecimiento de la Poblaci\u00f3n Econ\u00f3micamente No Activa (PNEA)<\/p>\n\n\n\n<p class=\"wp-block-paragraph\">En este rengl\u00f3n, la disponible, es decir aquellas personas que no buscaron trabajo, pero declararon que lo necesitaban aumentaron en m\u00e1s de 400 mil personas. Lo anterior arroj\u00f3 una tasa de desempleo extendida (sumando el desempleo abierto con este rubro) de casi 11%, la m\u00e1s alta desde diciembre de 2022 (Siller, 01102025).<\/p>\n\n\n\n<p class=\"wp-block-paragraph\">Tomando en cuenta los datos en comparaci\u00f3n anual (entre agosto de 2024 y agosto de 2025) el panorama es tambi\u00e9n desalentador. La poblaci\u00f3n ocupada disminuy\u00f3 en m\u00e1s de 200 mil personas, la inmensa mayor\u00eda del sexo masculino, y &nbsp;la poblaci\u00f3n econ\u00f3micamente activa no disponible la hizo m\u00e1s de dos millones (hombres y mujeres en casi la misma proporci\u00f3n). Asimismo, los trabajadores asalariados disminuyeron en 250 mil personas y los trabajadores por cuenta propia en casi 350 mil. Destaca la baja de la ocupaci\u00f3n en la agricultura con m\u00e1s de 500 mil trabajadores; en el sector secundario,&nbsp; &nbsp;en la industria de la construcci\u00f3n, la disminuci\u00f3n fue de m\u00e1s de cien mil personas. Por otro lado, los trabajadores que ganaban hasta un salario m\u00ednimo disminuyeron en casi 3 millones lo que no fue compensado por aquellos que recibieron salarios m\u00e1s elevados (la cifra de trabajadores con ingresos no especificados seg\u00fan la ENOE fue muy alta, se elev\u00f3 en casi 2 millones y medio).<\/p>\n\n\n\n<p class=\"wp-block-paragraph\">Estos datos, en comparaci\u00f3n mensual o anual, revelan que una cantidad importante de personas mayores de 15 a\u00f1os decidieron retirarse del mercado laboral seguramente por encontrar condiciones adversas en el \u00e1mbito formal e informal. Y que la falta de puestos de trabajo se reflej\u00f3 sobre todo en la agricultura, la construcci\u00f3n y la maquila, afectando a los trabajadores de menores ingresos.<\/p>\n\n\n\n<p class=\"wp-block-paragraph\">Aunque el total de trabajadores en la industria manufacturera se mantuvo casi igual entre 2024 y 2025, en la Industria maquiladora de exportaci\u00f3n se registraron cifras negativas. Hasta julio el personal ocupado hab\u00eda retrocedido 3.6% (tasa anual), el mayor desplome dese 2020, acumulando 19 meses de ca\u00edda.<\/p>\n\n\n\n<p class=\"wp-block-paragraph\">Las cifras del IMSS confirman la situaci\u00f3n. &nbsp;Entre julio y agosto de este a\u00f1o se registraron apenas 14 mil plazas nuevas. En comparaci\u00f3n anual (agosto 24 -agosto 25) \u00fanicamente 65 mil registros nuevos.<\/p>\n\n\n\n<p class=\"wp-block-paragraph\">Es posible que los problemas clim\u00e1ticos hayan afectado el empleo en agosto de este a\u00f1o; no obstante, los datos del IMMS reflejan que, en realidad, la tendencia decreciente del empleo empez\u00f3 desde diciembre de 2024 y no ha mejorado.<\/p>\n\n\n\n<p class=\"wp-block-paragraph\">Otros indicadores de la ENOE son menos pesimistas: la tasa de subocupaci\u00f3n disminuyo levemente y tambi\u00e9n lo hizo la informalidad. Sin embargo, esas cifras pueden deberse al repliegue de la poblaci\u00f3n que ya no busc\u00f3 empleo ni decidi\u00f3 ocuparse por su cuenta.<\/p>\n\n\n\n<p class=\"wp-block-paragraph\">Varios factores han motivado esta evoluci\u00f3n. El crecimiento econ\u00f3mico sigue siendo flojo y se calcula por diversos organismos, por ejemplo, el Banco Mundial, en apenas un 0.5% para este a\u00f1o. Por su parte, el gasto p\u00fablico, particularmente el gasto programable (el que se destina a los ramos de las secretarias; a las empresas del gobierno; y a la inversi\u00f3n) hab\u00eda ca\u00eddo en m\u00e1s del 7% en t\u00e9rminos reales en los primeros ocho meses de 2025. En comparaci\u00f3n, el costo financiero de la deuda hab\u00eda aumentado en m\u00e1s de 9%. Hay que destacar que el d\u00e9ficit calculado para agosto era menor de lo programado lo que mostrar\u00eda que Hacienda sigue restringiendo el gasto, privilegiando la estabilidad y el pago de la deuda por encima del crecimiento.<\/p>\n\n\n\n<p class=\"wp-block-paragraph\">Adem\u00e1s, el consumo privado crece lentamente. Aunque los efectos negativos en la creaci\u00f3n de empleos no han impactado de lleno los incrementos salariales, el salario base de cotizaci\u00f3n del IMSS alcanz\u00f3 en agosto de este a\u00f1o $630.7 pesos, un aumento nominal de 7.4% y de menos del 4% descontando la inflaci\u00f3n. Sin embargo, la inversi\u00f3n ha mostrado cifras muy preocupantes. &nbsp;En el segundo trimestre de este a\u00f1o, a tasa anual, la p\u00fablica hab\u00eda ca\u00eddo casi 20% y la privada en poco m\u00e1s el 4%.<\/p>\n\n\n\n<p class=\"wp-block-paragraph\">La \u00fanica se\u00f1al positiva han sido las exportaciones de bienes y servicios, las cuales crecieron en 12% en el segundo trimestre lo que da cuenta de que, a pesar de las pol\u00edticas de Trump y la incertidumbre mundial, el (d\u00e9bil) crecimiento de M\u00e9xico se ha apoyado en este sector. Lo anterior pude deberse, seg\u00fan algunos especialistas, a que el cobro de aranceles a cargo del gobierno de EU no se ha aplicado seg\u00fan el discurso del presidente y a que algunas ramas, como equipo de c\u00f3mputo, han despuntado mientras, por ejemplo, la exportaci\u00f3n de autos y refacciones se ha ca\u00eddo o estancado.<\/p>\n\n\n\n<p class=\"wp-block-paragraph\">No obstante, las tensiones internacionales persisten a nivel mundial y la relaci\u00f3n bilateral entre M\u00e9xico y Estados Unidos se mantiene en la incertidumbre. En este \u00faltimo caso, la negociaci\u00f3n del T-MEC se ve cada vez m\u00e1s compleja no s\u00f3lo por los deseos de Trump de restringir las importaciones de Estados Unidos, sino tambi\u00e9n por utilizar la pol\u00edtica comercial para condicionar a nuestro pa\u00eds en materia migratoria y en los temas de narcotr\u00e1fico. Adem\u00e1s, la econom\u00eda estadounidense parece ir m\u00e1s lenta.<\/p>\n\n\n\n<p class=\"wp-block-paragraph\">Por todo ello, el panorama laboral se ve oscuro y complicado. Lamentablemente, es probable que muchos trabajadores enfrenten en lo que resta del a\u00f1o serias dificultades para conservar su trabajo o conseguir uno. Y que incluso las actividades por cuenta propia resulten menos rentables que en el pasado inmediato. De la misma manera, estamos observando presiones de los empleadores para limitar los aumentos a los salarios contractuales. Y no se descarta que el gobierno decida frenar la aprobaci\u00f3n de nuevas reformas laborales como la semana de 40 horas. El incremento de los m\u00ednimos para 2026, igualmente, puede resultar m\u00e1s complicado que en a\u00f1os anteriores.<\/p>\n\n\n\n<p class=\"wp-block-paragraph\">Hay la expectativa de que el pr\u00f3ximo a\u00f1o sea m\u00e1s favorable: se calcula que el crecimiento econ\u00f3mico ser\u00e1 mayor que el de este a\u00f1o (el BM lo sit\u00faa en 1.4% y el gobierno en 2.3%). Sin embargo, tal cosa depender\u00e1 de que se acelere el gasto y la inversi\u00f3n p\u00fablica, y al mismo tiempo aumenten las exportaciones y la inversi\u00f3n privada nacional y extranjera. Pero un mejor a\u00f1o no se decidir\u00e1 a partir del primero de enero. Tiene que construirse desde hoy. Y para ello, se requiere una pol\u00edtica econ\u00f3mica que promueva el desarrollo lo cual, a pesar de planes y discursos no ha ocurrido. Al mismo tiempo se necesita una estrategia de diversificaci\u00f3n comercial que no puede esperar hasta la firma del T-MEC o lo que surja en su lugar. Finalmente, un aterrizaje del Plan M\u00e9xico en los hechos, no s\u00f3lo dibujado en un hipot\u00e9tico futuro, es indispensable.<\/p>\n\n\n\n<p class=\"wp-block-paragraph\">saulescobar.blogspot.com<\/p>\n\n\n\n<p class=\"wp-block-paragraph\"><\/p>\n","protected":false},"excerpt":{"rendered":"<p>Saul Escobar Toledo SemM\u00e9xico. Guerrero. 10 de octubre de 2025.- De acuerdo con las cifras m\u00e1s recientes de la Encuesta Nacional de Ocupaci\u00f3n y Empleo del INEGI (ENOE) correspondientes a agosto de este a\u00f1o, dicho periodo fue particularmente malo (quiz\u00e1s at\u00edpico). La poblaci\u00f3n ocupada disminuy\u00f3 en m\u00e1s de 1 mill\u00f3n 300 mil personas respecto al [&hellip;]<\/p>\n","protected":false},"author":3,"featured_media":53790,"comment_status":"open","ping_status":"open","sticky":false,"template":"","format":"standard","meta":{"_monsterinsights_skip_tracking":false,"footnotes":""},"categories":[82,110,35],"tags":[],"class_list":["post-99402","post","type-post","status-publish","format-standard","has-post-thumbnail","category-la-opinion","category-la-opinion-columnas","category-opinion"],"_links":{"self":[{"href":"https:\/\/redsemlac.com\/semmexico\/wp-json\/wp\/v2\/posts\/99402","targetHints":{"allow":["GET"]}}],"collection":[{"href":"https:\/\/redsemlac.com\/semmexico\/wp-json\/wp\/v2\/posts"}],"about":[{"href":"https:\/\/redsemlac.com\/semmexico\/wp-json\/wp\/v2\/types\/post"}],"author":[{"embeddable":true,"href":"https:\/\/redsemlac.com\/semmexico\/wp-json\/wp\/v2\/users\/3"}],"replies":[{"embeddable":true,"href":"https:\/\/redsemlac.com\/semmexico\/wp-json\/wp\/v2\/comments?post=99402"}],"version-history":[{"count":0,"href":"https:\/\/redsemlac.com\/semmexico\/wp-json\/wp\/v2\/posts\/99402\/revisions"}],"wp:featuredmedia":[{"embeddable":true,"href":"https:\/\/redsemlac.com\/semmexico\/wp-json\/wp\/v2\/media\/53790"}],"wp:attachment":[{"href":"https:\/\/redsemlac.com\/semmexico\/wp-json\/wp\/v2\/media?parent=99402"}],"wp:term":[{"taxonomy":"category","embeddable":true,"href":"https:\/\/redsemlac.com\/semmexico\/wp-json\/wp\/v2\/categories?post=99402"},{"taxonomy":"post_tag","embeddable":true,"href":"https:\/\/redsemlac.com\/semmexico\/wp-json\/wp\/v2\/tags?post=99402"}],"curies":[{"name":"wp","href":"https:\/\/api.w.org\/{rel}","templated":true}]}}