{"id":99337,"date":"2025-10-08T14:42:54","date_gmt":"2025-10-08T20:42:54","guid":{"rendered":"https:\/\/redsemlac.com\/semmexico\/?p=99337"},"modified":"2025-10-08T14:42:55","modified_gmt":"2025-10-08T20:42:55","slug":"llaman-senadoras-a-generar-mayor-conciencia-prevencion-y-acompanamiento-en-la-lucha-contra-el-cancer-de-mama","status":"publish","type":"post","link":"https:\/\/redsemlac.com\/semmexico\/llaman-senadoras-a-generar-mayor-conciencia-prevencion-y-acompanamiento-en-la-lucha-contra-el-cancer-de-mama\/","title":{"rendered":"Llaman senadoras a generar mayor conciencia, prevenci\u00f3n y acompa\u00f1amiento en la lucha contra el c\u00e1ncer de mama"},"content":{"rendered":"\n<p class=\"wp-block-paragraph\">\u00b7\u00a0\u00a0\u00a0\u00a0\u00a0\u00a0\u00a0\u00a0Es necesario que se destinen mayores recursos para su prevenci\u00f3n, porque su detecci\u00f3n temprana permitir\u00eda salvar vidas<\/p>\n\n\n\n<p class=\"wp-block-paragraph\">Redacci\u00f3n <\/p>\n\n\n\n<p class=\"wp-block-paragraph\">SemM\u00e9xico, Cd de M\u00e9xico, 8 de cotubre de 2025.-Durante el apartado de efem\u00e9rides, senadoras de Morena, PVEM, PRI y Movimiento Ciudadano hicieron un llamado para generar mayor conciencia, prevenci\u00f3n y acompa\u00f1amiento en la lucha contra el c\u00e1ncer de mama, porque su detecci\u00f3n temprana permitir\u00eda salvar vidas.<\/p>\n\n\n\n<p class=\"wp-block-paragraph\">En el marco del \u201cMes de sensibilizaci\u00f3n sobre el c\u00e1ncer de mama\u201d, Lilia Margarita Valdez Mart\u00ednez, de Morena, mencion\u00f3 que el c\u00e1ncer es una enfermedad que cada vez arrebata m\u00e1s vidas a personas de todas las edades, por lo que es necesario que se destinen mayores recursos para encontrar la causa y tratamiento espec\u00edfico para todos y cada uno de los pacientes, porque \u201csi lo detectamos a tiempo y en su momento puede ser reversible y as\u00ed evitar muertes innecesarias\u201d.<\/p>\n\n\n\n<p class=\"wp-block-paragraph\">Su compa\u00f1era de bancada, Martha Luc\u00eda Micher Camarena, dijo que las mujeres mayores de 40 a\u00f1os deben someterse a un estudio para la detecci\u00f3n del c\u00e1ncer de mama; todas deben acudir a hacerse su estudio para prevenirlo, porque cuando una mujer falta en las familias, recae en ellos esa ausencia.<\/p>\n\n\n\n<p class=\"wp-block-paragraph\">Maki Esther Ortiz Dom\u00ednguez, del PVEM, asegur\u00f3 que la detecci\u00f3n temprana es la diferencia entre la vida y la muerte, por ello es fundamental destinar recursos suficientes para el acceso equitativo a tratamientos de calidad, porque cada d\u00eda son m\u00e1s las j\u00f3venes que padecen c\u00e1ncer de mama, debido a que no conocen su cuerpo, o porque \u201cno ense\u00f1amos a nuestras hijas a tocarse\u201d, por eso se debe reforzar la conciencia, la prevenci\u00f3n y el acompa\u00f1amiento.<\/p>\n\n\n\n<p class=\"wp-block-paragraph\">Del PRI, Karla Guadalupe Toledo Zamora se\u00f1al\u00f3 que el presupuesto 2026 es \u201climitado y ajeno\u201d al tema de la prevenci\u00f3n en el sistema de salud, por lo que es importante destinar mayores &nbsp;recursos que permitan abordar de manera eficiente la lucha contra el c\u00e1ncer de mama. Es fundamental participar en los eventos de sensibilizaci\u00f3n y apoyar a organizaciones que trabajan en la investigaci\u00f3n y la asistencia de pacientes, subray\u00f3.<\/p>\n\n\n\n<p class=\"wp-block-paragraph\">Amalia Dolores Garc\u00eda Medina expres\u00f3 que todas y todos conocen a alguien cercano que ha padecido c\u00e1ncer, por ello, la legisladora dijo que es fundamental fomentar la prevenci\u00f3n y su concientizaci\u00f3n.<\/p>\n","protected":false},"excerpt":{"rendered":"<p>\u00b7\u00a0\u00a0\u00a0\u00a0\u00a0\u00a0\u00a0\u00a0Es necesario que se destinen mayores recursos para su prevenci\u00f3n, porque su detecci\u00f3n temprana permitir\u00eda salvar vidas Redacci\u00f3n SemM\u00e9xico, Cd de M\u00e9xico, 8 de cotubre de 2025.-Durante el apartado de efem\u00e9rides, senadoras de Morena, PVEM, PRI y Movimiento Ciudadano hicieron un llamado para generar mayor conciencia, prevenci\u00f3n y acompa\u00f1amiento en la lucha contra el c\u00e1ncer [&hellip;]<\/p>\n","protected":false},"author":3,"featured_media":99338,"comment_status":"open","ping_status":"open","sticky":false,"template":"","format":"standard","meta":{"_monsterinsights_skip_tracking":false,"footnotes":""},"categories":[50],"tags":[],"class_list":["post-99337","post","type-post","status-publish","format-standard","has-post-thumbnail","category-congreso"],"_links":{"self":[{"href":"https:\/\/redsemlac.com\/semmexico\/wp-json\/wp\/v2\/posts\/99337","targetHints":{"allow":["GET"]}}],"collection":[{"href":"https:\/\/redsemlac.com\/semmexico\/wp-json\/wp\/v2\/posts"}],"about":[{"href":"https:\/\/redsemlac.com\/semmexico\/wp-json\/wp\/v2\/types\/post"}],"author":[{"embeddable":true,"href":"https:\/\/redsemlac.com\/semmexico\/wp-json\/wp\/v2\/users\/3"}],"replies":[{"embeddable":true,"href":"https:\/\/redsemlac.com\/semmexico\/wp-json\/wp\/v2\/comments?post=99337"}],"version-history":[{"count":0,"href":"https:\/\/redsemlac.com\/semmexico\/wp-json\/wp\/v2\/posts\/99337\/revisions"}],"wp:featuredmedia":[{"embeddable":true,"href":"https:\/\/redsemlac.com\/semmexico\/wp-json\/wp\/v2\/media\/99338"}],"wp:attachment":[{"href":"https:\/\/redsemlac.com\/semmexico\/wp-json\/wp\/v2\/media?parent=99337"}],"wp:term":[{"taxonomy":"category","embeddable":true,"href":"https:\/\/redsemlac.com\/semmexico\/wp-json\/wp\/v2\/categories?post=99337"},{"taxonomy":"post_tag","embeddable":true,"href":"https:\/\/redsemlac.com\/semmexico\/wp-json\/wp\/v2\/tags?post=99337"}],"curies":[{"name":"wp","href":"https:\/\/api.w.org\/{rel}","templated":true}]}}