{"id":99317,"date":"2025-10-08T12:49:36","date_gmt":"2025-10-08T18:49:36","guid":{"rendered":"https:\/\/redsemlac.com\/semmexico\/?p=99317"},"modified":"2025-10-08T12:49:37","modified_gmt":"2025-10-08T18:49:37","slug":"conoce-a-samara-martinez-la-activista-que-busca-llevar-la-eutanasia-a-la-legalidad-en-mexico","status":"publish","type":"post","link":"https:\/\/redsemlac.com\/semmexico\/conoce-a-samara-martinez-la-activista-que-busca-llevar-la-eutanasia-a-la-legalidad-en-mexico\/","title":{"rendered":"Con\u00f3ce a Samara Mart\u00ednez, la activista que busca llevar la eutanasia a la legalidad en M\u00e9xico"},"content":{"rendered":"\n<p class=\"wp-block-paragraph\">La activista Samara Mart\u00ednez busca legalizar la eutanasia mediante la Ley Trasciende para evitar una muerte \u201cdolorosa, agonizante y muy triste\u201d<\/p>\n\n\n\n<p class=\"wp-block-paragraph\">Redacci\u00f3n <\/p>\n\n\n\n<p class=\"wp-block-paragraph\">SenM\u00e9xico\/El Sol de M\u00e9xico , Cd de M\u00e9xico, 8 octubre 2025.-La\u00a0activista Samara Mart\u00ednez, quien padece una enfermedad terminal y diversas enfermedades cr\u00f3nicas,\u00a0busca legalizar la\u00a0eutanasia\u00a0en M\u00e9xico mediante la Ley Trasciende, debido a que \u201cpara poder seguir viviendo, mi vida depende de conectarme a una m\u00e1quina 10 horas al d\u00eda\u201d, indica.<\/p>\n\n\n\n<p class=\"wp-block-paragraph\">Samara Mart\u00ednez desea que la Ley Trasciende se convierta en un legado, con la finalidad de que la eutanasia sea posible en M\u00e9xico para las personas que no tienen una buena calidad de vida\u00a0y que su\u00a0vida dependa de sufrimiento y \/o\u00a0dolor cr\u00f3nico\u00a0diario.<\/p>\n\n\n\n<p class=\"wp-block-paragraph\">\u201cNo es la vida que nadie quiere, no es digno, en muchas ocasiones,\u00a0vivir as\u00ed, porque muchas veces la\u00a0enfermedad\u00a0se lleva la esencia del coraz\u00f3n\u201d, indica en su cuenta de Instagram.<\/p>\n\n\n\n<p class=\"wp-block-paragraph\"><a href=\"https:\/\/www.instagram.com\/reel\/DN68M7ukb_Q\/?utm_source=ig_embed&amp;ig_rid=e03199c2-1947-416d-b115-21574c1839a4\">https:\/\/www.instagram.com\/reel\/DN68M7ukb_Q\/?utm_source=ig_embed&amp;ig_rid=e03199c2-1947-416d-b115-21574c1839a4<\/a><\/p>\n\n\n\n<h2 class=\"wp-block-heading\">\u00bfEn qu\u00e9 consiste la Ley Trasciende?<\/h2>\n\n\n\n<p class=\"wp-block-paragraph\">La\u00a0Ley Trasciende es una iniciativa\u00a0de la activista\u00a0Samara Mart\u00ednez\u00a0que tiene como finalidad\u00a0legalizar la eutanasia en M\u00e9xico.<\/p>\n\n\n\n<p class=\"wp-block-paragraph\">De acuerdo con la activista,\u00a0la legalizaci\u00f3n de la eutanasia en M\u00e9xico es un tema del que poco se habla\u00a0pese a su importancia.<\/p>\n\n\n\n<p class=\"wp-block-paragraph\">\u201cNo es un tema ni de fe ni de pol\u00edtica, es un tema de\u00a0dignidad humana. Solo el\u00a0paciente y sus familiares saben lo complicado que es vivir as\u00ed\u00a0en materia econ\u00f3mica, social, psicol\u00f3gica, mental y f\u00edsica\u201d, indica Samara Mart\u00ednez.<\/p>\n\n\n\n<p class=\"wp-block-paragraph\">La activista considera que la\u00a0Ley Trasciende\u00a0es una\u00a0opci\u00f3n para las personas que decidan no continuar con un tratamiento, una terapia sustitutiva o que tengan\u00a0dolor severo.<\/p>\n\n\n\n<p class=\"wp-block-paragraph\">No es una imposici\u00f3n, es una elecci\u00f3n, totalmente de libre pensamiento. Lo \u00fanico que se busca es decidir bajo el propio cuerpo de uno mismo.\u00a0Samara Mart\u00ednez.<\/p>\n\n\n\n<p class=\"wp-block-paragraph\">Los d\u00edas\u00a028 y 29 de octubre, Samara Mart\u00ednez acudir\u00e1 al Senado de la Rep\u00fablica para presentar la iniciativa\u00a0para legalizar la eutanasia.<\/p>\n\n\n\n<figure class=\"wp-block-embed\"><div class=\"wp-block-embed__wrapper\">\nhttps:\/\/www.instagram.com\/reel\/DPQKw-iDsFr\/?utm_source=ig_embed&#038;ig_rid=f3b4a965-10c2-46b0-af85-8545cdaa9a3e\n<\/div><\/figure>\n","protected":false},"excerpt":{"rendered":"<p>La activista Samara Mart\u00ednez busca legalizar la eutanasia mediante la Ley Trasciende para evitar una muerte \u201cdolorosa, agonizante y muy triste\u201d Redacci\u00f3n SenM\u00e9xico\/El Sol de M\u00e9xico , Cd de M\u00e9xico, 8 octubre 2025.-La\u00a0activista Samara Mart\u00ednez, quien padece una enfermedad terminal y diversas enfermedades cr\u00f3nicas,\u00a0busca legalizar la\u00a0eutanasia\u00a0en M\u00e9xico mediante la Ley Trasciende, debido a que \u201cpara [&hellip;]<\/p>\n","protected":false},"author":3,"featured_media":99318,"comment_status":"open","ping_status":"open","sticky":false,"template":"","format":"standard","meta":{"_monsterinsights_skip_tracking":false,"footnotes":""},"categories":[682],"tags":[],"class_list":["post-99317","post","type-post","status-publish","format-standard","has-post-thumbnail","category-noticias"],"_links":{"self":[{"href":"https:\/\/redsemlac.com\/semmexico\/wp-json\/wp\/v2\/posts\/99317","targetHints":{"allow":["GET"]}}],"collection":[{"href":"https:\/\/redsemlac.com\/semmexico\/wp-json\/wp\/v2\/posts"}],"about":[{"href":"https:\/\/redsemlac.com\/semmexico\/wp-json\/wp\/v2\/types\/post"}],"author":[{"embeddable":true,"href":"https:\/\/redsemlac.com\/semmexico\/wp-json\/wp\/v2\/users\/3"}],"replies":[{"embeddable":true,"href":"https:\/\/redsemlac.com\/semmexico\/wp-json\/wp\/v2\/comments?post=99317"}],"version-history":[{"count":0,"href":"https:\/\/redsemlac.com\/semmexico\/wp-json\/wp\/v2\/posts\/99317\/revisions"}],"wp:featuredmedia":[{"embeddable":true,"href":"https:\/\/redsemlac.com\/semmexico\/wp-json\/wp\/v2\/media\/99318"}],"wp:attachment":[{"href":"https:\/\/redsemlac.com\/semmexico\/wp-json\/wp\/v2\/media?parent=99317"}],"wp:term":[{"taxonomy":"category","embeddable":true,"href":"https:\/\/redsemlac.com\/semmexico\/wp-json\/wp\/v2\/categories?post=99317"},{"taxonomy":"post_tag","embeddable":true,"href":"https:\/\/redsemlac.com\/semmexico\/wp-json\/wp\/v2\/tags?post=99317"}],"curies":[{"name":"wp","href":"https:\/\/api.w.org\/{rel}","templated":true}]}}