{"id":99264,"date":"2025-10-06T22:16:50","date_gmt":"2025-10-07T04:16:50","guid":{"rendered":"https:\/\/redsemlac.com\/semmexico\/?p=99264"},"modified":"2025-10-06T22:16:50","modified_gmt":"2025-10-07T04:16:50","slug":"olinala-entre-las-lacas-y-la-ganaderia-alcalde-m-sanchez-rosendo","status":"publish","type":"post","link":"https:\/\/redsemlac.com\/semmexico\/olinala-entre-las-lacas-y-la-ganaderia-alcalde-m-sanchez-rosendo\/","title":{"rendered":"Olinal\u00e1, entre las lacas y la ganader\u00eda: alcalde\u00a0 M.\u00a0 S\u00e1nchez\u00a0 Rosendo"},"content":{"rendered":"\n<p class=\"wp-block-paragraph\">&nbsp;Isabel Ortega Morales<\/p>\n\n\n\n<p class=\"wp-block-paragraph\">SemM\u00e9xico\/ SURIANA RADIO\/ CEPROVYSA.COM, Olinal\u00e1, Guerrero., 6 de octubre. 2025.- Olinal\u00e1 est\u00e1 a casi dos horas y media de Tlapa y tres de Chilapa, el camino que la enlaza desde la carretera federal Tlapa-Chilapa- Chilpancingo, presenta serios problemas para transitarlos, sobre todo, de deslaves, hundimientos, muchos tramos irregulares\u2026<\/p>\n\n\n\n<figure class=\"wp-block-image size-full\"><a href=\"https:\/\/redsemlac.com\/semmexico\/wp-content\/uploads\/2025\/10\/olinala-02.jpg\"><img loading=\"lazy\" decoding=\"async\" width=\"957\" height=\"720\" src=\"https:\/\/redsemlac.com\/semmexico\/wp-content\/uploads\/2025\/10\/olinala-02.jpg\" alt=\"\" class=\"wp-image-99266\" srcset=\"https:\/\/redsemlac.com\/semmexico\/wp-content\/uploads\/2025\/10\/olinala-02.jpg 957w, https:\/\/redsemlac.com\/semmexico\/wp-content\/uploads\/2025\/10\/olinala-02-300x226.jpg 300w, https:\/\/redsemlac.com\/semmexico\/wp-content\/uploads\/2025\/10\/olinala-02-768x578.jpg 768w, https:\/\/redsemlac.com\/semmexico\/wp-content\/uploads\/2025\/10\/olinala-02-150x113.jpg 150w, https:\/\/redsemlac.com\/semmexico\/wp-content\/uploads\/2025\/10\/olinala-02-696x524.jpg 696w\" sizes=\"auto, (max-width: 957px) 100vw, 957px\" \/><\/a><\/figure>\n\n\n\n<figure class=\"wp-block-image size-full\"><a href=\"https:\/\/redsemlac.com\/semmexico\/wp-content\/uploads\/2025\/10\/olinala-03.jpg\"><img loading=\"lazy\" decoding=\"async\" width=\"542\" height=\"720\" src=\"https:\/\/redsemlac.com\/semmexico\/wp-content\/uploads\/2025\/10\/olinala-03.jpg\" alt=\"\" class=\"wp-image-99267\" srcset=\"https:\/\/redsemlac.com\/semmexico\/wp-content\/uploads\/2025\/10\/olinala-03.jpg 542w, https:\/\/redsemlac.com\/semmexico\/wp-content\/uploads\/2025\/10\/olinala-03-226x300.jpg 226w, https:\/\/redsemlac.com\/semmexico\/wp-content\/uploads\/2025\/10\/olinala-03-150x199.jpg 150w, https:\/\/redsemlac.com\/semmexico\/wp-content\/uploads\/2025\/10\/olinala-03-300x399.jpg 300w\" sizes=\"auto, (max-width: 542px) 100vw, 542px\" \/><\/a><\/figure>\n\n\n\n<p class=\"wp-block-paragraph\">Arribo a Olinal\u00e1, me saluda el murmullo de la gente que tiene una vendimia en el jard\u00edn del centro, pero tambi\u00e9n el trabajo arduo para la celebraci\u00f3n de San Francisco, patrono de la ciudad y el encuentro entre el Patrono y San Francisco chiquito, que es una reliquia en peque\u00f1o tama\u00f1o que es conducido en peregrinaci\u00f3n para recibir junto a la imagen grande, que sale a recibirlo, los honores de su fiesta.<\/p>\n\n\n\n<p class=\"wp-block-paragraph\">Cre\u00ed que encontrar\u00eda a la vista espacios donde adquirir lacas caracter\u00edsticas de este lugar, sin embargo, el Alcalde Manuel S\u00e1nchez Rosendo, me dice que si hay algunos comercios que expenden las lacas pero que en su mayor\u00eda est\u00e1n en las casas donde las elaboran.<\/p>\n\n\n\n<p class=\"wp-block-paragraph\">Sin embargo, encuentro un inconveniente si es que alg\u00fan comprador o compradora decide ir directo sin contacto, habr\u00e1 all\u00e1 quien lo gu\u00ede, pero no hay una se\u00f1alizaci\u00f3n que facilite esta acci\u00f3n.<\/p>\n\n\n\n<p class=\"wp-block-paragraph\">Olinal\u00e1, me dice el Alcalde, tiene 83 comunidades, un gran n\u00famero que est\u00e1 entre las m\u00e1s peque\u00f1as con unas 10 o 15 familias y las m\u00e1s grandes que son Temalacatzingo, donde est\u00e1n 5 mil personas y la propia cabecera municipal que con todo el municipio tiene 28 mil 446 habitantes, seg\u00fan el censo del INEGI, Instituto Nacional de Estad\u00edstica y Geograf\u00eda del a\u00f1o 2020 que indica que el 52.5% son mujeres y el 47.5 por ciento hombres.<\/p>\n\n\n\n<p class=\"wp-block-paragraph\">De qu\u00e9 vive una poblaci\u00f3n que es internacionalmente referente del trabajo artesanal de lacas? \u201cSobre todo de dos actividades\u201d -me dice el Alcalde Manuel S\u00e1nchez, de las lacas fundamentalmente, y de la ganader\u00eda \u201cy otras m\u00e1s que dependen del d\u00eda a d\u00eda de la agricultura\u201d agrega el Edil.<\/p>\n\n\n\n<p class=\"wp-block-paragraph\">El s\u00edmbolo de orgullo, las lacas, tiene dos puntos especiales de atenci\u00f3n, Olinal\u00e1 donde se realizan las famosas Cajitas de Olinal\u00e1, y las lacas en bule de Temalacatzingo.<\/p>\n\n\n\n<p class=\"wp-block-paragraph\">Dice el Edil que el trabajo artesanal es realizado por igual por mujeres y hombres \u201cson familias completas que aprenden desde ni\u00f1as y ni\u00f1os a elaborar estas t\u00e9cnicas hermosas y preciosas ambas, la de cajitas y la de los bules\u201d, apunta, diciendo que esto les da \u201cmucho orgullo de que se aprecie estos maravillosos trabajos que realizan las y los olinaltecos\u201d, apunta.<\/p>\n\n\n\n<figure class=\"wp-block-image size-large\"><a href=\"https:\/\/redsemlac.com\/semmexico\/wp-content\/uploads\/2025\/10\/olinala-04.jpg\"><img loading=\"lazy\" decoding=\"async\" width=\"771\" height=\"1024\" src=\"https:\/\/redsemlac.com\/semmexico\/wp-content\/uploads\/2025\/10\/olinala-04-771x1024.jpg\" alt=\"\" class=\"wp-image-99268\" srcset=\"https:\/\/redsemlac.com\/semmexico\/wp-content\/uploads\/2025\/10\/olinala-04-771x1024.jpg 771w, https:\/\/redsemlac.com\/semmexico\/wp-content\/uploads\/2025\/10\/olinala-04-226x300.jpg 226w, https:\/\/redsemlac.com\/semmexico\/wp-content\/uploads\/2025\/10\/olinala-04-768x1021.jpg 768w, https:\/\/redsemlac.com\/semmexico\/wp-content\/uploads\/2025\/10\/olinala-04-1156x1536.jpg 1156w, https:\/\/redsemlac.com\/semmexico\/wp-content\/uploads\/2025\/10\/olinala-04-150x199.jpg 150w, https:\/\/redsemlac.com\/semmexico\/wp-content\/uploads\/2025\/10\/olinala-04-300x399.jpg 300w, https:\/\/redsemlac.com\/semmexico\/wp-content\/uploads\/2025\/10\/olinala-04-696x925.jpg 696w, https:\/\/redsemlac.com\/semmexico\/wp-content\/uploads\/2025\/10\/olinala-04-1068x1419.jpg 1068w, https:\/\/redsemlac.com\/semmexico\/wp-content\/uploads\/2025\/10\/olinala-04.jpg 1204w\" sizes=\"auto, (max-width: 771px) 100vw, 771px\" \/><\/a><\/figure>\n\n\n\n<p class=\"wp-block-paragraph\"><a href=\"https:\/\/ceprovysa.com\/?p=125628\"><\/a><\/p>\n\n\n\n<p class=\"wp-block-paragraph\">Sin embargo, se\u00f1ala \u201ctenemos problemas para comercializar\u201d y esto, agrega con un cambio en el tono de voz que se torna taciturno \u201ctienen problemas para subsistir\u201d que implica al 30 o 40 por ciento de pobladores que realizan esta actividad, seg\u00fan me dice Manuel S\u00e1nchez.<\/p>\n\n\n\n<p class=\"wp-block-paragraph\">El Alcalde de Olinal\u00e1, por segunda ocasi\u00f3n, aunque no es reelecci\u00f3n ya que antes fue en los a\u00f1os 90\u2019s, dice que \u201cjunto con el Gobierno del Estado y la Secretar\u00eda de Econom\u00eda a nivel federal, estamos trabajando para obtener la NOM, Norma Oficial Mexicana, estamos a un paso de que nos la den para las Lacas de Olinal\u00e1\u201d Pregunto si eso le dar\u00e1 plusval\u00eda al trabajo y dice que \u201cel trabajo, por ser artesanal, debe reunir ciertas normas\u201d.<\/p>\n\n\n\n<p class=\"wp-block-paragraph\">A su decir, implica un proceso \u201cde capacitaci\u00f3n de las familias que se dedican a esta actividad, porque son diferentes manos las que las realizan y la calidad var\u00eda\u201d, explica los problemas a los que se han enfrentado esas lacas \u201cal tratarse de madera y pintura, se presentan defectos, porque la madera se comprime, se contrae, se expande, entonces igual, bota la pintura\u201d apunta.<\/p>\n\n\n\n<p class=\"wp-block-paragraph\">Por eso, resalta \u201cqueremos que con esa Norma, la capacitaci\u00f3n permita que la calidad se resalte donde se presente\u201d.<\/p>\n\n\n\n<p class=\"wp-block-paragraph\"><strong>LA GANADER\u00cdA<\/strong><\/p>\n\n\n\n<p class=\"wp-block-paragraph\">Sobre este tema se\u00f1ala \u201cnosotros hemos implementado los bordos de retenci\u00f3n de agua o bordos de abrevadero, estos bordos de abrevadero son los que permiten a los ganaderos tener la forma para mantener en la \u00e9poca de sequ\u00eda al ganado\u201d.<\/p>\n\n\n\n<p class=\"wp-block-paragraph\">Resalta que en esta actividad ganadera hay un registro de cerca de 2 mil personas agremiadas con unas 20 mil cabezas de ganado \u201ctenemos una Asociaci\u00f3n Ganadera fortalecida\u201d subraya el Alcalde de Olinal\u00e1.<\/p>\n\n\n\n<p class=\"wp-block-paragraph\">Tambi\u00e9n apunta el Edil Manuel S\u00e1nchez \u201cnosotros fuimos pioneros en este municipio en hacer los bordos de abrevadero y que lo seguimos impulsando, porque permite al ganadero otorgarles agua en tiempo de sequ\u00eda\u201d.<\/p>\n\n\n\n<p class=\"wp-block-paragraph\">Pregunto: Sin los abrevaderos \u00bfqu\u00e9 pasaba?<\/p>\n\n\n\n<p class=\"wp-block-paragraph\">La respuesta es por dem\u00e1s triste porque a su decir \u201cno solo se ten\u00eda que vender el ganado, para determinar a cu\u00e1ntos pod\u00eda mantener, incluso \u201crasurados\u201d (sacrificados) para que no se nos murieran de sed por falta de agua\u201d<\/p>\n\n\n\n<p class=\"wp-block-paragraph\">A decir del Edil de Olinal\u00e1, \u201cestos abrevaderos han catapultado la ganader\u00eda\u201d fortalecido tambi\u00e9n con cercos perimetrales, incluso, agrega \u201ccon mejoramiento gen\u00e9tico\u201d.<\/p>\n\n\n\n<p class=\"wp-block-paragraph\">-\u00bfY la seguridad c\u00f3mo est\u00e1 en su municipio?<\/p>\n\n\n\n<p class=\"wp-block-paragraph\">Manuel S\u00e1nchez Rosendo me mira fijo y responde<\/p>\n\n\n\n<p class=\"wp-block-paragraph\">\u201cPues Olinal\u00e1 no es una isla en esta vor\u00e1gine que afecta a todo nuestro pa\u00eds. Aqu\u00ed, lamentablemente, lo tenemos que reconocer. Poco hablamos del tema porque son temas delicados, pero Olinal\u00e1 tambi\u00e9n es objeto de temas de seguridad\u201d<\/p>\n\n\n\n<p class=\"wp-block-paragraph\">S\u00e1nchez Rosendo dice \u201cAqu\u00ed ha habido varios homicidios, o sea, no tengo por qu\u00e9 ocultar lo que est\u00e1 a la vista de todos mis paisanos y de todos los ciudadanos. Ha habido muchos homicidios. En reiteradas ocasiones aparecen personas de pronto ac\u00e1, de pronto all\u00e1, ejecutadas y eso no es m\u00e1s que el problema que nos afecta tambi\u00e9n ya a nosotros aqu\u00ed en Olinal\u00e1\u201d.<\/p>\n\n\n\n<p class=\"wp-block-paragraph\">-\u00bfY qu\u00e9 acciones se est\u00e1n tomando, presidente?<\/p>\n\n\n\n<p class=\"wp-block-paragraph\">\u201cNosotros tenemos una coordinaci\u00f3n muy estrecha con la Guardia Nacional y con el Ej\u00e9rcito Mexicano. Nosotros lo que estamos haciendo es establecer filtros en las diferentes entradas a nuestra cabecera municipal, fundamentalmente\u201d.<\/p>\n\n\n\n<p class=\"wp-block-paragraph\">Y se\u00f1ala el Alcalde, la gran conectividad que tiene Olinal\u00e1<\/p>\n\n\n\n<p class=\"wp-block-paragraph\">\u201cNosotros tenemos salida para Puebla, tenemos salida para Paso Morelos, para la Autopista del Sol, tenemos salida para Tlapa, tenemos salida para Ahuacuotzingo, tenemos salida para Cual\u00e1c\u201d<\/p>\n\n\n\n<p class=\"wp-block-paragraph\">Agrega \u201cEntonces, estamos en un crucero de caminos y lo que hacemos nosotros por un lado es poner filtros en lo que nos toca al municipio. El municipio es preventivo y lo que hacemos es de esa coordinaci\u00f3n con la Guardia Nacional, gracias a Dios, que se nos ha podido dar y tenemos aqu\u00ed un destacamento del Ej\u00e9rcito, pues ah\u00ed estamos tratando de evitar en lo posible pues obviamente m\u00e1s homicidios. Pero la verdad, nosotros igual que muchos municipios del Estado y del pa\u00eds, adolecemos de ese tipo de problema que tenemos ahora\u201d.<\/p>\n\n\n\n<p class=\"wp-block-paragraph\">Salgo del Ayuntamiento que luce limpio, con gran actividad, me dirijo hacia la Parroquia de San Francisco donde los relieves son de lacas de Olinal\u00e1.<\/p>\n\n\n\n<p class=\"wp-block-paragraph\">Salgo al jard\u00edn, saboreo un mango y pregunto d\u00f3nde comprar la famosa pasta de mole de almendras, entro al Restaurante \u201cla Guadalupe\u201d que es uno de gran tradici\u00f3n y saboreo un platillo casero a base de pollo.<\/p>\n\n\n\n<p class=\"wp-block-paragraph\"><strong>Mientras como, elementos de la Guardia Nacional y el Ej\u00e9rcito realizan un rond\u00edn.<\/strong><\/p>\n\n\n\n<p class=\"wp-block-paragraph\">Me dirijo al sitio de taxis, de salida, tomo una foto de la fachada de la casa del famoso artista Bernardo Rosendo, que tanta fama a dado a este lugar, tambi\u00e9n pregunto por otro personaje, tambi\u00e9n famosa, la Comandanta Nestora y me sorprende saber que no realiz\u00f3 como Senadora, ninguna acci\u00f3n a favor de este municipio, que desapareci\u00f3 a la polic\u00eda comunitaria que la catapult\u00f3 y que construy\u00f3 un hotel \u201cCristal\u201d.<\/p>\n\n\n\n<p class=\"wp-block-paragraph\">La tarde cae, por el punto de Cuesconapan (mpio de Cual\u00e1c) el deslave est\u00e1 a punto de bloquear la carretera, bajamos la velocidad en otro punto porque el lago que antes era un bache amenaza con hacernos bajar de la unidad<\/p>\n\n\n\n<p class=\"wp-block-paragraph\">Llegamos a tres caminos, en ese punto, desde hace meses la glorieta est\u00e1 rodeada de l\u00e1minas, nadie sabe qu\u00e9 se hace, si ser\u00e1 una escultura o solo es parte del olvido que a\u00fan presenta la Monta\u00f1a.<\/p>\n","protected":false},"excerpt":{"rendered":"<p>&nbsp;Isabel Ortega Morales SemM\u00e9xico\/ SURIANA RADIO\/ CEPROVYSA.COM, Olinal\u00e1, Guerrero., 6 de octubre. 2025.- Olinal\u00e1 est\u00e1 a casi dos horas y media de Tlapa y tres de Chilapa, el camino que la enlaza desde la carretera federal Tlapa-Chilapa- Chilpancingo, presenta serios problemas para transitarlos, sobre todo, de deslaves, hundimientos, muchos tramos irregulares\u2026 Arribo a Olinal\u00e1, me [&hellip;]<\/p>\n","protected":false},"author":3,"featured_media":99265,"comment_status":"open","ping_status":"open","sticky":false,"template":"","format":"standard","meta":{"_monsterinsights_skip_tracking":false,"footnotes":""},"categories":[63],"tags":[],"class_list":["post-99264","post","type-post","status-publish","format-standard","has-post-thumbnail","category-reportajes"],"_links":{"self":[{"href":"https:\/\/redsemlac.com\/semmexico\/wp-json\/wp\/v2\/posts\/99264","targetHints":{"allow":["GET"]}}],"collection":[{"href":"https:\/\/redsemlac.com\/semmexico\/wp-json\/wp\/v2\/posts"}],"about":[{"href":"https:\/\/redsemlac.com\/semmexico\/wp-json\/wp\/v2\/types\/post"}],"author":[{"embeddable":true,"href":"https:\/\/redsemlac.com\/semmexico\/wp-json\/wp\/v2\/users\/3"}],"replies":[{"embeddable":true,"href":"https:\/\/redsemlac.com\/semmexico\/wp-json\/wp\/v2\/comments?post=99264"}],"version-history":[{"count":0,"href":"https:\/\/redsemlac.com\/semmexico\/wp-json\/wp\/v2\/posts\/99264\/revisions"}],"wp:featuredmedia":[{"embeddable":true,"href":"https:\/\/redsemlac.com\/semmexico\/wp-json\/wp\/v2\/media\/99265"}],"wp:attachment":[{"href":"https:\/\/redsemlac.com\/semmexico\/wp-json\/wp\/v2\/media?parent=99264"}],"wp:term":[{"taxonomy":"category","embeddable":true,"href":"https:\/\/redsemlac.com\/semmexico\/wp-json\/wp\/v2\/categories?post=99264"},{"taxonomy":"post_tag","embeddable":true,"href":"https:\/\/redsemlac.com\/semmexico\/wp-json\/wp\/v2\/tags?post=99264"}],"curies":[{"name":"wp","href":"https:\/\/api.w.org\/{rel}","templated":true}]}}