{"id":99252,"date":"2025-10-06T22:14:05","date_gmt":"2025-10-07T04:14:05","guid":{"rendered":"https:\/\/redsemlac.com\/semmexico\/?p=99252"},"modified":"2025-10-06T22:14:06","modified_gmt":"2025-10-07T04:14:06","slug":"discurso-completo-de-la-presidenta-claudia-sheinbaum-con-motivo-de-su-primer-ano-de-gobierno","status":"publish","type":"post","link":"https:\/\/redsemlac.com\/semmexico\/discurso-completo-de-la-presidenta-claudia-sheinbaum-con-motivo-de-su-primer-ano-de-gobierno\/","title":{"rendered":"Discurso completo de la presidenta Claudia Sheinbaum con motivo de su primer a\u00f1o de gobierno"},"content":{"rendered":"\n<p class=\"wp-block-paragraph\">(Foto: Cuartoscuro).<\/p>\n\n\n\n<p class=\"wp-block-paragraph\">20 minutos de lectura<\/p>\n\n\n\n<p class=\"wp-block-paragraph\"><strong>Discurso completo de la presidenta Claudia Sheinbaum con motivo de su primer a\u00f1o de&nbsp;<\/strong><strong>gobierno<\/strong><\/p>\n\n\n\n<p class=\"wp-block-paragraph\">Versi\u00f3n estenogr\u00e1fica del discurso pronunciado por Sheinbaum durante el evento denominado La&nbsp;transformaci\u00f3n avanza, en el Z\u00f3calo de la Ciudad de M\u00e9xico.<\/p>\n\n\n\n<p class=\"wp-block-paragraph\">05 de octubre, 2025<\/p>\n\n\n\n<p class=\"wp-block-paragraph\">Por:&nbsp;<strong>Redacci\u00f3n Animal Pol\u00edtico<\/strong><a href=\"https:\/\/animalpolitico.com\/politica\/reforma-amparo-potentados-pagar-impuestos-sheinbaum-informe\" target=\"_blank\" rel=\"noreferrer noopener\"><\/a><\/p>\n\n\n\n<p class=\"wp-block-paragraph\">Con motivo de su primer a\u00f1o de gobierno, la presidenta&nbsp;<strong>Claudia Sehinbaum<\/strong>&nbsp;realiz\u00f3 un mitin masivo&nbsp;en el&nbsp;<strong>Z\u00f3calo<\/strong>&nbsp;de CDMX, al que acudieron, de acuerdo con autoridades capitalinas, 400 mil personas.<\/p>\n\n\n\n<p class=\"wp-block-paragraph\">A continuaci\u00f3n te dejamos el mensaje completo que la presidenta dio este domingo 5 de octubre:<\/p>\n\n\n\n<p class=\"wp-block-paragraph\"><strong>PRESIDENTA DE M\u00c9XICO, CLAUDIA SHEINBAUM PARDO:<\/strong>&nbsp;Amigas, amigas, amigos.<\/p>\n\n\n\n<p class=\"wp-block-paragraph\">Gobernadora, gobernadores.<\/p>\n\n\n\n<p class=\"wp-block-paragraph\">Empresarios.<\/p>\n\n\n\n<p class=\"wp-block-paragraph\">Trabajadores.<\/p>\n\n\n\n<p class=\"wp-block-paragraph\">Pueblo de M\u00e9xico:<\/p>\n\n\n\n<p class=\"wp-block-paragraph\">Nos vemos una vez m\u00e1s en este grandioso Z\u00f3calo, coraz\u00f3n de la Rep\u00fablica. Aqu\u00ed, donde palpita la&nbsp;historia, nos reunimos para conmemorar juntas y juntos, un a\u00f1o del gobierno del pueblo, porque no&nbsp;camino sola, no gobierno sola; el nuestro, es un gobierno del pueblo, por el pueblo y para el pueblo&nbsp;de M\u00e9xico.<\/p>\n\n\n\n<p class=\"wp-block-paragraph\">Vivimos un momento hist\u00f3rico. Nuestro pa\u00eds transita por un camino de justicia social, de dignidad y&nbsp;de garant\u00eda de derechos sociales, libertad, democracia y soberan\u00eda.<\/p>\n\n\n\n<p class=\"wp-block-paragraph\">No es un logro menor ni pasajero; es el fruto de d\u00e9cadas de lucha pac\u00edfica, de organizaci\u00f3n, de&nbsp;resistencia, y es tambi\u00e9n la herencia de un hombre honesto y profundamente comprometido con su&nbsp;pueblo: el Presidente Andr\u00e9s Manuel L\u00f3pez Obrador.<\/p>\n\n\n\n<p class=\"wp-block-paragraph\">Se han empe\u00f1ado en separarnos, en que rompamos. Su objetivo no es otro m\u00e1s que el de acabar&nbsp;con el movimiento de Transformaci\u00f3n, que nos dividamos. Pero eso no va a ocurrir, porque&nbsp;compartimos valores: honestidad, justicia y amor al pueblo de M\u00e9xico.<\/p>\n\n\n\n<p class=\"wp-block-paragraph\">Porque compartimos proyecto: el Humanismo Mexicano y porque no llegamos al gobierno solo para&nbsp;administrar, llegamos para seguir transformando la Naci\u00f3n para el bienestar del pueblo.<\/p>\n\n\n\n<p class=\"wp-block-paragraph\">Andr\u00e9s Manuel L\u00f3pez Obrador fue, es y ser\u00e1 siempre un ejemplo de honradez, de austeridad y de&nbsp;profundo amor al pueblo de M\u00e9xico. Nunca se rindi\u00f3 ante la presi\u00f3n, nunca se vendi\u00f3 a los&nbsp;poderosos, nunca se apart\u00f3 de sus principios. Y esc\u00fachenlo bien: su Presidenta, tampoco lo har\u00e1,&nbsp;porque tenemos convicciones, tenemos principios.<\/p>\n\n\n\n<p class=\"wp-block-paragraph\">Porque por m\u00e1s duras que sean las presiones, nosotros solo hacemos reverencia a uno solo: al&nbsp;pueblo de M\u00e9xico.<\/p>\n\n\n\n<p class=\"wp-block-paragraph\">Que se oiga bien, que se oiga lejos: \u00a1En M\u00e9xico, el que manda es el pueblo!<\/p>\n\n\n\n<p class=\"wp-block-paragraph\">Los conservadores quisieran que olvid\u00e1ramos c\u00f3mo se viv\u00eda antes: Presidentes rodeados de lujos,&nbsp;gobiernos alejados de la gente, fortunas construidas al amparo del poder p\u00fablico. Pero eso se&nbsp;acab\u00f3, porque en este M\u00e9xico nuevo, la honestidad no es la excepci\u00f3n, es la regla. Y quien traicione&nbsp;al pueblo, quien robe al pueblo, enfrenta la justicia.<\/p>\n\n\n\n<p class=\"wp-block-paragraph\">El poder no es para enriquecerse, es para servir con humildad. Los recursos p\u00fablicos son sagrados y&nbsp;se le devuelven al pueblo en derechos, en Programas de Bienestar y obras estrat\u00e9gicas para el&nbsp;desarrollo nacional.<\/p>\n\n\n\n<p class=\"wp-block-paragraph\">Recordemos que, entre 1982 y el 2018, durante seis sexenios, 36 a\u00f1os, M\u00e9xico vivi\u00f3 bajo la oscura&nbsp;noche del neoliberalismo. Quienes gobernaban no ten\u00edan convicciones m\u00e1s all\u00e1 del dinero y el&nbsp;mercado. Gobernaban para unos cuantos, mientras millones quedaban en el abandono.<\/p>\n\n\n\n<p class=\"wp-block-paragraph\">Por esa raz\u00f3n, en 2008, la pobreza alcanz\u00f3 al 45 por ciento de la poblaci\u00f3n mexicana, ese fue el&nbsp;rostro de la injusticia, de la corrupci\u00f3n y de los privilegios. Esa es la realidad que hered\u00f3 la Cuarta&nbsp;Transformaci\u00f3n, y esa es la realidad que decidimos cambiar.<\/p>\n\n\n\n<p class=\"wp-block-paragraph\">Y miren la haza\u00f1a: a diferencia de ese 45 por ciento, la poblaci\u00f3n en pobreza hoy es del 29 por&nbsp;ciento. Evidentemente, tenemos que seguir trabajando para que ning\u00fan mexicano y mexicana viva en&nbsp;la pobreza, pero estoy segura de algo: Vamos por el camino correcto.<\/p>\n\n\n\n<p class=\"wp-block-paragraph\">Esta haza\u00f1a ya est\u00e1 escrita en la historia nacional: Entre 2018 y 2024, 13.5 millones de mexicanas y&nbsp;mexicanos salieron de la pobreza. Ese logro, aunque quieran, no lo podr\u00e1n borrar, ni las campa\u00f1as&nbsp;de odio, ni la mentira, ni la calumnia. Es un hecho irrefutable.<\/p>\n\n\n\n<p class=\"wp-block-paragraph\">Adem\u00e1s, la reducci\u00f3n de la pobreza vino acompa\u00f1ada de la disminuci\u00f3n en las desigualdades. En&nbsp;2008, el ingreso del 10 por ciento m\u00e1s rico era 27 veces m\u00e1s que el del 10 por ciento m\u00e1s pobre. En&nbsp;el 2024, esta brecha, esta desigualdad se redujo de 27 a 14 veces.<\/p>\n\n\n\n<p class=\"wp-block-paragraph\">Con el neoliberalismo llegamos a ser de los pa\u00edses m\u00e1s desiguales del mundo, ahora somos el&nbsp;segundo pa\u00eds menos desigual del continente, solamente despu\u00e9s de Canad\u00e1.<\/p>\n\n\n\n<p class=\"wp-block-paragraph\">El modelo econ\u00f3mico es completamente distinto, se resume en la frase humanista: \u201cPor el bien de&nbsp;todos, primero los pobres\u201d.<\/p>\n\n\n\n<p class=\"wp-block-paragraph\">Gracias a ello, a pesar de las dif\u00edciles circunstancias internacionales, en este a\u00f1o nuestra econom\u00eda&nbsp;est\u00e1 fuerte: se tiene un crecimiento anual esperado de 1.2 por ciento, frente a los catastrofistas que&nbsp;anticipaban una ca\u00edda; la Inversi\u00f3n Extranjera Directa fue r\u00e9cord en el primer semestre del 2025; el&nbsp;turismo creci\u00f3 13.8 por ciento; nuestra moneda se mantiene por debajo de los 19 pesos por d\u00f3lar; el&nbsp;desempleo se ubica en 2.7 por ciento, uno de los niveles m\u00e1s bajos del mundo; y la inflaci\u00f3n anual&nbsp;en septiembre fue de 3.7 por ciento.<\/p>\n\n\n\n<p class=\"wp-block-paragraph\">Aprovecho para agradecer a las empresas productoras y comercializadoras por firmar, una vez m\u00e1s,&nbsp;el Paquete Econ\u00f3mico Contra la Inflaci\u00f3n y la Carest\u00eda, as\u00ed como el Acuerdo Voluntario para evitar el&nbsp;aumento de precio de la gasolina y el de ma\u00edz-tortilla.<\/p>\n\n\n\n<p class=\"wp-block-paragraph\">Para septiembre, el n\u00famero de trabajadores afiliados al Seguro Social alcanz\u00f3 la cifra de 22.5&nbsp;millones. En junio de este a\u00f1o entr\u00f3 en vigor la reciente reforma laboral, bajo la cual todos los&nbsp;trabajadores de plataformas digitales deben tener Seguro Social.<\/p>\n\n\n\n<p class=\"wp-block-paragraph\">En M\u00e9xico gozamos de libertades y democracia. Contrario a la mentira que se escribe en la mayor\u00eda&nbsp;de los medios, es claro para el mundo entero que, en M\u00e9xico: no se reprime, no se usa la fuerza del&nbsp;Estado contra el pueblo, se respetan los derechos humanos, se practica la mayor libertad de&nbsp;expresi\u00f3n de la historia, no existe la censura y todos los Poderes son elegidos por el pueblo de&nbsp;M\u00e9xico.<\/p>\n\n\n\n<p class=\"wp-block-paragraph\">En los \u00faltimos meses, 13 meses, propusimos transformaciones legislativas profundas:<\/p>\n\n\n\n<p class=\"wp-block-paragraph\">Se aprobaron 19 reformas constitucionales y 40 nuevas leyes. Destaco las m\u00e1s importantes:<\/p>\n\n\n\n<ul class=\"wp-block-list\">\n<li>1. Reforma al Poder Judicial. En junio de 2025, las mexicanas y mexicanos tuvimos elecciones&nbsp;libres para ministras y ministros de la Corte, magistradas, magistrados y jueces.<\/li>\n<\/ul>\n\n\n\n<p class=\"wp-block-paragraph\">Aprovecho para saludar a los nuevos ministros y ministras de la Suprema Corte de Justicia de la&nbsp;Naci\u00f3n.<\/p>\n\n\n\n<p class=\"wp-block-paragraph\">Se termin\u00f3 la era en el Poder Judicial del nepotismo, de la corrupci\u00f3n y privilegios, y comienza una&nbsp;nueva era de legalidad y de justicia para todas y para todos. Un verdadero Estado de derecho. Es algo&nbsp;muy profundo.<\/p>\n\n\n\n<p class=\"wp-block-paragraph\">Los impartidores de justicia deben servir al pueblo, a sus causas y a sus mandatos, y no como&nbsp;ocurr\u00eda antes, que operaban bajo la consigna de beneficio a grupos o facciones pol\u00edticas o&nbsp;econ\u00f3micas, e incluso bajo consigna de intereses delictivos.<\/p>\n\n\n\n<ul class=\"wp-block-list\">\n<li>2. Incorporaci\u00f3n de la Guardia Nacional a la Secretar\u00eda de la Defensa Nacional para garantizar&nbsp;su profesionalismo, permanencia y honestidad.<\/li>\n\n\n\n<li>3. Reforma al art\u00edculo 2\u00ba de la Constituci\u00f3n para reconocer a los pueblos ind\u00edgenas y&nbsp;afrodescendientes con todos sus derechos.<\/li>\n<\/ul>\n\n\n\n<p class=\"wp-block-paragraph\">\u00a1Que vivan los pueblos ind\u00edgenas de M\u00e9xico!<\/p>\n\n\n\n<p class=\"wp-block-paragraph\"><strong>ASISTENTES:<\/strong>&nbsp;\u00a1Vivan!<\/p>\n\n\n\n<p class=\"wp-block-paragraph\"><strong>PRESIDENTA DE M\u00c9XICO, CLAUDIA SHEIBAUM PARDO:<\/strong>&nbsp;4. Reformas a los art\u00edculos 25, 27 y 28 de&nbsp;la Constituci\u00f3n para revertir una parte importante de la Reforma Energ\u00e9tica del 2013. Gracias a ello y a todas las leyes secundarias, recuperamos plenamente a Pemex y CFE como empresas del pueblo&nbsp;de M\u00e9xico.<\/p>\n\n\n\n<ul class=\"wp-block-list\">\n<li>5. Reformas al art\u00edculo 28 para permitir servicios de internet p\u00fablicos de manera directa.<\/li>\n\n\n\n<li>6. La igualdad de las mujeres ya est\u00e1 en la Constituci\u00f3n.<\/li>\n\n\n\n<li>7. Los trenes de pasajeros vuelven a la Constituci\u00f3n.<\/li>\n\n\n\n<li>8. Las reformas a la Constituci\u00f3n donde todos los Programas de Bienestar son derechos&nbsp;sociales del pueblo de M\u00e9xico.<\/li>\n\n\n\n<li>9. Reforma al art\u00edculo 123 para reconocer el derecho a la vivienda de las y los trabajadores. Se&nbsp;acab\u00f3 la visi\u00f3n del Infonavit y el FOVISSSTE como \u201cnegocios\u201d. La vivienda es un derecho del&nbsp;pueblo de M\u00e9xico.<\/li>\n\n\n\n<li>10. Protecci\u00f3n de los ma\u00edces nativos y prohibici\u00f3n de la siembra del ma\u00edz transg\u00e9nico. Qued\u00f3&nbsp;escrito en la Constituci\u00f3n que \u201csin ma\u00edz no hay pa\u00eds\u201d.<\/li>\n\n\n\n<li>11. Ya fue aprobado, como me compromet\u00ed con ustedes: a partir del 2030, ya no habr\u00e1&nbsp;reelecci\u00f3n a ning\u00fan puesto de elecci\u00f3n popular y se proh\u00edbe dejar como herencia un puesto&nbsp;de elecci\u00f3n. \u00a1No al nepotismo!<\/li>\n\n\n\n<li>12. Frente a cualquier deseo de injerencia o intervenci\u00f3n de una potencia extranjera en M\u00e9xico,&nbsp;qued\u00f3 escrito en la Constituci\u00f3n el siguiente texto:<\/li>\n<\/ul>\n\n\n\n<p class=\"wp-block-paragraph\">El pueblo de M\u00e9xico, bajo ninguna circunstancia, aceptar\u00e1 intervenciones, intromisiones o cualquier&nbsp;otro acto desde el extranjero que sea lesivo a su integridad, independencia y soberan\u00eda, tales como&nbsp;golpes de Estado, injerencia en elecciones o la violaci\u00f3n del territorio mexicano, sea esta por tierra,&nbsp;agua, mar o espacio a\u00e9reo.<\/p>\n\n\n\n<p class=\"wp-block-paragraph\">Esta reforma dice en pocas palabras: \u00a1M\u00e9xico no acepta injerencismo, no acepta intervencionismo!&nbsp;\u00a1Somos un pa\u00eds libre, independiente y soberano!<\/p>\n\n\n\n<p class=\"wp-block-paragraph\">Aprovecho para explicar que la reforma a la Ley de Amparo que recientemente propusimos garantiza&nbsp;a los ciudadanos sus derechos frente a cualquier acto de autoridad. Eso est\u00e1 totalmente&nbsp;salvaguardado. Su objetivo es hacer la impartici\u00f3n de justicia m\u00e1s r\u00e1pida, m\u00e1s expedita; garantizar la&nbsp;pronta actuaci\u00f3n contra el lavado de dinero y evitar que el amparo se vuelva el resguardo de por vida&nbsp;de los potentados de antes que no quieren pagar sus impuestos.<\/p>\n\n\n\n<p class=\"wp-block-paragraph\"><strong>ASISTENTES:<\/strong>&nbsp;\u00a1Presidenta! \u00a1Presidenta! \u00a1Presidenta!<\/p>\n\n\n\n<p class=\"wp-block-paragraph\"><strong>PRESIDENTA DE M\u00c9XICO, CLAUDIA SHEINBAUM PARDO:<\/strong>&nbsp;Agradezco profundamente al Senado de&nbsp;la Rep\u00fablica, a la C\u00e1mara de Diputados y a los Congresos locales, por su actuaci\u00f3n patri\u00f3tica y&nbsp;consecuente en la aprobaci\u00f3n de estas reformas hist\u00f3ricas.<\/p>\n\n\n\n<p class=\"wp-block-paragraph\"><strong>ASISTENTES:<\/strong>&nbsp;\u00a1Es un honor estar con Claudia hoy! \u00a1Es un honor estar con Claudia hoy! \u00a1Es un honor&nbsp;estar con Claudia hoy!<\/p>\n\n\n\n<p class=\"wp-block-paragraph\"><strong>PRESIDENTA DE M\u00c9XICO, CLAUDIA SHEINBAUM PARDO:<\/strong>&nbsp;Vale la pena preguntarnos: \u00bfc\u00f3mo es&nbsp;que se logr\u00f3 la reducci\u00f3n hist\u00f3rica de la pobreza y las desigualdades?<\/p>\n\n\n\n<p class=\"wp-block-paragraph\">Se llama: justicia social.<\/p>\n\n\n\n<p class=\"wp-block-paragraph\">Aument\u00f3 el salario m\u00ednimo, se instauraron los Programas de Bienestar y se recuper\u00f3 la capacidad&nbsp;del Estado mexicano como rector de la econom\u00eda, as\u00ed como su capacidad para hacer obra p\u00fablica&nbsp;estrat\u00e9gica.<\/p>\n\n\n\n<p class=\"wp-block-paragraph\">Recordemos que durante 36 a\u00f1os el salario m\u00ednimo no aument\u00f3. Ahora, entre 2018 y 2025, el&nbsp;aumento es de 135 por ciento en t\u00e9rminos reales.<\/p>\n\n\n\n<p class=\"wp-block-paragraph\">En 2018, el salario m\u00ednimo era de 88 pesos al d\u00eda. en 2025, es de 279 pesos diarios; y en la Zona&nbsp;General de la Frontera Norte, 420 pesos diarios.<\/p>\n\n\n\n<p class=\"wp-block-paragraph\">Dec\u00edan \u201cque, si sub\u00eda el salario, iba a haber inflaci\u00f3n, no iba a haber inversi\u00f3n y la moneda se iba a&nbsp;devaluar\u201d. \u00a1Mentira!<\/p>\n\n\n\n<p class=\"wp-block-paragraph\">Subi\u00f3 el salario m\u00ednimo y la inflaci\u00f3n est\u00e1 controlada, la Inversi\u00f3n Extranjera Directa es r\u00e9cord y&nbsp;nuestro peso es de las monedas m\u00e1s estables de todo el mundo.<\/p>\n\n\n\n<p class=\"wp-block-paragraph\">Este a\u00f1o estamos destinando 850 mil millones de pesos para el beneficio de 32 millones de familias,&nbsp;es decir, 82.4 por ciento de las familias mexicanas reciben un apoyo de manera directa.<\/p>\n\n\n\n<p class=\"wp-block-paragraph\">A nadie se le pregunta \u201c\u00bfpor qui\u00e9n va a votar?\u201d o \u201c\u00bfa qu\u00e9 partido pertenece?\u201d, los Programas de&nbsp;Bienestar son para el pueblo de M\u00e9xico universales, de manera directa y sin intermediarios. Se&nbsp;acab\u00f3 la compra del voto.<\/p>\n\n\n\n<p class=\"wp-block-paragraph\">El alcance de los Programas de Bienestar, al cierre del 2025, es el siguiente:<\/p>\n\n\n\n<ul class=\"wp-block-list\">\n<li>\u00b7 13 millones de personas mayores de 65 [a\u00f1os] reciben su pensi\u00f3n<\/li>\n\n\n\n<li>\u00b7 1.6 millones de personas con discapacidad reciben pensi\u00f3n.<\/li>\n\n\n\n<li>\u00b7 3.9 millones de estudiantes cuentan con la Beca Universal [\u201cBenito Ju\u00e1rez\u201d] por asistir a&nbsp;preparatoria p\u00fablica.<\/li>\n\n\n\n<li>\u00b7 2.2 millones de familias con hijas e hijos en primaria reciben becas educativas.<\/li>\n\n\n\n<li>\u00b7 400 mil universitarios reciben beca.<\/li>\n\n\n\n<li>\u00b7 63 mil 252 escuelas de educaci\u00f3n b\u00e1sica y 6 mil 50 preparatorias reciben La Escuela es&nbsp;Nuestra.<\/li>\n\n\n\n<li>\u00b7 11 mil 816 centros de salud reciben el programa La Cl\u00ednica es Nuestra.<\/li>\n\n\n\n<li>\u00b7 264 mil J\u00f3venes Construyen Futuro.<\/li>\n\n\n\n<li>\u00b7 243 mil ni\u00f1as y ni\u00f1os de entre 0 y 4 a\u00f1os reciben apoyo.<\/li>\n\n\n\n<li>\u00b7 192 mil pescadores reciben Bienpesca.<\/li>\n\n\n\n<li>\u00b7 1.8 millones de campesinas y campesinos reciben Producci\u00f3n para el Bienestar y&nbsp;Fertilizantes Gratuitos producidos en Pemex.<\/li>\n\n\n\n<li>\u00b7 34 mil peque\u00f1os productores de ma\u00edz y frijol comercializan sus productos en las Tiendas del&nbsp;Bienestar. Y s\u00ed, este a\u00f1o tienen la oportunidad de un comercio justo con el Chocolate y el&nbsp;Caf\u00e9 del Bienestar.<\/li>\n\n\n\n<li>\u00b7 415 mil sembradores de m\u00e1s de un mill\u00f3n de hect\u00e1reas siembran vida.<\/li>\n<\/ul>\n\n\n\n<ul class=\"wp-block-list\">\n<li>\u00b7 3 mil 05 productores de leche abastecen a 6.8 millones de familias con Leche para el&nbsp;Bienestar.<\/li>\n<\/ul>\n\n\n\n<p class=\"wp-block-paragraph\">Y este a\u00f1o hay tres nuevos Programas de Bienestar:<\/p>\n\n\n\n<p class=\"wp-block-paragraph\">El primero, apoyo a todas las mujeres de 60 a 64 a\u00f1os de edad. Es un reconocimiento por el trabajo&nbsp;de cuidados que hemos hecho las mujeres a lo largo de muchos a\u00f1os.<\/p>\n\n\n\n<p class=\"wp-block-paragraph\">Ahora, de todas maneras, este a\u00f1o, con el IMSS estamos construyendo mil guarder\u00edas, que hoy les&nbsp;llamamos \u201cCentros de Educaci\u00f3n y Cuidado Infantil\u201d para las mujeres trabajadoras.<\/p>\n\n\n\n<p class=\"wp-block-paragraph\">Este a\u00f1o a\u00f1o, tambi\u00e9n, todos los estudiantes de secundaria reciben la Beca \u201cRita Cetina\u201d. Y el&nbsp;pr\u00f3ximo a\u00f1o nos vamos a las primarias.<\/p>\n\n\n\n<p class=\"wp-block-paragraph\">Todos los adultos mayores y las personas con discapacidad reciben Salud Casa por Casa, con 20 mil&nbsp;servidores de la salud.<\/p>\n\n\n\n<p class=\"wp-block-paragraph\">Este es el plan social m\u00e1s ambicioso de la historia de M\u00e9xico, fundado en el principio de confianza&nbsp;en nuestro pueblo y que los derechos sociales son la base del bienestar.<\/p>\n\n\n\n<p class=\"wp-block-paragraph\">Asimismo, y por primera vez en la historia, 20 mil 358 comunidades ind\u00edgenas y afromexicanas&nbsp;reciben directamente presupuesto p\u00fablico.<\/p>\n\n\n\n<p class=\"wp-block-paragraph\">En la Cuarta Transformaci\u00f3n tenemos la convicci\u00f3n de que el Estado debe garantizar los derechos&nbsp;del pueblo, el acceso a la educaci\u00f3n, a la salud y el acceso a la vivienda.<\/p>\n\n\n\n<p class=\"wp-block-paragraph\">Fueron tantos a\u00f1os de abandono que a\u00fan tenemos mucho por hacer, pero se ha avanzado&nbsp;much\u00edsimo.<\/p>\n\n\n\n<p class=\"wp-block-paragraph\">Con este esp\u00edritu nos hemos propuesto garantizar la educaci\u00f3n p\u00fablica desde la inicial hasta la&nbsp;universidad, a las maestras y maestros:<\/p>\n\n\n\n<p class=\"wp-block-paragraph\">Este a\u00f1o otorgamos 10 por ciento de aumento salarial, redujimos de manera gradual la edad de&nbsp;jubilaci\u00f3n para quienes est\u00e1n bajo el D\u00e9cimo Transitorio, fortalecemos el r\u00e9gimen solidario de&nbsp;pensiones a trav\u00e9s del Fondo de Pensiones para el Bienestar; y a partir de los pr\u00f3ximos meses \u2014como me compromet\u00ed\u2014 convocaremos a una consulta nacional escuela por escuela para sustituir&nbsp;el famoso \u201cUsicamm\u201d, con lo que los maestros y maestras quieran y decidan.<\/p>\n\n\n\n<p class=\"wp-block-paragraph\">Creamos el Bachillerato Nacional, que integra y armoniza todos los sistemas de preparatoria.<\/p>\n\n\n\n<p class=\"wp-block-paragraph\">Este a\u00f1o estamos abriendo 38 mil espacios nuevos para j\u00f3venes de preparatoria de los, por lo&nbsp;menos, 120 mil que vamos a abrir.<\/p>\n\n\n\n<p class=\"wp-block-paragraph\">Como ya se hizo viral y lo haremos realidad, estamos construyendo m\u00e1s preparatorias que queden&nbsp;cerca de la casa, para que saliendo de la secundaria vayan directo a la preparatoria.<\/p>\n\n\n\n<p class=\"wp-block-paragraph\">En 2025, el ingreso a la educaci\u00f3n media superior del Valle de M\u00e9xico ya no realiz\u00f3 el examen del&nbsp;COMIPEMS. El nuevo sistema tiene un nombre con mucho simbolismo. A diferencia del examen de&nbsp;exclusi\u00f3n, el sistema actual se llama: \u201cMi derecho, mi lugar\u201d.<\/p>\n\n\n\n<p class=\"wp-block-paragraph\">Nuestra visi\u00f3n tambi\u00e9n es que las y los j\u00f3venes que deseen estudiar la universidad tengan el derecho&nbsp;de hacerlo de manera gratuita. Por eso, fortalecemos las Universidades del Bienestar \u201cBenito Ju\u00e1rez\u201d&nbsp;Garc\u00eda y creamos la Universidad Nacional Rosario Castellanos, que ya tiene 77 mil estudiantes.<\/p>\n\n\n\n<p class=\"wp-block-paragraph\">Este a\u00f1o invertimos en las escuelas de formaci\u00f3n art\u00edstica y eliminamos las cuotas de inscripci\u00f3n.<\/p>\n\n\n\n<p class=\"wp-block-paragraph\">A trav\u00e9s del programa \u201cM\u00e9xico Canta\u201d, hermanamos a las y los j\u00f3venes mexicanos en Estados&nbsp;Unidos y en M\u00e9xico para fomentar la cultura de la paz.<\/p>\n\n\n\n<p class=\"wp-block-paragraph\">Inauguramos la Cineteca de la Cuarta Secci\u00f3n del Bosque de Chapultepec.<\/p>\n\n\n\n<p class=\"wp-block-paragraph\">Y en diciembre, con varios pa\u00edses de Am\u00e9rica Latina, vamos a repartir el nuevo proyecto \u201c25 libros&nbsp;para el 25\u201d con el objetivo de acercar nuevamente el Realismo M\u00e1gico a las nuevas generaciones.<\/p>\n\n\n\n<p class=\"wp-block-paragraph\">Estamos solicitando al Congreso que, de la reducci\u00f3n que ya dio vista el Poder Judicial, se d\u00e9&nbsp;aumento a la cultura y en particular, a la producci\u00f3n de cine nacional.<\/p>\n\n\n\n<p class=\"wp-block-paragraph\">En 23 entidades de la Rep\u00fablica funciona el IMSS Bienestar que cada d\u00eda se fortalece.<\/p>\n\n\n\n<p class=\"wp-block-paragraph\">Creamos las Rutas de la Salud para garantizar que los medicamentos lleguen al \u00faltimo rinc\u00f3n del&nbsp;pa\u00eds. Me informan que estamos al 90 por ciento de abasto en el nivel primario y secundario de la&nbsp;salud.<\/p>\n\n\n\n<p class=\"wp-block-paragraph\">Tambi\u00e9n, a finales de este a\u00f1o, habremos inaugurado 31 hospitales nuevos del IMSS, del ISSSTE e&nbsp;IMSS Bienestar.<\/p>\n\n\n\n<p class=\"wp-block-paragraph\">Dimos inicio al programa Laboratorio en tu Cl\u00ednica. En la gran mayor\u00eda de los centros de salud podr\u00e1&nbsp;haber laboratorios para poder diagnosticar adecuadamente a las personas. En diciembre ser\u00e1&nbsp;realidad para los 23 estados de la Rep\u00fablica, y tambi\u00e9n para Yucat\u00e1n que se incorpora al IMSS&nbsp;Bienestar.<\/p>\n\n\n\n<p class=\"wp-block-paragraph\">Nuestra propuesta es construir 1.8 millones de Viviendas para el Bienestar, con cr\u00e9ditos accesibles&nbsp;para las familias que ganen menos de dos salarios m\u00ednimos.<\/p>\n\n\n\n<p class=\"wp-block-paragraph\">Tengo el gusto de informarles que: 300 mil de \u00e9stas ya est\u00e1n en construcci\u00f3n y ya se hizo la primera&nbsp;entrega de viviendas.<\/p>\n\n\n\n<p class=\"wp-block-paragraph\">Adem\u00e1s, 5 millones de familias que ten\u00edan deudas impagables del FOVISSSTE y del Infonavit se van a&nbsp;ver beneficiadas con quitas, reducciones. Una forma de dar cr\u00e9ditos que era solamente negocio, no&nbsp;apoyo a la gente.<\/p>\n\n\n\n<p class=\"wp-block-paragraph\">A la fecha, un mill\u00f3n y medio de familias ya recibieron este beneficio.<\/p>\n\n\n\n<p class=\"wp-block-paragraph\">Les informo \u2014no le crean, luego a las mentiras\u2014, les informo que el Tren Maya ha transportado,&nbsp;desde su apertura 1.7 millones de pasajeros.<\/p>\n\n\n\n<p class=\"wp-block-paragraph\">Desde el Aeropuerto \u201cFelipe \u00c1ngeles\u201d han viajado 15 millones de pasajeros y casi un mill\u00f3n de&nbsp;toneladas de carga.<\/p>\n\n\n\n<p class=\"wp-block-paragraph\">La Refiner\u00eda Olmeca produce, en promedio, 270 mil barriles diarios de petrol\u00edferos.<\/p>\n\n\n\n<p class=\"wp-block-paragraph\">Y desde su creaci\u00f3n, Mexicana de Aviaci\u00f3n, en ella han viajado 750 mil pasajeros.<\/p>\n\n\n\n<p class=\"wp-block-paragraph\">Iniciamos obras estrat\u00e9gicas de nuestro gobierno:<\/p>\n\n\n\n<p class=\"wp-block-paragraph\">El Tren Ciudad de M\u00e9xico-Pachuca.<\/p>\n\n\n\n<p class=\"wp-block-paragraph\">Los trenes de pasajeros:<\/p>\n\n\n\n<p class=\"wp-block-paragraph\">Ciudad de M\u00e9xico-Quer\u00e9taro.<\/p>\n\n\n\n<p class=\"wp-block-paragraph\">Saltillo-Nuevo Laredo, como parte del tren del Norte M\u00e9xico-Nuevo Laredo.<\/p>\n\n\n\n<p class=\"wp-block-paragraph\">A ver, \u00bfc\u00f3mo ven?, \u00bfqu\u00e9 les parece si a ese tren le ponemos \u201cTren del Golfo de M\u00e9xico\u201d?<\/p>\n\n\n\n<p class=\"wp-block-paragraph\">Levante la mano el que est\u00e9 de acuerdo.<\/p>\n\n\n\n<p class=\"wp-block-paragraph\">A ver, lo voy a poner a votaci\u00f3n: \u00bfQui\u00e9n est\u00e1 de acuerdo que el tren que va de M\u00e9xico a Nuevo Laredo&nbsp;se llame \u201cTren del Golfo de M\u00e9xico\u201d?<\/p>\n\n\n\n<p class=\"wp-block-paragraph\">Mayor\u00eda.<\/p>\n\n\n\n<p class=\"wp-block-paragraph\">Ya iniciamos la construcci\u00f3n del Tren Quer\u00e9taro-Irapuato, como parte del Tren Ciudad de M\u00e9xico-Nogales.<\/p>\n\n\n\n<p class=\"wp-block-paragraph\">Iniciamos tambi\u00e9n el Tren Maya de carga, con su l\u00ednea a Puerto Progreso, a cargo de los ingenieros&nbsp;militares.<\/p>\n\n\n\n<p class=\"wp-block-paragraph\">Tambi\u00e9n avanzamos en el Tren Interoce\u00e1nico, en los tramos Oaxaca\u2013Chiapas y Roberto Ayala\u2013Para\u00edso, Tabasco, bajo la responsabilidad de Marina.<\/p>\n\n\n\n<p class=\"wp-block-paragraph\">Asimismo, estamos terminando el libramiento de la ciudad de Nogales, Sonora; y el Tren Insurgente&nbsp;de Santa Fe hasta Observatorio.<\/p>\n\n\n\n<p class=\"wp-block-paragraph\">Tambi\u00e9n iniciamos las carreteras:<\/p>\n\n\n\n<ul class=\"wp-block-list\">\n<li>\u00b7 Cuautla\u2013Tlapa.<\/li>\n\n\n\n<li>\u00b7 Tamazunchale\u2013Huejutla.<\/li>\n\n\n\n<li>\u00b7 Bavispe\u2013Nuevo Casas Grandes.<\/li>\n\n\n\n<li>\u00b7 Toluca\u2013Zihuatanejo.<\/li>\n\n\n\n<li>\u00b7 Macuspana\u2013Esc\u00e1rcega.<\/li>\n\n\n\n<li>\u00b7 Circuito Tierra y Libertad, en Morelos.<\/li>\n\n\n\n<li>\u00b7 Salina Cruz\u2013Zihuatanejo.<\/li>\n\n\n\n<li>\u00b7 Guaymas\u2013Chihuahua.<\/li>\n\n\n\n<li>\u00b7 Y Tepic\u2013Compostela.<\/li>\n<\/ul>\n\n\n\n<p class=\"wp-block-paragraph\">Ya se construyen 11 de 21 distribuidores viales para distintos estados de la Rep\u00fablica.<\/p>\n\n\n\n<p class=\"wp-block-paragraph\">Y apoyamos a Guerrero en la construcci\u00f3n de m\u00e1s de 68 puentes que fueron derribados durante los&nbsp;huracanes.<\/p>\n\n\n\n<p class=\"wp-block-paragraph\">Como parte del \u201cPlan L\u00e1zaro C\u00e1rdenas del R\u00edo\u201d, estamos rehabilitando y ampliando 820 kil\u00f3metros&nbsp;de caminos en la zona Mixteca, Amuzga, Nahua y Tlapaneca de las monta\u00f1as de Oaxaca y Guerrero.<\/p>\n\n\n\n<p class=\"wp-block-paragraph\">Asimismo, otorgamos recursos para la construcci\u00f3n de 500 kil\u00f3metros de caminos artesanales en&nbsp;las comunidades ind\u00edgenas.<\/p>\n\n\n\n<p class=\"wp-block-paragraph\">Durante este a\u00f1o, el ordenamiento de concesiones de agua \u2014escuchen esto\u2014 el ordenamiento de&nbsp;concesiones de agua, con mucho apoyo, por cierto, de distritos de riego y de empresarios, nos ha&nbsp;permitido desprivatizar y recuperar para la naci\u00f3n 4 mil millones de metros c\u00fabicos de agua, lo que&nbsp;equivale a cuatro veces el suministro de la Ciudad de M\u00e9xico.<\/p>\n\n\n\n<p class=\"wp-block-paragraph\">Hace unos d\u00edas enviamos una modificaci\u00f3n a la Ley de Aguas Nacionales para garantizar que el agua&nbsp;sea un derecho humano y un recurso de la naci\u00f3n, y no una mercanc\u00eda para el beneficio de unos&nbsp;pocos.<\/p>\n\n\n\n<p class=\"wp-block-paragraph\">Por primera vez en la historia, desarrollamos un programa ambicioso de tecnificaci\u00f3n de riego&nbsp;agr\u00edcola y ya est\u00e1 en marcha para 18 distritos ubicados en 18 estados de la Rep\u00fablica.<\/p>\n\n\n\n<p class=\"wp-block-paragraph\">Asimismo, iniciamos 20 proyectos estrat\u00e9gicos de agua potable y saneamiento:<\/p>\n\n\n\n<ul class=\"wp-block-list\">\n<li>\u00b7 Acueducto Ciudad Victoria II.<\/li>\n\n\n\n<li>\u00b7 Zacualpan II, en Colima.<\/li>\n\n\n\n<li>\u00b7 Sol\u00eds\u2013Le\u00f3n, en Guanajuato.<\/li>\n\n\n\n<li>\u00b7 Presa El Novillo, en Baja California Sur.<\/li>\n\n\n\n<li>\u00b7 Presa El Tunal II, en Durango.<\/li>\n\n\n\n<li>\u00b7 Milpillas, en Zacatecas.<\/li>\n\n\n\n<li>\u00b7 Paso Ancho, en Oaxaca.<\/li>\n\n\n\n<li>\u00b7 El Programa Integral para Acapulco.<\/li>\n\n\n\n<li>\u00b7 Agua para Campeche.<\/li>\n\n\n\n<li>\u00b7 Sistema de presas, en Sonora.<\/li>\n\n\n\n<li>\u00b7 Desaladora de Rosarito, Baja California.<\/li>\n\n\n\n<li>\u00b7 La Cangrejera\u2013Coatzacoalcos, en Veracruz.<\/li>\n\n\n\n<li>\u00b7 Programa de Agua para San Luis Potos\u00ed.<\/li>\n\n\n\n<li>\u00b7 Redes de distribuci\u00f3n de agua para La Laguna.<\/li>\n\n\n\n<li>\u00b7 Proyecto integral para la Zona Metropolitana del Valle de M\u00e9xico.<\/li>\n\n\n\n<li>\u00b7 Zona Oriente del Estado de M\u00e9xico.<\/li>\n\n\n\n<li>\u00b7 Obras de protecci\u00f3n en Tabasco.<\/li>\n\n\n\n<li>\u00b7 Y saneamiento de los r\u00edos: Tula, Lerma\u2013Santiago y Atoyac.<\/li>\n<\/ul>\n\n\n\n<p class=\"wp-block-paragraph\">Estamos dando continuidad al rescate de Pemex y el impulso de CFE. Los gobiernos del&nbsp;neoliberalismo dejaron una deuda maldita y corrupta, pero estamos avanzando con paso firme y&nbsp;mucha honestidad. No va a faltar energ\u00eda para el desarrollo nacional y estamos impulsando la&nbsp;soberan\u00eda energ\u00e9tica, el uso eficiente y la energ\u00eda limpia.<\/p>\n\n\n\n<p class=\"wp-block-paragraph\">Presentamos, en octubre de 2024, el fortalecimiento de la Estrategia de Seguridad y Justicia.&nbsp;Contempla cuatro ejes: Atenci\u00f3n a las causas, Consolidaci\u00f3n de la Guardia Nacional,&nbsp;Fortalecimiento de las capacidades de inteligencia e investigaci\u00f3n y Coordinaci\u00f3n entre todos los&nbsp;\u00f3rdenes de gobierno.<\/p>\n\n\n\n<p class=\"wp-block-paragraph\">Con el Gabinete de Seguridad nos reunimos todos los d\u00edas a las 06:00 de la ma\u00f1ana para evaluar y&nbsp;fortalecer la Estrategia.<\/p>\n\n\n\n<p class=\"wp-block-paragraph\">Para que no haya ninguna duda, la pol\u00edtica de Construcci\u00f3n de la Paz se decide soberanamente en&nbsp;M\u00e9xico. Nadie influye en ella, solo nuestra honestidad, convicci\u00f3n y certeza y perseverancia.<\/p>\n\n\n\n<p class=\"wp-block-paragraph\">Esta ma\u00f1ana me dieron los resultados hasta el mes de septiembre: en 12 meses hemos reducido el&nbsp;homicidio doloso en 32 por ciento; es decir, entre septiembre de 2024 y septiembre de 2025, se&nbsp;cometieron 27 homicidios diarios menos.<\/p>\n\n\n\n<p class=\"wp-block-paragraph\">La reducci\u00f3n que hemos logrado en algunos estados es muy significativa. Por ejemplo:<\/p>\n\n\n\n<p class=\"wp-block-paragraph\">Zacatecas, 88 por ciento.<\/p>\n\n\n\n<p class=\"wp-block-paragraph\">Chiapas, 73 por ciento.<\/p>\n\n\n\n<p class=\"wp-block-paragraph\">Jalisco, 62 por ciento.<\/p>\n\n\n\n<p class=\"wp-block-paragraph\">Nuevo Le\u00f3n, 61 por ciento.<\/p>\n\n\n\n<p class=\"wp-block-paragraph\">Guanajuato, 47 por ciento.<\/p>\n\n\n\n<p class=\"wp-block-paragraph\">Sonora, 46 por ciento.<\/p>\n\n\n\n<p class=\"wp-block-paragraph\">Puebla, 45 por ciento.<\/p>\n\n\n\n<p class=\"wp-block-paragraph\">Puebla, 45 por ciento.<\/p>\n\n\n\n<p class=\"wp-block-paragraph\">Tabasco, 44 por ciento.<\/p>\n\n\n\n<p class=\"wp-block-paragraph\">Estado de M\u00e9xico, 43 por ciento.<\/p>\n\n\n\n<p class=\"wp-block-paragraph\">Baja California, 25 por ciento.<\/p>\n\n\n\n<p class=\"wp-block-paragraph\">Guerrero, 22 por ciento.<\/p>\n\n\n\n<p class=\"wp-block-paragraph\">Hace unos meses, lanzamos la Estrategia Nacional contra la Extorsi\u00f3n y presentamos una reforma para acabar con este delito y, sobre todo, para proteger a las v\u00edctimas.<\/p>\n\n\n\n<p class=\"wp-block-paragraph\">Abrazando a las y los j\u00f3venes para garantizar el acceso a sus derechos y la felicidad, al tiempo que vamos garantizando la cero impunidad, los avances ser\u00e1n todav\u00eda mayores. Estoy segura que el nuevo Poder Judicial ayudar\u00e1 mucho en este proceso.<\/p>\n\n\n\n<p class=\"wp-block-paragraph\">Agradezco encarecidamente a todo el Gabinete que me ha acompa\u00f1ado en este a\u00f1o. En particular quiero agradecer al General secretario Ricardo Trevilla Trejo y al Almirante secretario Raymundo Pedro Morales \u00c1ngeles, su profesionalismo, lealtad y patriotismo.<\/p>\n\n\n\n<p class=\"wp-block-paragraph\">Amigas y amigos:<\/p>\n\n\n\n<p class=\"wp-block-paragraph\">Seguiremos avanzando en todos los proyectos que ya iniciamos. Adem\u00e1s, iniciaremos un programa integral para todo el pa\u00eds de bacheo y repavimentaci\u00f3n de las carreteras federales e invitaremos a estados y municipios a que se sumen a este plan.<\/p>\n\n\n\n<p class=\"wp-block-paragraph\">Daremos continuidad a todas las obras p\u00fablicas:<\/p>\n\n\n\n<p class=\"wp-block-paragraph\">Entre diciembre de este a\u00f1o y enero de 2026, vamos a inaugurar puentes, carreteras, hospitales.<\/p>\n\n\n\n<p class=\"wp-block-paragraph\">El Tren Ciudad de M\u00e9xico-AIFA.<\/p>\n\n\n\n<p class=\"wp-block-paragraph\">Daremos continuidad a nuevas obras carreteras, trenes, puertos, caminos rurales, artesanales, escuelas, consultorios y centros de salud.<\/p>\n\n\n\n<p class=\"wp-block-paragraph\">Una cosa es clara: cuando no hay corrupci\u00f3n, alcanza para m\u00e1s.<\/p>\n\n\n\n<p class=\"wp-block-paragraph\">Les doy este dato: en 2025, nuestra estimaci\u00f3n es que, sin haber subido impuestos, en comparaci\u00f3n con el a\u00f1o pasado, estaremos recaudando 500 mil millones [de pesos] m\u00e1s de presupuesto para la gente.<\/p>\n\n\n\n<p class=\"wp-block-paragraph\">Cuando llegamos al gobierno propusimos el Plan M\u00e9xico, una visi\u00f3n de largo plazo para que el pa\u00eds fortalezca su producci\u00f3n para el mercado interno y para la exportaci\u00f3n; que se generen mejores empleos para el pueblo.<\/p>\n\n\n\n<p class=\"wp-block-paragraph\">El pr\u00f3ximo 2026 estar\u00e1n en pleno avance 23 Polos de Desarrollo para el Bienestar.<\/p>\n\n\n\n<p class=\"wp-block-paragraph\">Adem\u00e1s, estoy segura, segura, que llegaremos a un buen acuerdo con Estados Unidos y todas las naciones del mundo con relaci\u00f3n a nuestras relaciones comerciales.<\/p>\n\n\n\n<p class=\"wp-block-paragraph\">Como parte de este plan, en las pr\u00f3ximas semanas estaremos presentando el prototipo del veh\u00edculo el\u00e9ctrico \u201cOlinia\u201d, los avances del Taller de Dise\u00f1o de Semiconductores, y tambi\u00e9n los proyectos de sat\u00e9lites nacionales y de un veh\u00edculo a\u00e9reo no tripulado producido 100 por ciento en M\u00e9xico.<\/p>\n\n\n\n<p class=\"wp-block-paragraph\">Esto es parte de un proyecto ambicioso que presentaremos en las pr\u00f3ximas semanas que le llamamos: \u201cM\u00e9xico, pa\u00eds de innovaci\u00f3n\u201d, que incluye el desarrollo del Laboratorio Nacional de Inteligencia Artificial.<\/p>\n\n\n\n<p class=\"wp-block-paragraph\">Amigas y amigos:<\/p>\n\n\n\n<p class=\"wp-block-paragraph\">Como primera mujer Presidenta de M\u00e9xico, nuevamente, afirmo: \u00a1Llegamos todas!<\/p>\n\n\n\n<p class=\"wp-block-paragraph\">Durante los gobiernos neoliberales se buscaban modelos en otros pa\u00edses porque nunca se crey\u00f3 en nuestra historia, en nuestra grandeza cultural ni en la fuerza creadora de nuestro pueblo. Se quiso imponer la idea de que lo nuestro no val\u00eda, de que ten\u00edamos que copiar todo a otros.<\/p>\n\n\n\n<p class=\"wp-block-paragraph\">Hoy, afirmamos que, si bien, reconocemos experiencias en otras latitudes, el ejemplo est\u00e1 en nuestra historia.<\/p>\n\n\n\n<p class=\"wp-block-paragraph\">Nos enorgullecen las grandes civilizaciones que florecieron mucho antes de la llegada de los espa\u00f1oles.<\/p>\n\n\n\n<p class=\"wp-block-paragraph\">Nos enorgullecen las mujeres ind\u00edgenas de M\u00e9xico, sost\u00e9n y gu\u00eda de la resistencia.<\/p>\n\n\n\n<p class=\"wp-block-paragraph\">De los pueblos originarios y de las comunidades afromexicanas que guardan la ra\u00edz y la esencia de lo que somos.<\/p>\n\n\n\n<p class=\"wp-block-paragraph\">Nos enorgullece nuestra historia pol\u00edtica, nuestras hero\u00ednas y h\u00e9roes de la Independencia, de la Reforma, de la Revoluci\u00f3n, y de millones y millones que lucharon para tener la democracia y las libertades que tenemos hoy.<\/p>\n\n\n\n<p class=\"wp-block-paragraph\">Nos enorgullecen nuestras mujeres, que todos los d\u00edas luchan y abren caminos de igualdad y de justicia.<\/p>\n\n\n\n<p class=\"wp-block-paragraph\">Nuestros j\u00f3venes creativos que construyen futuro.<\/p>\n\n\n\n<p class=\"wp-block-paragraph\">Nuestros adultos mayores, que con su sabidur\u00eda nos ense\u00f1an a caminar con firmeza.<\/p>\n\n\n\n<p class=\"wp-block-paragraph\">Nos enorgullecen los migrantes mexicanos, que con valent\u00eda cruzan fronteras, pero nunca dejan el amor por M\u00e9xico.<\/p>\n\n\n\n<p class=\"wp-block-paragraph\">\u00a1Que vivan las migrantes y los migrantes!<\/p>\n\n\n\n<p class=\"wp-block-paragraph\"><strong>ASISTENTES:<\/strong>&nbsp;\u00a1Vivan!<\/p>\n\n\n\n<p class=\"wp-block-paragraph\"><strong>PRESIDENTA DE M\u00c9XICO, CLAUDIA SHEINBAUM PARDO:<\/strong>&nbsp;Porque nuestro pueblo es trabajador, resistente, solidario, creativo y generoso. Porque nuestra patria es grande. Y porque hoy m\u00e1s que nunca sabemos que la soberan\u00eda no se implora, se ejerce con dignidad, con fervor, con pasi\u00f3n, sin arrogancia, con la fuerza de millones de mexicanas y mexicanos.<\/p>\n\n\n\n<p class=\"wp-block-paragraph\">Nosotras y nosotros sabemos que no hay divorcio entre pueblo y gobierno, que la prosperidad es compartida o no es prosperidad; que la justicia es para todas y para todos, si no, no es justicia; que la democracia solo florece cuando el pueblo es el protagonista y que la libertad plena va acompa\u00f1ada del bienestar.<\/p>\n\n\n\n<p class=\"wp-block-paragraph\">Por eso, desde este Z\u00f3calo hist\u00f3rico, reafirmamos nuestro compromiso con la Cuarta Transformaci\u00f3n de la Vida P\u00fablica de M\u00e9xico, una Transformaci\u00f3n que le pertenece al pueblo.<\/p>\n\n\n\n<p class=\"wp-block-paragraph\">Estoy segura, porque lo escuchamos en las plazas, a lo largo de toda la Rep\u00fablica: Vamos por el camino correcto. Aqu\u00ed estamos de pie, con la fuerza de nuestra historia, con el orgullo de nuestro presente y con la esperanza de nuestro porvenir.<\/p>\n\n\n\n<p class=\"wp-block-paragraph\">Como lo dije, desde el primer momento, ante ustedes: \u00a1No les voy a fallar!<\/p>\n\n\n\n<p class=\"wp-block-paragraph\">Mi compromiso es con el pueblo y sigue siendo entregar mi alma, mi vida y lo mejor de m\u00ed misma, por el bienestar del pueblo de M\u00e9xico.<\/p>\n\n\n\n<p class=\"wp-block-paragraph\">Mi compromiso es defender a la patria.<\/p>\n\n\n\n<p class=\"wp-block-paragraph\">Mi compromiso con ustedes es ser una Presidenta que est\u00e9 a la altura de la generosidad y la grandeza de nuestra historia y del pueblo de M\u00e9xico.<\/p>\n\n\n\n<p class=\"wp-block-paragraph\">\u00a1Que viva la dignidad del pueblo de M\u00e9xico!<\/p>\n\n\n\n<p class=\"wp-block-paragraph\"><strong>ASISTENTES:<\/strong>&nbsp;\u00a1Viva!<\/p>\n\n\n\n<p class=\"wp-block-paragraph\"><strong>PRESIDENTA DE M\u00c9XICO, CLAUDIA SHEINBAUM PARDO:&nbsp;<\/strong>\u00a1Que viva M\u00e9xico, libre, independiente y soberano!<\/p>\n\n\n\n<p class=\"wp-block-paragraph\"><strong>ASISTENTES:<\/strong>&nbsp;\u00a1Viva!<\/p>\n\n\n\n<p class=\"wp-block-paragraph\"><strong>PRESIDENTA DE M\u00c9XICO, CLAUDIA SHEINBAUM PARDO:<\/strong>&nbsp;\u00a1Que viva por siempre M\u00e9xico!<\/p>\n\n\n\n<p class=\"wp-block-paragraph\"><strong>ASISTENTES:<\/strong>&nbsp;\u00a1Viva!<\/p>\n\n\n\n<p class=\"wp-block-paragraph\"><strong>PRESIDENTA DE M\u00c9XICO, CLAUDIA SHEINBAUM PARDO:<\/strong>&nbsp;\u00a1Que viva M\u00e9xico!<\/p>\n\n\n\n<p class=\"wp-block-paragraph\"><strong>ASISTENTES:&nbsp;<\/strong>\u00a1Viva!<\/p>\n\n\n\n<p class=\"wp-block-paragraph\"><strong>PRESIDENTA DE M\u00c9XICO, CLAUDIA SHEINBAUM PARDO:<\/strong>&nbsp;\u00a1Que viva M\u00e9xico!<\/p>\n\n\n\n<p class=\"wp-block-paragraph\"><strong>ASISTENTES:<\/strong>&nbsp;\u00a1Viva!<\/p>\n\n\n\n<p class=\"wp-block-paragraph\"><strong>PRESIDENTA DE M\u00c9XICO, CLAUDIA SHEINBAUM PARDO:<\/strong>&nbsp;\u00a1Que viva M\u00e9xico!<\/p>\n\n\n\n<p class=\"wp-block-paragraph\"><strong>ASISTENTES:<\/strong>&nbsp;\u00a1Viva!<\/p>\n\n\n\n<p class=\"wp-block-paragraph\">Compartir<\/p>\n\n\n\n<p class=\"wp-block-paragraph\">Leer despu\u00e9s<\/p>\n\n\n\n<p class=\"wp-block-paragraph\"><strong>Etiquetas:<\/strong><\/p>\n\n\n\n<p class=\"wp-block-paragraph\">discurso<\/p>\n\n\n\n<p class=\"wp-block-paragraph\"><strong>Se viste de fiesta el Z\u00f3calo tras informe de la presidenta Claudia Sheinbaum<\/strong><\/p>\n\n\n\n<p class=\"wp-block-paragraph\">La plancha del Z\u00f3calo se llen\u00f3 de m\u00fasica, pancartas, banderas tricolores, globos y mantas con consignas a favor de la presidenta.<\/p>\n\n\n\n<ul class=\"wp-block-list\">\n<li><strong>Z\u00f3calo de CdMx se llena para el informe de la Presidenta (Ariel Ojeda).<\/strong><\/li>\n<\/ul>\n\n\n\n<p class=\"wp-block-paragraph\"><a href=\"https:\/\/www.milenio.com\/autores\/ruben-mosso\"><strong>Rub\u00e9n Mosso<\/strong><\/a><\/p>\n\n\n\n<p class=\"wp-block-paragraph\">M\u00e9xico&nbsp;\/&nbsp;05.10.2025 16:08:00<\/p>\n\n\n\n<p class=\"wp-block-paragraph\">El Z\u00f3calo de la Ciudad de M\u00e9xico vivi\u00f3, el domingo 5 de octubre,&nbsp;<strong>una jornada de fiesta popular durante la celebraci\u00f3n del primer a\u00f1o de gobierno de la presidenta&nbsp;<\/strong><a href=\"https:\/\/www.milenio.com\/politica\/claudia-sheinbaum-en-zocalo-por-primer-ano-de-gobierno-hoy-en-vivo\" target=\"_blank\" rel=\"noreferrer noopener\"><strong>Claudia Sheinbaum.<\/strong><\/a><\/p>\n\n\n\n<p class=\"wp-block-paragraph\">Desde temprana hora, miles de personas llegaron a la Plaza de la Constituci\u00f3n de distintas partes del pa\u00eds.<\/p>\n\n\n\n<p class=\"wp-block-paragraph\"><strong>As\u00ed se vivi\u00f3 el primer a\u00f1o de Sheinbaum<\/strong><\/p>\n\n\n\n<p class=\"wp-block-paragraph\">Por diversas calles que desembocan al primer cuadro de la ciudad caminaron&nbsp;<strong>contingentes de sindicatos, maestros, trabajadores del sector p\u00fablico, organizaciones sociales y habitantes de comunidades rurales y alcald\u00edas capitalina<\/strong>s que se concentraron para escuchar el mensaje de la primera mandataria en la historia del pa\u00eds.<\/p>\n\n\n\n<p class=\"wp-block-paragraph\">El ambiente fue desde las primeras horas una mezcla de carnaval y mitin pol\u00edtico.<\/p>\n\n\n\n<p class=\"wp-block-paragraph\">La plancha del Z\u00f3calo<strong>&nbsp;se llen\u00f3 de m\u00fasica, pancartas, banderas tricolores, globos y mantas con consignas a favor de la Presidenta.<\/strong><\/p>\n\n\n\n<p class=\"wp-block-paragraph\"><strong>\u201c\u00a1Presidenta, Presidenta!\u201d, \u201c\u00a1Con Sheinbaum, la transformaci\u00f3n avanza!\u201d y \u201c\u00a1Esta Presidenta s\u00ed me representa!\u201d,<\/strong>&nbsp;fueron algunas de las consignas que se escucharon mientras la multitud esperaba el inicio del acto.<\/p>\n\n\n\n<p class=\"wp-block-paragraph\">Entre los miles de asistentes sobresal\u00edan los disfraces, porque hubo quienes portaban trajes t\u00edpicos, vestimentas alusivas al movimiento de transformaci\u00f3n y personajes que provocaron sonrisas,&nbsp;<strong>como un hombre vestido de Batman que lleg\u00f3 a bordo de un<em>&nbsp;batim\u00f3vil<\/em>, lo que llam\u00f3 la atenci\u00f3n.<\/strong><\/p>\n\n\n\n<p class=\"wp-block-paragraph\"><strong>Del justiciero enmascarado al&nbsp;<em>Caballero de la Noche<\/em><\/strong><\/p>\n\n\n\n<p class=\"wp-block-paragraph\">La presencia del justiciero enmascarado se convirti\u00f3 en una de las postales m\u00e1s comentadas.<\/p>\n\n\n\n<p class=\"wp-block-paragraph\">El&nbsp;<em>Caballero de la Noche<\/em>&nbsp;lleg\u00f3 hasta las primeras filas del Z\u00f3calo junto con su&nbsp;<em>baticontingente<\/em>, su<em>&nbsp;batibatucada<\/em>&nbsp;y decenas de globos con la imagen de&nbsp;<em>su batise\u00f1al<\/em>&nbsp;que despu\u00e9s soltaron para que se elevaran por el aire.<\/p>\n\n\n\n<p class=\"wp-block-paragraph\">Las calles que desembocan en el Z\u00f3calo, como 5 de Mayo, Tacuba y Madero, se convirtieron en r\u00edos humanos.&nbsp;<strong>Algunos contingentes avanzaron con bandas de m\u00fasica y batucadas, otros ondeaban banderas de sus estados de origen.<\/strong><\/p>\n\n\n\n<p class=\"wp-block-paragraph\">Los vendedores ambulantes aprovecharon la ocasi\u00f3n para ofrecer&nbsp;<strong>refrescos, sombreros, banderas y recuerdos del evento.<\/strong><\/p>\n\n\n\n<p class=\"wp-block-paragraph\">El acto formal comenz\u00f3 poco antes del mediod\u00eda con los honores a la bandera.&nbsp;<strong>La Presidenta sali\u00f3 de Palacio Nacional entre aplausos y saludos, y subi\u00f3 al templete instalado frente a Palacio Nacional.<\/strong><\/p>\n\n\n\n<p class=\"wp-block-paragraph\">En su discurso, que se extendi\u00f3 por casi una hora, Sheinbaum destac\u00f3 los avances de su administraci\u00f3n: reducci\u00f3n de la pobreza, ampliaci\u00f3n de programas sociales, fortalecimiento de<strong>&nbsp;Petr\u00f3leos Mexicanos (Pemex) y Comisi\u00f3n Federal de Electricidad (CFE),<\/strong>&nbsp;apoyo a mujeres, vivienda e impulso a comunidades ind\u00edgenas.<\/p>\n\n\n\n<p class=\"wp-block-paragraph\"><a href=\"https:\/\/www.milenio.com\/policia\/titular-de-sspc-felicita-a-la-presidenta-sheinbaum\" target=\"_blank\" rel=\"noreferrer noopener\"><strong>El Z\u00f3calo luci\u00f3 lleno.<\/strong><\/a>&nbsp;Desde el aire, los drones utilizados para transmitir el evento, permit\u00edan observar una marea de personas ondeando banderas.<\/p>\n\n\n\n<p class=\"wp-block-paragraph\">La Secretar\u00eda de Seguridad Ciudadana (SSC) de la Ciudad de M\u00e9xico puso en marcha un operativo especial y el Metro cerr\u00f3 la estaci\u00f3n Z\u00f3calo para controlar el flujo de asistentes, mientras que las vialidades del primer cuadro permanecieron cerradas a la circulaci\u00f3n vehicular.<\/p>\n\n\n\n<p class=\"wp-block-paragraph\"><strong>Seguridad y asistentes<\/strong><\/p>\n\n\n\n<p class=\"wp-block-paragraph\">La concentraci\u00f3n y el calor provocaron algunos incidentes menores. Servicios de emergencia atendieron a personas que se desmayaron debido al sol y la larga espera.&nbsp;<strong>Los equipos de Protecci\u00f3n Civil no reportaron casos graves.<\/strong><\/p>\n\n\n\n<p class=\"wp-block-paragraph\">De acuerdo con los asistentes, los contingentes presentes llegaron procedentes de todos los estados del pa\u00eds.<\/p>\n\n\n\n<p class=\"wp-block-paragraph\">En el lugar hab\u00eda mantas de&nbsp;<strong>Oaxaca, Guerrero, Hidalgo, Puebla, Michoac\u00e1n, Veracruz, Yucat\u00e1n y Chihuahua.<\/strong><\/p>\n\n\n\n<p class=\"wp-block-paragraph\">Tambi\u00e9n hab\u00eda grupos de jubilados, maestros de la&nbsp;<strong>Coordinadora Nacional de Trabajadores de la Educaci\u00f3n (CNTE) y del Sindicato Nacional de Trabajadores de la Educaci\u00f3n (SNTE)<\/strong>, adem\u00e1s de trabajadores de salud y transporte.<\/p>\n\n\n\n<p class=\"wp-block-paragraph\">Durante el evento, el ambiente se mantuvo alegre, con m\u00fasica en vivo, cantos y aplausos espont\u00e1neos.<\/p>\n\n\n\n<p class=\"wp-block-paragraph\">Algunos asistentes bailaron, otros grabaron videos y muchos se tomaron selfies con las banderas ondeando al fondo.<\/p>\n\n\n\n<p class=\"wp-block-paragraph\">La jornada cerr\u00f3 con una ovaci\u00f3n general y el himno nacional. Miles de personas comenzaron a retirarse lentamente. Al final de todo,&nbsp;<strong>el \u00e1nimo de la gente fue triunfante y de respaldo al proyecto de la primera Presidenta de M\u00e9xico.<\/strong><\/p>\n\n\n\n<p class=\"wp-block-paragraph\"><strong>Claudia Sheinbaum, un a\u00f1o en el eco de un estruendo<\/strong><\/p>\n\n\n\n<p class=\"wp-block-paragraph\">05 de Octubre de 202515:54 hs<\/p>\n\n\n\n<p class=\"wp-block-paragraph\">Lectura&nbsp;<strong>5&nbsp;min<\/strong><\/p>\n\n\n\n<figure class=\"wp-block-image size-full\"><a href=\"https:\/\/redsemlac.com\/semmexico\/wp-content\/uploads\/2025\/10\/reunion-zocalo-01.jpg\"><img loading=\"lazy\" decoding=\"async\" width=\"372\" height=\"209\" src=\"https:\/\/redsemlac.com\/semmexico\/wp-content\/uploads\/2025\/10\/reunion-zocalo-01.jpg\" alt=\"\" class=\"wp-image-99257\" srcset=\"https:\/\/redsemlac.com\/semmexico\/wp-content\/uploads\/2025\/10\/reunion-zocalo-01.jpg 372w, https:\/\/redsemlac.com\/semmexico\/wp-content\/uploads\/2025\/10\/reunion-zocalo-01-300x169.jpg 300w, https:\/\/redsemlac.com\/semmexico\/wp-content\/uploads\/2025\/10\/reunion-zocalo-01-150x84.jpg 150w\" sizes=\"auto, (max-width: 372px) 100vw, 372px\" \/><\/a><\/figure>\n\n\n\n<p class=\"wp-block-paragraph\">La concentraci\u00f3n de este domingo en el Z\u00f3calo es la m\u00e1s numerosa que ha tenido la presidenta. (Foto: Especial)<\/p>\n\n\n\n<p class=\"wp-block-paragraph\">El aniversario de la toma de posesi\u00f3n de la primera presidenta de M\u00e9xico llega con Claudia Sheinbaum en el cenit de su aprobaci\u00f3n y su discurso en el Z\u00f3calo demuestra la popularidad de sus acciones<\/p>\n\n\n\n<figure class=\"wp-block-image size-full\"><a href=\"https:\/\/redsemlac.com\/semmexico\/wp-content\/uploads\/2025\/10\/reunion-zocalo-02.jpg\"><img loading=\"lazy\" decoding=\"async\" width=\"100\" height=\"100\" src=\"https:\/\/redsemlac.com\/semmexico\/wp-content\/uploads\/2025\/10\/reunion-zocalo-02.jpg\" alt=\"\" class=\"wp-image-99258\"\/><\/a><\/figure>\n\n\n\n<p class=\"wp-block-paragraph\"><a href=\"https:\/\/www.reporteindigo.com\/autor\/pabloabundiz\"><\/a><\/p>\n\n\n\n<p class=\"wp-block-paragraph\">por&nbsp;<a href=\"https:\/\/www.reporteindigo.com\/autor\/pabloabundiz\"><strong>Pablo Abundiz<\/strong><\/a><\/p>\n\n\n\n<p class=\"wp-block-paragraph\">El primer cuadro de la&nbsp;<strong>Ciudad de M\u00e9xico<\/strong>&nbsp;despierta con gente ya en \u00e9l, la&nbsp;<strong>parsimonia dominical<\/strong>&nbsp;es sustituida por la llegada de<strong>&nbsp;miles de personas<\/strong>, cientos de contingentes que buscan sus lugares entre las sillas que brotan del concreto y miran a un templete que sustituye las barricadas de metal que usualmente revisten a Palacio Nacional; no este 5 de octubre, este domingo la<strong>&nbsp;Transformaci\u00f3n Avanza<\/strong>&nbsp;a un a\u00f1o de la toma de posesi\u00f3n de la primera presidenta de M\u00e9xico.<\/p>\n\n\n\n<p class=\"wp-block-paragraph\">La cita es a las 11 de la ma\u00f1ana. Faltan dos horas para que&nbsp;<a href=\"https:\/\/x.com\/Claudiashein\" target=\"_blank\" rel=\"noreferrer noopener\">Claudia Sheinbaum&nbsp;<\/a>salga de la residencia presidencial a encarar la plaza m\u00e1s representativa del pa\u00eds y las arterias que alimentan el concreto del Z\u00f3calo ya est\u00e1n taponadas.<\/p>\n\n\n\n<p class=\"wp-block-paragraph\">Los edificios del siglo pasado en 20 de Noviembre no ven sino una<strong>&nbsp;marea de gorras blancas y chalecos guinda<\/strong>, banderas de sindicatos, grupos agr\u00edcolas y nuevos corporativismos transitan desde el sur acompa\u00f1adas por inflables que manifiestan el apoyo de representantes de diferentes&nbsp;<strong>partidos aliados al oficialismo<\/strong>. Debajo de la superficie el metro transporta a convencidos que, sin pasar lista o portar gafete,<strong>&nbsp;emergen de las estaciones que flanquean la Plaza de la Constituci\u00f3n<\/strong>&nbsp;e inauguran nuevas calles peatonales con la confianza de quien se sabe en la compa\u00f1\u00eda de millones.<\/p>\n\n\n\n<figure class=\"wp-block-image size-full\"><a href=\"https:\/\/redsemlac.com\/semmexico\/wp-content\/uploads\/2025\/10\/reunion-zocalo-04.jpg\"><img loading=\"lazy\" decoding=\"async\" width=\"660\" height=\"440\" src=\"https:\/\/redsemlac.com\/semmexico\/wp-content\/uploads\/2025\/10\/reunion-zocalo-04.jpg\" alt=\"\" class=\"wp-image-99259\" srcset=\"https:\/\/redsemlac.com\/semmexico\/wp-content\/uploads\/2025\/10\/reunion-zocalo-04.jpg 660w, https:\/\/redsemlac.com\/semmexico\/wp-content\/uploads\/2025\/10\/reunion-zocalo-04-300x200.jpg 300w, https:\/\/redsemlac.com\/semmexico\/wp-content\/uploads\/2025\/10\/reunion-zocalo-04-150x100.jpg 150w\" sizes=\"auto, (max-width: 660px) 100vw, 660px\" \/><\/a><\/figure>\n\n\n\n<p class=\"wp-block-paragraph\">\u00a0La presidenta fue respaldada por miles de personas. (Foto: Pablo Abundiz)<\/p>\n\n\n\n<p class=\"wp-block-paragraph\">Frente a los portales que miran a&nbsp;<strong>Palacio Nacional<\/strong>&nbsp;los peluches de la presidenta comparten espacio con los de su antecesor;&nbsp;<strong>Andr\u00e9s Manuel L\u00f3pez Obrador<\/strong>&nbsp;llen\u00f3 la plaza por d\u00e9cadas y a\u00fan alejado de los reflectores de la pol\u00edtica su imagen permanece en el lugar que hizo suyo con cientos miles clamando su nombre.&nbsp;<\/p>\n\n\n\n<p class=\"wp-block-paragraph\">Karina Zapata tiene a\u00f1os vendiendo&nbsp;<strong>peluches, tazas, playeras<\/strong>&nbsp;y cuanto souvenir exista con la similitud del expresidente y ahora con el perfil de&nbsp;<strong>Claudia Sheinbaum<\/strong>, un perfil que seg\u00fan la vendedora sigue teniendo adeptos a pesar del desgaste que nota en el partido que encabeza.<\/p>\n\n\n\n<p class=\"wp-block-paragraph\">Con un&nbsp;<strong>Z\u00f3calo m\u00e1s intransitable cada segundo<\/strong>, m\u00fasicos de la Marina se disputan el aire con tamboras, trompetas y hasta tubas que sin la pompa del uniforme que amenizan desde sus rincones a los cientos de miles que llegaron o fueron tra\u00eddos. La maquinaria morenista disip\u00f3 casi todos los signos de disenso y quienes piden&nbsp;<strong>transparencia<\/strong>&nbsp;a sus miembros son los menos, quienes cuestionan los lujos de sus dirigentes no aparecieron y con la excepci\u00f3n de un par de&nbsp;<strong>consignas sobre Palestina y los desaparecidos&nbsp;<\/strong>poco hay que opaque la fiesta.<\/p>\n\n\n\n<figure class=\"wp-block-image size-full\"><a href=\"https:\/\/redsemlac.com\/semmexico\/wp-content\/uploads\/2025\/10\/reunion-zocalo-05.jpg\"><img loading=\"lazy\" decoding=\"async\" width=\"660\" height=\"440\" src=\"https:\/\/redsemlac.com\/semmexico\/wp-content\/uploads\/2025\/10\/reunion-zocalo-05.jpg\" alt=\"\" class=\"wp-image-99260\" srcset=\"https:\/\/redsemlac.com\/semmexico\/wp-content\/uploads\/2025\/10\/reunion-zocalo-05.jpg 660w, https:\/\/redsemlac.com\/semmexico\/wp-content\/uploads\/2025\/10\/reunion-zocalo-05-300x200.jpg 300w, https:\/\/redsemlac.com\/semmexico\/wp-content\/uploads\/2025\/10\/reunion-zocalo-05-150x100.jpg 150w\" sizes=\"auto, (max-width: 660px) 100vw, 660px\" \/><\/a><\/figure>\n\n\n\n<p class=\"wp-block-paragraph\">\u00a0Los souvenirs fueron parte del ambiente festivo que se vivi\u00f3 este domingo. (Foto: Pablo Abundiz)<\/p>\n\n\n\n<p class=\"wp-block-paragraph\">En punto de la hora&nbsp;<strong>secretarios de Estado, gobernadores&nbsp;<\/strong>y los miles que esperan bajo un sol t\u00edmido pero fustigante presencian a la jefa de gobierno de la capital abrir los micr\u00f3fonos para la mujer que manda en todo el pa\u00eds.<strong>&nbsp;Clara Brugada&nbsp;<\/strong>declara la ciudad como el coraz\u00f3n de la cuarta transformaci\u00f3n, agradece al expresidente su legado y declara a Claudia Sheinbaum la mejor presidenta del mundo; el espacio que deja tras el anuncio no es llenado por aplausos y la gobernante local no vuelve a dejar aire para el silencio.<\/p>\n\n\n\n<p class=\"wp-block-paragraph\">Bajo el balc\u00f3n central de Palacio Nacional,<strong>&nbsp;Claudia Sheinbaum<\/strong>&nbsp;toma el templete y comienza&nbsp;<strong>una hora de discurso&nbsp;<\/strong>con el recuerdo que sigue en la mente de todos. En el peso de Andr\u00e9s Manuel descansa la honestidad de su partido, en nombre de su herencia de honradez niega la fractura de su movimiento y bajo su sombra mantiene un mensaje que disipa dudas del camino a seguir.&nbsp;<\/p>\n\n\n\n<p class=\"wp-block-paragraph\"><strong>\u201cLos recursos p\u00fablicos son sagrados y se devuelven al pueblo en derechos\u201d<\/strong>, declara Sheinbaum ante aplausos que surgen cada que menciona un programa, nombra un estado o enumera uno a uno los logros de su a\u00f1o de gobierno. La<strong>\u00a0aprobaci\u00f3n de la presidenta\u00a0<\/strong>se hace evidente, no en el poco arrastre de las loas que arrojan en su nombre sino en la efusividad que hay tras el recuerdo de sus acciones; el rescate de las empresas del Estado, la inversi\u00f3n e Infraestructura, los cambios constitucionales, el impulso educativo y la reducci\u00f3n de la violencia son m\u00e1s celebradas que ella misma.<\/p>\n\n\n\n<figure class=\"wp-block-image size-full\"><a href=\"https:\/\/redsemlac.com\/semmexico\/wp-content\/uploads\/2025\/10\/reunion-zocalo-06.jpg\"><img loading=\"lazy\" decoding=\"async\" width=\"660\" height=\"440\" src=\"https:\/\/redsemlac.com\/semmexico\/wp-content\/uploads\/2025\/10\/reunion-zocalo-06.jpg\" alt=\"\" class=\"wp-image-99261\" srcset=\"https:\/\/redsemlac.com\/semmexico\/wp-content\/uploads\/2025\/10\/reunion-zocalo-06.jpg 660w, https:\/\/redsemlac.com\/semmexico\/wp-content\/uploads\/2025\/10\/reunion-zocalo-06-300x200.jpg 300w, https:\/\/redsemlac.com\/semmexico\/wp-content\/uploads\/2025\/10\/reunion-zocalo-06-150x100.jpg 150w\" sizes=\"auto, (max-width: 660px) 100vw, 660px\" \/><\/a><\/figure>\n\n\n\n<p class=\"wp-block-paragraph\">\u00a0Sheinbaum ofreci\u00f3 un discurso en el que habl\u00f3 de las libertades y derechos del pueblo mexicano. (Pablo Abundiz)<\/p>\n\n\n\n<p class=\"wp-block-paragraph\">Sheinbaum termina su discurso enalteciendo el<strong>&nbsp;modelo mexicano&nbsp;<\/strong>y arrojando por delante una<strong>&nbsp;defensa a la soberan\u00eda<\/strong>&nbsp;que resulta en el estruendo m\u00e1s grande del d\u00eda. La presidenta baja a saludar a la bandera y los asistentes comienzan a irse; pero la celebraci\u00f3n no termina.<\/p>\n\n\n\n<p class=\"wp-block-paragraph\">Mientras la gente se retira, Yamilet y Abril se preparan para regresar a Acapulco despu\u00e9s de su&nbsp;<strong>primera vez en la capital<\/strong>, a sus 19 a\u00f1os las dos bailarinas folkl\u00f3ricas piensan que ver a Sheinbaum en la presidencia demuestra a todos los que duden de la capacidad de las mujeres en el poder. Mientras que a ellas no les extra\u00f1a ver a una mujer en la primera magistratura, Triana, que viaj\u00f3 desde Canc\u00fan junto a sus dos hijos,&nbsp;<strong>nunca pens\u00f3 que una mujer llegara a la presidencia<\/strong>; ahora ella espera que Sheinbaum sea solo el inicio de algo m\u00e1s grande.<\/p>\n\n\n\n<p class=\"wp-block-paragraph\">La confianza de Triana se parece a la de Yolanda, educadora en retiro que pese a no beneficiarse de alg\u00fan programa para gente de su edad decidi\u00f3 acompa\u00f1ar a sus compa\u00f1eras de la Casa del Adulto Mayor. A sus 68 a\u00f1os Yolanda busca su cami\u00f3n de regreso y confiesa no haber visto un gran cambio en el a\u00f1o de gobierno de la presidenta; sin embargo<strong>, no lo hace como un reclamo o una desilusi\u00f3n<\/strong>&nbsp;sino con bajo el entendimiento que&nbsp;<strong>las transformaciones requieren tiempo<\/strong>&nbsp;y con la esperanza de que su hija vea a m\u00e1s mujeres llegar a Palacio Nacional.<\/p>\n\n\n\n<p class=\"wp-block-paragraph\"><\/p>\n","protected":false},"excerpt":{"rendered":"<p>(Foto: Cuartoscuro). 20 minutos de lectura Discurso completo de la presidenta Claudia Sheinbaum con motivo de su primer a\u00f1o de&nbsp;gobierno Versi\u00f3n estenogr\u00e1fica del discurso pronunciado por Sheinbaum durante el evento denominado La&nbsp;transformaci\u00f3n avanza, en el Z\u00f3calo de la Ciudad de M\u00e9xico. 05 de octubre, 2025 Por:&nbsp;Redacci\u00f3n Animal Pol\u00edtico Con motivo de su primer a\u00f1o de [&hellip;]<\/p>\n","protected":false},"author":3,"featured_media":99262,"comment_status":"open","ping_status":"open","sticky":false,"template":"","format":"standard","meta":{"_monsterinsights_skip_tracking":false,"footnotes":""},"categories":[903],"tags":[],"class_list":["post-99252","post","type-post","status-publish","format-standard","has-post-thumbnail","category-presidenta-y-mas"],"_links":{"self":[{"href":"https:\/\/redsemlac.com\/semmexico\/wp-json\/wp\/v2\/posts\/99252","targetHints":{"allow":["GET"]}}],"collection":[{"href":"https:\/\/redsemlac.com\/semmexico\/wp-json\/wp\/v2\/posts"}],"about":[{"href":"https:\/\/redsemlac.com\/semmexico\/wp-json\/wp\/v2\/types\/post"}],"author":[{"embeddable":true,"href":"https:\/\/redsemlac.com\/semmexico\/wp-json\/wp\/v2\/users\/3"}],"replies":[{"embeddable":true,"href":"https:\/\/redsemlac.com\/semmexico\/wp-json\/wp\/v2\/comments?post=99252"}],"version-history":[{"count":0,"href":"https:\/\/redsemlac.com\/semmexico\/wp-json\/wp\/v2\/posts\/99252\/revisions"}],"wp:featuredmedia":[{"embeddable":true,"href":"https:\/\/redsemlac.com\/semmexico\/wp-json\/wp\/v2\/media\/99262"}],"wp:attachment":[{"href":"https:\/\/redsemlac.com\/semmexico\/wp-json\/wp\/v2\/media?parent=99252"}],"wp:term":[{"taxonomy":"category","embeddable":true,"href":"https:\/\/redsemlac.com\/semmexico\/wp-json\/wp\/v2\/categories?post=99252"},{"taxonomy":"post_tag","embeddable":true,"href":"https:\/\/redsemlac.com\/semmexico\/wp-json\/wp\/v2\/tags?post=99252"}],"curies":[{"name":"wp","href":"https:\/\/api.w.org\/{rel}","templated":true}]}}