{"id":9925,"date":"2019-06-25T23:21:08","date_gmt":"2019-06-25T23:21:08","guid":{"rendered":"https:\/\/redsemlac.com\/semmexico\/?p=9925"},"modified":"2023-07-21T14:49:39","modified_gmt":"2023-07-21T19:49:39","slug":"seimujer","status":"publish","type":"post","link":"https:\/\/redsemlac.com\/semmexico\/seimujer\/","title":{"rendered":"Seimujer trabajar\u00e1 con IEM, por el pleno ejercicio de los derechos pol\u00edticos de las mujeres"},"content":{"rendered":"\n<ul class=\"wp-block-list\"><li><strong>Como  una acci\u00f3n del Observatorio de Participaci\u00f3n Pol\u00edtica de las Mujeres,      ambas instituciones y mujeres l\u00edderes de los partidos pol\u00edticos      representados en el Estado, acuerdan agenda de trabajo para lograr el      pleno ejercicio de los derechos pol\u00edticos de las mujeres.<\/strong><\/li><\/ul>\n\n\n\n<p class=\"wp-block-paragraph\">Redacci\u00f3n.<\/p>\n\n\n\n<p class=\"wp-block-paragraph\">SemM\u00e9xico. Morelia, Michoac\u00e1n,  25 de junio de 2019.- Con el objetivo de construir las bases para garantizar el pleno ejercicio de los derechos pol\u00edtico electorales de las mujeres en el Estado, la Secretar\u00eda de Igualdad Sustantiva y Desarrollo de las Mujeres (Seimujer) y el Instituto Electoral de Michoac\u00e1n (IEM), realizaron el conversatorio sobre el tema.<br> <br> Bajo el t\u00edtulo, \u201cParticipaci\u00f3n Pol\u00edtica de las Mujeres en Michoac\u00e1n\u201d, asistieron a la reuni\u00f3n, las l\u00edderes y representantes de las distintas fuerzas pol\u00edticas representadas en el Estado, las y los magistrados del Tribunal Electoral del Estado (TEEM), y la diputada local Lucila Mart\u00ednez Manr\u00edquez.<br> <br> La titular de la Seimujer, Nuria Gabriela Hern\u00e1ndez Abarca, afirm\u00f3 que la democracia es impensable sin la participaci\u00f3n pol\u00edtica de las mujeres; por ello, el Gobierno del Estado trabaja para garantizar sus derechos pol\u00edticos, as\u00ed como para erradicar la violencia hacia este sector y conformar una sociedad justa e incluyente.<br> <br> \u201cLa protecci\u00f3n de los derechos pol\u00edticos de las mujeres siempre estar\u00e1 vigente, y aunque se podr\u00eda decir que es un tema que s\u00f3lo se presenta en los procesos electorales, la violencia pol\u00edtica se puede presentar todos los d\u00edas en las diferentes esferas de poder\u201d, explic\u00f3.<br> <br> Hern\u00e1ndez Abarca, present\u00f3, junto a la consejera Electoral Irma Ram\u00edrez Cruz, los objetivos espec\u00edficos de la reuni\u00f3n, donde se acord\u00f3 en lo inmediato, trabajar con los distintos partidos pol\u00edticos, en acciones encaminadas a generar la plena participaci\u00f3n de las mujeres en todas las esferas del poder.\u00a0<br> <br> Por su parte, el consejero presidente del IEM, Ram\u00f3n Hern\u00e1ndez Reyes, asegur\u00f3 que son importantes estos encuentros, de cara a la reforma electoral que est\u00e1 pr\u00f3xima a iniciar su discusi\u00f3n, \u201clos derechos pol\u00edticos de las mujeres, siempre deben estar presentes en la agenda p\u00fablica, no solo de los partidos, sino en todos los aspectos del ejercicio p\u00fablico\u201d.<br> <br> Entre los acuerdos, de esta primera reuni\u00f3n destacan:<\/p>\n\n\n\n<ul class=\"wp-block-list\"><li>Realizar trabajo interno relativo a temas de la agenda mujer en los partidos      pol\u00edticos;<\/li><li>Realizar diagn\u00f3sticos municipales en el estado, con l\u00ednea de preguntas en torno a  la violencia pol\u00edtica en raz\u00f3n de g\u00e9nero;<\/li><li>Realizar modelo de atenci\u00f3n de violencia pol\u00edtica en raz\u00f3n de g\u00e9nero y presentar propuesta a las diputadas integrantes de la comisi\u00f3n de igualdad de      g\u00e9nero, antes de que concluya el periodo de sesiones;<\/li><\/ul>\n\n\n\n<p class=\"wp-block-paragraph\"> Generar una red de mujeres electas para dar apoyo y acompa\u00f1amiento a las mujeres que pueden encontrarse en alguna situaci\u00f3n de violencia pol\u00edtica en raz\u00f3n de g\u00e9nero en los municipios del estado. <\/p>\n\n\n\n<p class=\"wp-block-paragraph\">SEM\/IL<\/p>\n","protected":false},"excerpt":{"rendered":"<p>Como  una acci\u00f3n del Observatorio de Participaci\u00f3n Pol\u00edtica de las Mujeres, ambas instituciones y mujeres l\u00edderes de los partidos pol\u00edticos      representados en el Estado, acuerdan agenda de trabajo para lograr el  pleno ejercicio de los derechos pol\u00edticos de las mujeres.\ufeff<\/p>\n","protected":false},"author":3,"featured_media":9926,"comment_status":"open","ping_status":"open","sticky":false,"template":"","format":"standard","meta":{"_monsterinsights_skip_tracking":false,"footnotes":""},"categories":[690,51],"tags":[],"class_list":["post-9925","post","type-post","status-publish","format-standard","has-post-thumbnail","category-690","category-ejecutivo"],"_links":{"self":[{"href":"https:\/\/redsemlac.com\/semmexico\/wp-json\/wp\/v2\/posts\/9925","targetHints":{"allow":["GET"]}}],"collection":[{"href":"https:\/\/redsemlac.com\/semmexico\/wp-json\/wp\/v2\/posts"}],"about":[{"href":"https:\/\/redsemlac.com\/semmexico\/wp-json\/wp\/v2\/types\/post"}],"author":[{"embeddable":true,"href":"https:\/\/redsemlac.com\/semmexico\/wp-json\/wp\/v2\/users\/3"}],"replies":[{"embeddable":true,"href":"https:\/\/redsemlac.com\/semmexico\/wp-json\/wp\/v2\/comments?post=9925"}],"version-history":[{"count":0,"href":"https:\/\/redsemlac.com\/semmexico\/wp-json\/wp\/v2\/posts\/9925\/revisions"}],"wp:featuredmedia":[{"embeddable":true,"href":"https:\/\/redsemlac.com\/semmexico\/wp-json\/wp\/v2\/media\/9926"}],"wp:attachment":[{"href":"https:\/\/redsemlac.com\/semmexico\/wp-json\/wp\/v2\/media?parent=9925"}],"wp:term":[{"taxonomy":"category","embeddable":true,"href":"https:\/\/redsemlac.com\/semmexico\/wp-json\/wp\/v2\/categories?post=9925"},{"taxonomy":"post_tag","embeddable":true,"href":"https:\/\/redsemlac.com\/semmexico\/wp-json\/wp\/v2\/tags?post=9925"}],"curies":[{"name":"wp","href":"https:\/\/api.w.org\/{rel}","templated":true}]}}