{"id":99247,"date":"2025-10-06T21:04:32","date_gmt":"2025-10-07T03:04:32","guid":{"rendered":"https:\/\/redsemlac.com\/semmexico\/?p=99247"},"modified":"2025-10-06T21:05:34","modified_gmt":"2025-10-07T03:05:34","slug":"cuba-pensar-y-actuar-contra-la-violencia-desde-las-comunidades","status":"publish","type":"post","link":"https:\/\/redsemlac.com\/semmexico\/cuba-pensar-y-actuar-contra-la-violencia-desde-las-comunidades\/","title":{"rendered":"Cuba: Pensar y actuar contra la violencia desde las comunidades"},"content":{"rendered":"\n<p class=\"wp-block-paragraph\"><strong><em>Lisandra Fari\u00f1as<br><\/em><\/strong><strong><em>(<\/em><\/strong><em><a href=\"mailto:lisycolor5@gmail.com\" target=\"_blank\" rel=\"noreferrer noopener\">lisycolor5@gmail.com<\/a><\/em><strong><em>)<\/em><\/strong><\/p>\n\n\n\n<p class=\"wp-block-paragraph\">SemM\u00e9xico\/SEMlac, La Habana, 6 de octubre, 2025.- En los territorios existen fortalezas,&nbsp;experiencias y liderazgos que hoy deben articularse para enfrentar desaf\u00edos como la&nbsp;violencia de g\u00e9nero, el embarazo adolescente y otras problem\u00e1ticas sociales que&nbsp;atraviesan la vida de mujeres, familias y comunidades.<\/p>\n\n\n\n<p class=\"wp-block-paragraph\"><br>\u00abEn medio de tantas crisis y carencias, hemos logrado mucho en t\u00e9rminos normativos,&nbsp;pero de nada sirve si no se implementan como instrumentos efectivos para la salvaguarda&nbsp;de derechos\u00bb, reflexion\u00f3 Yohanka Le\u00f3n, investigadora de Galfisa. &nbsp;<\/p>\n\n\n\n<p class=\"wp-block-paragraph\"><br>Esas premisas guiaron el taller de validaci\u00f3n del Plan de Acciones Afirmativas de los&nbsp;Consejos Populares de Cayo Hueso y La Rampa, realizado el 3 de octubre en la capital&nbsp;cubana, con el acompa\u00f1amiento del Grupo Am\u00e9rica Latina, Filosof\u00eda Social y Axiolog\u00eda&nbsp;(Galfisa), del Instituto de Filosof\u00eda.<\/p>\n\n\n\n<p class=\"wp-block-paragraph\"><br>En Cuba, los consejos populares son la estructura m\u00e1s peque\u00f1a del ejercicio del gobierno&nbsp;(Poder Popular), y realizan sus funciones en subdivisiones de los municipios, con lo cual&nbsp;operan directamente en el \u00e1mbito comunitario.<\/p>\n\n\n\n<p class=\"wp-block-paragraph\"><br>Delegadas y delegados, representantes del gobierno local, organizaciones sociales y&nbsp;talleres de transformaci\u00f3n del barrio debatieron sobre c\u00f3mo estos planes pueden impulsar&nbsp;las estrategias de desarrollo local, fortalecer los comit\u00e9s de g\u00e9nero y replicarse en otros&nbsp;territorios.<\/p>\n\n\n\n<p class=\"wp-block-paragraph\"><br>Al taller tambi\u00e9n se sumaron representantes de las Casas de Orientaci\u00f3n de la Mujer y la&nbsp;Familia, creadas por la Federaci\u00f3n de Mujeres Cubanas (FMC) para orientar, apoyar y&nbsp;educar en temas como la educaci\u00f3n, la prevenci\u00f3n de la violencia, el cuidado de la salud,&nbsp;o brindar apoyo psicol\u00f3gico y jur\u00eddico.<\/p>\n\n\n\n<p class=\"wp-block-paragraph\"><br>En el encuentro se identificaron acciones afirmativas concretas, con indicadores de&nbsp;evaluaci\u00f3n, para integrarlas en las estrategias de desarrollo de los municipios Centro&nbsp;Habana y Plaza de la Revoluci\u00f3n.<\/p>\n\n\n\n<p class=\"wp-block-paragraph\"><br>El objetivo es alinear las acciones locales con el Programa para el Adelanto de las Mujeres&nbsp;(PAM) y la Estrategia Integral de Prevenci\u00f3n y Atenci\u00f3n a la Violencia de G\u00e9eroy en el&nbsp;Escenario Familiar, aprobadas en 2021, a\u00f1adi\u00f3 Le\u00f3n.<\/p>\n\n\n\n<p class=\"wp-block-paragraph\"><br><strong>Acciones desde la comunidad<\/strong><\/p>\n\n\n\n<p class=\"wp-block-paragraph\"><br>En opini\u00f3n de Yaima Elena Rodr\u00edguez Alomar, tambi\u00e9n integrante de Galfisa, el taller&nbsp;permiti\u00f3 \u00abconsolidar las experiencias locales en una propuesta de acciones afirmativas&nbsp;construidas desde la participaci\u00f3n y el di\u00e1logo con los propios territorios\u00bb.<\/p>\n\n\n\n<p class=\"wp-block-paragraph\"><br>\u00abEste es un momento de construcci\u00f3n colectiva para que los planes se parezcan a las&nbsp;necesidades reales de los municipios\u00bb, destac\u00f3.<\/p>\n\n\n\n<p class=\"wp-block-paragraph\"><br>Desde Plaza de la Revoluci\u00f3n, Odannia D\u00edaz Carrillo, parte del equipo de trabajo de su&nbsp;municipio en la iniciativa conjunta con Galfisa, insisti\u00f3 en la importancia de trabajar con la&nbsp;inteligencia colectiva y fortalecer el capital social.<\/p>\n\n\n\n<p class=\"wp-block-paragraph\"><br>\u00abHablamos de crear grupos de mujeres y redes de apoyo que eliminen las barreras para&nbsp;la participaci\u00f3n plena en la vida social y econ\u00f3mica. No hacemos nada si las pol\u00edticas no&nbsp;llegan a la mujer trabajadora, a la madre del barrio o a la joven que no conoce sus&nbsp;derechos\u00bb, afirm\u00f3 D\u00edaz Carrillo.<\/p>\n\n\n\n<p class=\"wp-block-paragraph\"><br>Yorlandy Garc\u00eda Perera, del gobierno de Centro Habana, record\u00f3 que las estrategias&nbsp;deben responder a las particularidades de cada contexto.<\/p>\n\n\n\n<p class=\"wp-block-paragraph\"><br>\u00abCentro Habana es el municipio m\u00e1s peque\u00f1o del pa\u00eds, pero est\u00e1 entre los m\u00e1s&nbsp;densamente poblados. No podemos aplicar soluciones homog\u00e9neas. Cada comunidad&nbsp;tiene su din\u00e1mica y desaf\u00edos\u00bb, se\u00f1al\u00f3 el funcionario.<\/p>\n\n\n\n<p class=\"wp-block-paragraph\"><br>Entre las prioridades mencion\u00f3 incorporar la Casa de Orientaci\u00f3n de la Mujer y la Familia&nbsp;a las estrategias locales, garantizar empleos para mujeres en situaciones complejas y&nbsp;constituir comit\u00e9s de g\u00e9nero en centros laborales y consejos populares.<br>\u00abEl enfoque de g\u00e9nero tiene que ser transversal: desde la comunidad hasta la asamblea<\/p>\n\n\n\n<p class=\"wp-block-paragraph\">municipal. Solo as\u00ed podremos transformar las realidades y erradicar desigualdades\u00bb,&nbsp;puntualiz\u00f3.<br>Esa mirada fue tambi\u00e9n defendida por Rodr\u00edguez Alomar, quien record\u00f3 que la prevenci\u00f3n&nbsp;\u00abno puede ser tarea de una comisi\u00f3n o programa aislado\u00bb.<\/p>\n\n\n\n<p class=\"wp-block-paragraph\"><br>\u00abEl enfoque debe ser integral, implicar a toda la estructura del gobierno local, a las&nbsp;organizaciones y a las comunidades. Solo si el tema atraviesa todos los espacios,&nbsp;lograremos cambios sostenibles\u00bb, sostuvo la investigadora de Galfisa.<\/p>\n\n\n\n<p class=\"wp-block-paragraph\"><br>La presidenta de la Asamblea Municipal del Poder Popular de Plaza de la Revoluci\u00f3n,&nbsp;Liliana Malena D\u00edaz, coincidi\u00f3 en que el \u00e9xito de estas acciones depende de su articulaci\u00f3n&nbsp;pr\u00e1ctica con las instituciones del territorio.<\/p>\n\n\n\n<p class=\"wp-block-paragraph\"><br>\u00abEn la Casa de Orientaci\u00f3n hemos logrado integrar atenci\u00f3n, consejer\u00eda y procesos&nbsp;formativos. Eso es transversalidad: convertir cada espacio en un punto de apoyo y&nbsp;transformaci\u00f3n\u00bb, explic\u00f3.<br>No obstante, reconoci\u00f3 desaf\u00edos importantes para sostener esos avances. \u00abA\u00fan falta una&nbsp;cultura institucional que entienda el enfoque de g\u00e9nero como parte de la gesti\u00f3n p\u00fablica y&nbsp;no como un tema a\u00f1adido\u00bb, advirti\u00f3.<\/p>\n\n\n\n<p class=\"wp-block-paragraph\"><br>La dirigente insisti\u00f3 en la necesidad de formar y sensibilizar a cuadros y delegados para&nbsp;integrar el PAM en los planes de trabajo locales.<\/p>\n\n\n\n<p class=\"wp-block-paragraph\"><br>\u00abNo basta con aprobar pol\u00edticas; hay que llevarlas al d\u00eda a d\u00eda del gobierno y de las&nbsp;comunidades. Si no se incorporan en la pr\u00e1ctica cotidiana, se quedan en la estratosfera\u00bb,&nbsp;subray\u00f3.<\/p>\n\n\n\n<p class=\"wp-block-paragraph\"><br><strong>Visibilizar otras formas de violencia<\/strong><\/p>\n\n\n\n<p class=\"wp-block-paragraph\"><br>Desde Centro Habana, la delegada del Consejo Popular de Cayo Hueso, Lourdes Mar\u00eda&nbsp;Ferrer Rodr\u00edguez, alert\u00f3 sobre la maternidad y el embarazo adolescente como una de las&nbsp;forma m\u00e1s preocupantes de violencia y vulnerabilidad social.<\/p>\n\n\n\n<p class=\"wp-block-paragraph\"><br>\u00abEstamos viendo ni\u00f1as de 12 y 13 a\u00f1os embarazadas, muchas veces empujadas por la&nbsp;precariedad o por din\u00e1micas familiares que las colocan en riesgo. Es una forma de&nbsp;violencia que debemos enfrentar con decisi\u00f3n\u00bb, expres\u00f3.<\/p>\n\n\n\n<p class=\"wp-block-paragraph\"><br>La representante llam\u00f3 a reforzar el trabajo con las familias y aumentar la educaci\u00f3n en&nbsp;sexualidad y derechos desde edades tempranas, integrando a escuelas, servicios de salud&nbsp;y redes comunitarias.<\/p>\n\n\n\n<p class=\"wp-block-paragraph\"><br>\u201c En contextos de crisis renacen desigualdades y violencias que cre\u00edamos superadas. Por eso el desaf\u00edo es mantener vivo el compromiso con la equidad y la justicia, desde la&nbsp;comunidad y con participaci\u00f3n popular\u00bb, insisti\u00f3 Yohanka Le\u00f3n.<\/p>\n\n\n\n<p class=\"wp-block-paragraph\"><br>Esa mirada comunitaria fue defendida tambi\u00e9n en la propuesta \u00abComunidades por la no&nbsp;violencia y el adelanto de las mujeres\u00bb, presentada por Wendy Rodr\u00edguez Men\u00e9ndez,&nbsp;comunicadora e integrante de Galfisa.<\/p>\n\n\n\n<p class=\"wp-block-paragraph\"><br>La iniciativa, m\u00e1s que ofrecer un modelo \u00fanico, invita a cada municipio a identificar y&nbsp;construir sus propios mecanismos comunitarios para fortalecer la prevenci\u00f3n y atenci\u00f3n a&nbsp;la violencia de g\u00e9nero.<br>Entre las l\u00edneas de trabajo sugeridas estuvo reconocer las rutas de apoyo institucional que&nbsp;garanticen atenci\u00f3n m\u00e9dica, psicol\u00f3gica y jur\u00eddica; crear canales de ayuda y orientaci\u00f3n&nbsp;inmediata; e identificar acompa\u00f1antes, l\u00edderes y promotoras comunitarias formadas en&nbsp;g\u00e9nero y derechos humanos.<\/p>\n\n\n\n<p class=\"wp-block-paragraph\"><br>\u00abSabemos lo dif\u00edcil que puede ser dar el paso para pedir ayuda. Por eso necesitamos&nbsp;instituciones confiables y redes de acompa\u00f1amiento que act\u00faen con sensibilidad, respeto&nbsp;y conocimiento\u00bb, enfatiz\u00f3 Rodr\u00edguez Men\u00e9ndez.<\/p>\n\n\n\n<p class=\"wp-block-paragraph\"><\/p>\n","protected":false},"excerpt":{"rendered":"<p>Lisandra Fari\u00f1as(lisycolor5@gmail.com) SemM\u00e9xico\/SEMlac, La Habana, 6 de octubre, 2025.- En los territorios existen fortalezas,&nbsp;experiencias y liderazgos que hoy deben articularse para enfrentar desaf\u00edos como la&nbsp;violencia de g\u00e9nero, el embarazo adolescente y otras problem\u00e1ticas sociales que&nbsp;atraviesan la vida de mujeres, familias y comunidades. \u00abEn medio de tantas crisis y carencias, hemos logrado mucho en t\u00e9rminos normativos,&nbsp;pero [&hellip;]<\/p>\n","protected":false},"author":3,"featured_media":99250,"comment_status":"open","ping_status":"open","sticky":false,"template":"","format":"standard","meta":{"_monsterinsights_skip_tracking":false,"footnotes":""},"categories":[53,48],"tags":[],"class_list":["post-99247","post","type-post","status-publish","format-standard","has-post-thumbnail","category-internacional","category-no-mas-impunidad-no-mas-impunidad"],"_links":{"self":[{"href":"https:\/\/redsemlac.com\/semmexico\/wp-json\/wp\/v2\/posts\/99247","targetHints":{"allow":["GET"]}}],"collection":[{"href":"https:\/\/redsemlac.com\/semmexico\/wp-json\/wp\/v2\/posts"}],"about":[{"href":"https:\/\/redsemlac.com\/semmexico\/wp-json\/wp\/v2\/types\/post"}],"author":[{"embeddable":true,"href":"https:\/\/redsemlac.com\/semmexico\/wp-json\/wp\/v2\/users\/3"}],"replies":[{"embeddable":true,"href":"https:\/\/redsemlac.com\/semmexico\/wp-json\/wp\/v2\/comments?post=99247"}],"version-history":[{"count":0,"href":"https:\/\/redsemlac.com\/semmexico\/wp-json\/wp\/v2\/posts\/99247\/revisions"}],"wp:featuredmedia":[{"embeddable":true,"href":"https:\/\/redsemlac.com\/semmexico\/wp-json\/wp\/v2\/media\/99250"}],"wp:attachment":[{"href":"https:\/\/redsemlac.com\/semmexico\/wp-json\/wp\/v2\/media?parent=99247"}],"wp:term":[{"taxonomy":"category","embeddable":true,"href":"https:\/\/redsemlac.com\/semmexico\/wp-json\/wp\/v2\/categories?post=99247"},{"taxonomy":"post_tag","embeddable":true,"href":"https:\/\/redsemlac.com\/semmexico\/wp-json\/wp\/v2\/tags?post=99247"}],"curies":[{"name":"wp","href":"https:\/\/api.w.org\/{rel}","templated":true}]}}