{"id":99244,"date":"2025-10-06T20:57:10","date_gmt":"2025-10-07T02:57:10","guid":{"rendered":"https:\/\/redsemlac.com\/semmexico\/?p=99244"},"modified":"2025-10-06T20:57:11","modified_gmt":"2025-10-07T02:57:11","slug":"cuba-documental-conecta-vidas-trans-en-una-misma-lucha-que-trasciende-fronteras","status":"publish","type":"post","link":"https:\/\/redsemlac.com\/semmexico\/cuba-documental-conecta-vidas-trans-en-una-misma-lucha-que-trasciende-fronteras\/","title":{"rendered":"Cuba: Documental conecta vidas trans en una misma lucha que trasciende fronteras"},"content":{"rendered":"\n<p class=\"wp-block-paragraph\"><em>Lisandra Fari\u00f1as<br><\/em><em>(<\/em><em><a href=\"mailto:lisycolor5@gmail.com\" target=\"_blank\" rel=\"noreferrer noopener\">lisycolor5@gmail.com<\/a><\/em><em>)<\/em><\/p>\n\n\n\n<p class=\"wp-block-paragraph\">SemM\u00e9xico\/SEMlac, &nbsp;La Habana, 6 de octubre, 2025.- Para una persona trans, viva en&nbsp;Honduras, Vietnam, Pa\u00edses Bajos o cualquier otra parte del mundo, los desaf\u00edos cotidianos&nbsp;son distintos, pero sus realidades est\u00e1n atravesadas por luchas que no conocen fronteras:&nbsp;el reconocimiento de su identidad y su dignidad humana.<\/p>\n\n\n\n<p class=\"wp-block-paragraph\"><br>As\u00ed lo evidencia el documental&nbsp;<em>M\/F\/X<\/em>, proyectado el 29 de septiembre en la sede de la&nbsp;Embajada del Reino de los Pa\u00edses Bajos en La Habana, como parte de Modo Naranja,&nbsp;una iniciativa que conecta a Pa\u00edses Bajos y Cuba mediante proyectos de colaboraci\u00f3n&nbsp;bilateral que incluyen actividades, talleres e intercambios dedicados a promover, entre&nbsp;otros temas, el respeto a los derechos humanos y a la diversidad.<\/p>\n\n\n\n<p class=\"wp-block-paragraph\"><br>La cinta, dirigida por Koen Suidgeest, sigue a Shantal, mujer trans en Honduras; Minh,&nbsp;hombre trans en Vietnam; y Roos, persona no binaria en Pa\u00edses Bajos, para mostrar que&nbsp;la discriminaci\u00f3n, la exclusi\u00f3n y la violencia atraviesan contextos sociales y econ\u00f3micos&nbsp;muy distintos.<\/p>\n\n\n\n<p class=\"wp-block-paragraph\"><br>Shantal recuerda las agresiones sufridas en la calle, las burlas y el&nbsp;<a href=\"https:\/\/www.redsemlac-cuba.net\/redsemlac\/violencia\/conversando-con-helen-una-vida-mas-alla-del-transfemicidio\" target=\"_blank\" rel=\"noreferrer noopener\">asesinato<\/a>&nbsp;de una amiga&nbsp;a plena luz del d\u00eda: \u00abA alguien que solo sirve de burla\u0085 no puedes optar por un trabajo&nbsp;digno ni por educaci\u00f3n\u00bb, reflexiona en la cinta esta mujer que, pese a todo, logr\u00f3&nbsp;convertirse en periodista y abrirse un espacio en los medios de comunicaci\u00f3n de su pa\u00eds.<\/p>\n\n\n\n<p class=\"wp-block-paragraph\"><br>Minh describe el miedo que ha sentido durante 25 a\u00f1os, la necesidad de comprar hormonas en el mercado negro y la falta de servicios m\u00e9dicos y psicol\u00f3gicos que\u00a0acompa\u00f1en a las personas trans en su proceso de transici\u00f3n.<\/p>\n\n\n\n<p class=\"wp-block-paragraph\"><br>Roos, que sue\u00f1a con ver una \u00abX\u00bb en su pasaporte en lugar de la M o la F que no&nbsp;representan su identidad, alerta que incluso en una sociedad considerada avanzada, la&nbsp;tasa de violencia entre personas trans es de dos a siete veces mayor que la media y habla,&nbsp;incluso, de esos \u00abprivilegios\u00bb que pueden determinar cu\u00e1nta m\u00e1s violencia puedes sufrir:&nbsp;\u00abno es lo mismo ser una persona trans blanca que una persona trans negra\u00bb, sostiene.<\/p>\n\n\n\n<p class=\"wp-block-paragraph\"><br>Pese a la crudeza de los testimonios,&nbsp;<em>M\/F\/X<\/em>&nbsp;tambi\u00e9n deja espacio para la esperanza. La&nbsp;fortaleza de Shantal; la determinaci\u00f3n de Minh, que encontr\u00f3 una comunidad de apoyo&nbsp;para continuar su transici\u00f3n; y los sue\u00f1os de Roos son recordatorios de que la resistencia&nbsp;y la b\u00fasqueda de felicidad pueden abrir caminos incluso en entornos adversos.<\/p>\n\n\n\n<p class=\"wp-block-paragraph\"><br>Antes de la proyecci\u00f3n, el embajador de Pa\u00edses Bajos en Cuba, Matthijs Wolters, record\u00f3&nbsp;que su pa\u00eds fue el primero en legalizar el matrimonio igualitario y subray\u00f3 que los derechos&nbsp;humanos, incluida la diversidad de g\u00e9nero, \u00abrequieren di\u00e1logo permanente, porque a\u00fan&nbsp;estamos lejos de un mundo libre de discriminaci\u00f3n\u00bb.<\/p>\n\n\n\n<p class=\"wp-block-paragraph\"><br>El documental, dijo, \u00abmuestra tres sociedades distintas y nos invita a conversar sobre&nbsp;marcos jur\u00eddicos, aceptaci\u00f3n familiar y comunitaria, y los caminos que quedan por&nbsp;recorrer\u00bb.<\/p>\n\n\n\n<p class=\"wp-block-paragraph\"><br><strong>Identidades y derechos: un di\u00e1logo necesario<\/strong><\/p>\n\n\n\n<p class=\"wp-block-paragraph\"><br>Tras el documental, el p\u00fablico asistente particip\u00f3 en un intercambio amplio y diverso&nbsp;moderado por Ana Mirabal Patterson, del Centro F\u00e9lix Varela. La activista abri\u00f3 el di\u00e1logo&nbsp;recordando que \u00ablos derechos humanos son inalienables, pero detr\u00e1s de cada violaci\u00f3n&nbsp;hay relaciones de poder que deciden qui\u00e9n tiene o no derecho a la salud, a la educaci\u00f3n,&nbsp;a expresarse\u00bb.<\/p>\n\n\n\n<p class=\"wp-block-paragraph\"><br>El m\u00e9dico y activista Alberto Roque celebr\u00f3 los avances de Cuba en materia legislativa -la&nbsp;Constituci\u00f3n, el C\u00f3digo de las Familias y el Programa Nacional para el Adelanto de las&nbsp;Mujeres-, pero alert\u00f3 sobre las distancias entre la ley y su aplicaci\u00f3n e implementaci\u00f3n:&nbsp;\u00abEn salud y educaci\u00f3n todav\u00eda persisten miradas binarias y resistencias institucionales;&nbsp;tenemos un guion muy avanzado, pero la puesta en escena no siempre se corresponde\u00bb.<\/p>\n\n\n\n<p class=\"wp-block-paragraph\"><br>Alert\u00f3 que \u00abnada de lo que se ha logrado en Cuba, ni en ning\u00fan otro pa\u00eds, es garant\u00eda,&nbsp;pues ning\u00fan derecho en el mundo est\u00e1 garantizado de por vida\u00bb y puso como ejemplo que,&nbsp;incluso, en un pa\u00eds con avances notables en materia de derechos humanos como Holanda,&nbsp;no hay certezas absolutas frente a los retrocesos globales en derechos LGBTIQ+,&nbsp;enfatiz\u00f3.<br><\/p>\n\n\n\n<p class=\"wp-block-paragraph\">\u00abTenemos que escuchar cu\u00e1les son las verdaderas vivencias de las personas trans para&nbsp;poder proponer pol\u00edticas y ser aliados verdaderamente \u00fatiles\u00bb, apunt\u00f3 Roque.<br>Para Larian Arias, activista por los derechos&nbsp;<em>queer<\/em>, las pol\u00edticas deben ir acompa\u00f1adas de&nbsp;un cambio cultural que permita vivir la identidad con plenitud. \u00abEn cualquier pa\u00eds siempre&nbsp;hay algo que limita tu felicidad, si eres una persona&nbsp;<em>queer<\/em>\u00ab, afirm\u00f3. Lament\u00f3 que, aunque&nbsp;Cuba cuenta con varias leyes que amparan derechos para las personas trans, muchas&nbsp;son \u00abletra muerta\u00bb.<\/p>\n\n\n\n<p class=\"wp-block-paragraph\"><br>\u00abTodav\u00eda hoy en 2025, tres a\u00f1os despu\u00e9s de aprobada la instrucci\u00f3n que permite el cambio&nbsp;de nombre, uno va al registro civil y te dicen que ah\u00ed no hacen ese procedimiento\u00bb, expuso&nbsp;el activista.<\/p>\n\n\n\n<p class=\"wp-block-paragraph\"><br>Arias inst\u00f3 a pensar la lucha desde lo colectivo. \u00abNo puede haber nichos de libertad, la&nbsp;libertad tiene que ser para todas las personas\u00bb, dijo y llam\u00f3 a no concentrarse solo en el&nbsp;dolor.<\/p>\n\n\n\n<p class=\"wp-block-paragraph\"><br>\u00abHablemos tambi\u00e9n de la alegr\u00eda de ser quienes somos, porque nuestra existencia no es&nbsp;solo sufrimiento\u00bb, apunt\u00f3.<\/p>\n\n\n\n<p class=\"wp-block-paragraph\"><br>Miguel Abreu, director de Ludi Teatro y del Ateneo de La Habana, afirm\u00f3 que desde los&nbsp;espacios culturales a\u00fan se debe trabajar en el respeto a la diversidad y la aceptaci\u00f3n de&nbsp;todas las personas en igualdad de condiciones.<\/p>\n\n\n\n<p class=\"wp-block-paragraph\"><br>El activista trans Merle Ram\u00edrez destac\u00f3 que los avances legales no siempre se reflejan&nbsp;en la realidad de las comunidades, especialmente fuera de La Habana. Puso el acento en&nbsp;la situaci\u00f3n de las personas trans en zonas rurales y barrios marginados, donde la falta de&nbsp;privilegios agrava su vulnerabilidad.<\/p>\n\n\n\n<p class=\"wp-block-paragraph\"><br>Subray\u00f3 que las personas trans negras son las m\u00e1s expuestas a la violencia y el&nbsp;abandono, y afirm\u00f3 que el verdadero cambio debe gestarse desde lo comunitario, con&nbsp;programas y talleres que lleguen directamente a quienes m\u00e1s lo necesitan.<br>El escritor Julio Cesar Gonz\u00e1lez Pag\u00e9s comparti\u00f3 hallazgos de la investigaci\u00f3n que lo llev\u00f3&nbsp;a su libro&nbsp;<em>Ping\u00fceros en La Habana<\/em>, y se\u00f1al\u00f3 que en Cuba las personas trans viven en un&nbsp;\u00abambiente de violencia, microviolencia\u0085 ejercida por hombres, clientes y hasta la misma&nbsp;polic\u00eda, incluso en espacios p\u00fablicos c\u00e9ntricos; aunque su realidad permanece&nbsp;mayormente invisible para la sociedad\u00bb.<\/p>\n\n\n\n<p class=\"wp-block-paragraph\"><br>Reclam\u00f3 mayor presencia de personas trans en los medios de comunicaci\u00f3n y critic\u00f3 que&nbsp;a menudo son representadas por especialistas o directivos, lo que silencia sus propias&nbsp;voces. \u00ab\u00bfQu\u00e9 podemos hacer para revertir esto?\u00bb, cuestion\u00f3 e hizo un llamado a visibilizar&nbsp;una comunidad que sigue siendo tratada como \u00abminor\u00eda desechable\u00bb en muchos espacios.<\/p>\n\n\n\n<p class=\"wp-block-paragraph\"><br>Para el realizador Yasmani Castro Caballero, es crucial mirar hacia las realidades rurales,\u00a0un llamado que comparti\u00f3 Mirabal e insisti\u00f3 en la urgencia de acompa\u00f1ar a las infancias con identidades diversas. Esa protecci\u00f3n, coincidieron, debe extenderse espec\u00edficamente\u00a0a los entornos no urbanos, donde la vulnerabilidad y la invisibilidad de las personas trans\u00a0suelen ser mayores.<\/p>\n\n\n\n<p class=\"wp-block-paragraph\"><br>El intercambio cerr\u00f3 con un consenso:&nbsp;<em>M\/F\/X<\/em>&nbsp;no solo narra las luchas de Shantal, Minh y&nbsp;Roos, sino que interpela cada contexto para que los derechos de las personas trans sean&nbsp;una realidad palpable.<\/p>\n\n\n\n<p class=\"wp-block-paragraph\"><br>\u00abEl reto -resumi\u00f3 Mirabal- es que las leyes, las pol\u00edticas y los discursos se conviertan en&nbsp;pr\u00e1cticas de respeto cotidiano. De lo contrario, seguiremos hablando de derechos en&nbsp;abstracto, mientras la vida de las personas sigue en riesgo\u00bb.<\/p>\n","protected":false},"excerpt":{"rendered":"<p>Lisandra Fari\u00f1as(lisycolor5@gmail.com) SemM\u00e9xico\/SEMlac, &nbsp;La Habana, 6 de octubre, 2025.- Para una persona trans, viva en&nbsp;Honduras, Vietnam, Pa\u00edses Bajos o cualquier otra parte del mundo, los desaf\u00edos cotidianos&nbsp;son distintos, pero sus realidades est\u00e1n atravesadas por luchas que no conocen fronteras:&nbsp;el reconocimiento de su identidad y su dignidad humana. As\u00ed lo evidencia el documental&nbsp;M\/F\/X, proyectado el 29 [&hellip;]<\/p>\n","protected":false},"author":3,"featured_media":99246,"comment_status":"open","ping_status":"open","sticky":false,"template":"","format":"standard","meta":{"_monsterinsights_skip_tracking":false,"footnotes":""},"categories":[748],"tags":[],"class_list":["post-99244","post","type-post","status-publish","format-standard","has-post-thumbnail","category-cultura-feminista"],"_links":{"self":[{"href":"https:\/\/redsemlac.com\/semmexico\/wp-json\/wp\/v2\/posts\/99244","targetHints":{"allow":["GET"]}}],"collection":[{"href":"https:\/\/redsemlac.com\/semmexico\/wp-json\/wp\/v2\/posts"}],"about":[{"href":"https:\/\/redsemlac.com\/semmexico\/wp-json\/wp\/v2\/types\/post"}],"author":[{"embeddable":true,"href":"https:\/\/redsemlac.com\/semmexico\/wp-json\/wp\/v2\/users\/3"}],"replies":[{"embeddable":true,"href":"https:\/\/redsemlac.com\/semmexico\/wp-json\/wp\/v2\/comments?post=99244"}],"version-history":[{"count":0,"href":"https:\/\/redsemlac.com\/semmexico\/wp-json\/wp\/v2\/posts\/99244\/revisions"}],"wp:featuredmedia":[{"embeddable":true,"href":"https:\/\/redsemlac.com\/semmexico\/wp-json\/wp\/v2\/media\/99246"}],"wp:attachment":[{"href":"https:\/\/redsemlac.com\/semmexico\/wp-json\/wp\/v2\/media?parent=99244"}],"wp:term":[{"taxonomy":"category","embeddable":true,"href":"https:\/\/redsemlac.com\/semmexico\/wp-json\/wp\/v2\/categories?post=99244"},{"taxonomy":"post_tag","embeddable":true,"href":"https:\/\/redsemlac.com\/semmexico\/wp-json\/wp\/v2\/tags?post=99244"}],"curies":[{"name":"wp","href":"https:\/\/api.w.org\/{rel}","templated":true}]}}