{"id":99240,"date":"2025-10-06T20:49:42","date_gmt":"2025-10-07T02:49:42","guid":{"rendered":"https:\/\/redsemlac.com\/semmexico\/?p=99240"},"modified":"2025-10-06T20:49:43","modified_gmt":"2025-10-07T02:49:43","slug":"cuba-desigualdad-de-poder-un-riesgo-de-violencia-en-madres-adolescentes","status":"publish","type":"post","link":"https:\/\/redsemlac.com\/semmexico\/cuba-desigualdad-de-poder-un-riesgo-de-violencia-en-madres-adolescentes\/","title":{"rendered":"Cuba: Desigualdad de poder, un riesgo de violencia en madres adolescentes"},"content":{"rendered":"\n<p class=\"wp-block-paragraph\"><br><em>Dixie Edith<\/em><\/p>\n\n\n\n<p class=\"wp-block-paragraph\">SemM\u00e9xico\/SEMlac, La Habana, 6 de octubre 2025.- El embarazo adolescente y la&nbsp;violencia de g\u00e9nero en Cuba son dos problemas sociales que, lejos de ser fen\u00f3menos&nbsp;aislados, comparten una relaci\u00f3n causal donde la desigualdad de poder en las relaciones&nbsp;de pareja puede ser un detonante silencioso de la maternidad temprana.<\/p>\n\n\n\n<p class=\"wp-block-paragraph\"><br>En opini\u00f3n de la psic\u00f3loga y dem\u00f3grafa Matilde de la Caridad Molina Cintra, subdirectora&nbsp;del Centro de Estudios Demogr\u00e1ficos (Cedem) de la Universidad de La Habana, \u00abaunque&nbsp;el embarazo adolescente no es causa directa de la violencia, s\u00ed lo son las condiciones en&nbsp;las que se produce y &nbsp;los &nbsp;factores familiares asociados a \u00e9l, como por ejemplo la estructura&nbsp;familiar, las crisis familiares y el manejo educativo, marcados por un paradigma de hogar&nbsp;patriarcal\u00bb.<\/p>\n\n\n\n<p class=\"wp-block-paragraph\"><br><strong>\u00bfC\u00f3mo se relacionan la violencia de g\u00e9nero y los embarazos en edades tempranas?<\/strong><\/p>\n\n\n\n<p class=\"wp-block-paragraph\"><br>El embarazo en la adolescencia puede generar grandes brechas sociales y alterar el curso&nbsp;del desarrollo psicosocial en esta etapa, lo que a su vez deriva en violencia psicol\u00f3gica y&nbsp;vulneraci\u00f3n de los derechos sexuales y reproductivos, sobre todo de las adolescentes.<br><\/p>\n\n\n\n<p class=\"wp-block-paragraph\">Muchas de las j\u00f3venes que protagonizan embarazos tempranos inician sus relaciones con&nbsp;hombres mayores que ellas y reproducen estereotipos de g\u00e9nero que colocan a la figura&nbsp;masculina en una posici\u00f3n de poder.<\/p>\n\n\n\n<p class=\"wp-block-paragraph\">Son hombres generalmente con mayor nivel de escolaridad y empleados, mientras que&nbsp;las adolescentes permanecen en una situaci\u00f3n de dependencia econ\u00f3mica y dedicadas a&nbsp;labores de cuidado. Esta din\u00e1mica limita sus posibilidades de expresar opiniones,&nbsp;preferencias o juicios frente a eventos reproductivos, como el uso de m\u00e9todos<\/p>\n\n\n\n<hr class=\"wp-block-separator has-alpha-channel-opacity\"\/>\n\n\n\n<p class=\"wp-block-paragraph\">2 \/ 3<\/p>\n\n\n\n<p class=\"wp-block-paragraph\">anticonceptivos o la interrupci\u00f3n del embarazo, y reduce su capacidad de negociaci\u00f3n.<br><\/p>\n\n\n\n<p class=\"wp-block-paragraph\">Aunque la mayor\u00eda de las y los adolescentes cubanos afirma que su primera relaci\u00f3n&nbsp;sexual ocurri\u00f3 por deseo propio, cuando existe disparidad de edad aumenta la&nbsp;vulnerabilidad de las j\u00f3venes, quienes con frecuencia responden a estereotipos, chantajes&nbsp;emocionales y presiones diversas.<\/p>\n\n\n\n<p class=\"wp-block-paragraph\"><br><strong>\u00bfCu\u00e1les son las causas m\u00e1s frecuentes?<\/strong><\/p>\n\n\n\n<p class=\"wp-block-paragraph\">Entre las madres adolescentes cubanas predominan mujeres con bajos niveles&nbsp;educativos, aunque se observa una ligera tendencia al incremento de estos. La&nbsp;desinformaci\u00f3n, la baja autoestima y la falta de aspiraciones futuras aparecen entre los&nbsp;factores m\u00e1s recurrentes. A esto se suma la incapacidad de negociar &nbsp; &nbsp; &nbsp; &nbsp; &nbsp; el uso del&nbsp;cond\u00f3n u otros anticonceptivos por temor a la reacci\u00f3n de la pareja, as\u00ed como la ausencia&nbsp;de di\u00e1logo sobre el inicio de las relaciones sexuales.<\/p>\n\n\n\n<p class=\"wp-block-paragraph\">Estas j\u00f3venes suelen sostener juicios y valores estereotipados, junto a creencias err\u00f3neas&nbsp;acerca de los m\u00e9todos anticonceptivos y el aborto, todo ello reforzado por una cultura&nbsp;machista que prioriza el deseo del hombre.<\/p>\n\n\n\n<p class=\"wp-block-paragraph\">Las asimetr\u00edas de poder dentro de la pareja conducen a la subordinaci\u00f3n de la mujer y a&nbsp;escasas habilidades sociales para la toma de decisiones reproductivas. Por ejemplo, las&nbsp;razones para no usar cond\u00f3n reflejan, frecuentemente, que ellas acatan el criterio&nbsp;masculino, con lo cual reproducen patrones tradicionales de dominaci\u00f3n.<br><\/p>\n\n\n\n<p class=\"wp-block-paragraph\">La diferenciaci\u00f3n sexual del trabajo tambi\u00e9n influye: se asigna a la mujer las labores&nbsp;dom\u00e9sticas y de cuidado; y al hombre, el papel de proveedor fuera del hogar, lo que&nbsp;potencia la violencia dom\u00e9stica. La sobrecarga de tareas familiares sin apoyo limita el&nbsp;desarrollo personal y laboral de las mujeres y se asocia con situaciones de pobreza.<br><\/p>\n\n\n\n<p class=\"wp-block-paragraph\">Asimismo, las valoraciones y creencias en torno a la salud sexual y reproductiva est\u00e1n&nbsp;marcadas por desigualdades de g\u00e9nero y resultan clave para entender la fecundidad&nbsp;adolescente.<br><strong><\/strong><\/p>\n\n\n\n<p class=\"wp-block-paragraph\"><strong>\u00bfC\u00f3mo modificar esos comportamientos y prevenir las violencias? \u00bfQu\u00e9 elementos&nbsp;<\/strong><strong>no podr\u00edan faltar en las acciones o pol\u00edticas para su atenci\u00f3n?<\/strong><br><\/p>\n\n\n\n<p class=\"wp-block-paragraph\">Es fundamental la educaci\u00f3n sexual, orientada a fomentar la autosuficiencia y la&nbsp;autoestima en las j\u00f3venes, as\u00ed como a apoyarlas para tomar decisiones independientes y&nbsp;manejar las presiones grupales y de sus primeras parejas. Es necesario hablar con<\/p>\n\n\n\n<p class=\"wp-block-paragraph\">claridad sobre sexualidad y sus riesgos, incluido el embarazo adolescente, y promover un&nbsp;papel m\u00e1s activo de las familias.<\/p>\n\n\n\n<p class=\"wp-block-paragraph\">Desde las ciencias sociales se requiere una mirada no solo descriptiva, sino tambi\u00e9n&nbsp;transformadora, que incorpore la perspectiva de derechos sexuales, salud reproductiva y&nbsp;g\u00e9nero en la capacitaci\u00f3n de profesionales de la salud, la educaci\u00f3n, la cultura y los&nbsp;medios de comunicaci\u00f3n. Resulta imprescindible mejorar la calidad de los servicios y&nbsp;programas de consejer\u00eda para garantizar que adolescentes de todos los g\u00e9neros reciban&nbsp;informaci\u00f3n veraz y apoyo.<\/p>\n\n\n\n<p class=\"wp-block-paragraph\">Esta atenci\u00f3n debe ser integral y multidisciplinaria; debe abordar problemas sociales&nbsp;vinculados, como la propia violencia, pero tambi\u00e9n las infecciones de transmisi\u00f3n sexual,&nbsp;el suicidio y las adicciones. Para cerrar las brechas existentes, es crucial una educaci\u00f3n&nbsp;integral de la sexualidad que supere el mero suministro de informaci\u00f3n. Si lo que se&nbsp;aprende no genera reflexi\u00f3n, no se convierte en conocimiento; y si este no se moviliza, no&nbsp;se interioriza.<\/p>\n\n\n\n<p class=\"wp-block-paragraph\">Los modelos de ense\u00f1anza deben conectar con las emociones y motivaciones de la&nbsp;poblaci\u00f3n adolescente y joven. Sin una educaci\u00f3n de calidad, basada en evidencia&nbsp;cient\u00edfica, no se desarrolla el pensamiento te\u00f3rico en la adolescencia, lo que limita las&nbsp;oportunidades para la reflexi\u00f3n y la resoluci\u00f3n de conflictos.<br><\/p>\n\n\n\n<p class=\"wp-block-paragraph\">Solo as\u00ed se podr\u00e1 favorecer el empoderamiento y la asertividad que se necesita para que&nbsp;estas j\u00f3venes puedan decidir con autonom\u00eda frente a las distintas situaciones que&nbsp;enfrentan en sus vidas.<\/p>\n","protected":false},"excerpt":{"rendered":"<p>Dixie Edith SemM\u00e9xico\/SEMlac, La Habana, 6 de octubre 2025.- El embarazo adolescente y la&nbsp;violencia de g\u00e9nero en Cuba son dos problemas sociales que, lejos de ser fen\u00f3menos&nbsp;aislados, comparten una relaci\u00f3n causal donde la desigualdad de poder en las relaciones&nbsp;de pareja puede ser un detonante silencioso de la maternidad temprana. En opini\u00f3n de la psic\u00f3loga y [&hellip;]<\/p>\n","protected":false},"author":3,"featured_media":99242,"comment_status":"open","ping_status":"open","sticky":false,"template":"","format":"standard","meta":{"_monsterinsights_skip_tracking":false,"footnotes":""},"categories":[53],"tags":[],"class_list":["post-99240","post","type-post","status-publish","format-standard","has-post-thumbnail","category-internacional"],"_links":{"self":[{"href":"https:\/\/redsemlac.com\/semmexico\/wp-json\/wp\/v2\/posts\/99240","targetHints":{"allow":["GET"]}}],"collection":[{"href":"https:\/\/redsemlac.com\/semmexico\/wp-json\/wp\/v2\/posts"}],"about":[{"href":"https:\/\/redsemlac.com\/semmexico\/wp-json\/wp\/v2\/types\/post"}],"author":[{"embeddable":true,"href":"https:\/\/redsemlac.com\/semmexico\/wp-json\/wp\/v2\/users\/3"}],"replies":[{"embeddable":true,"href":"https:\/\/redsemlac.com\/semmexico\/wp-json\/wp\/v2\/comments?post=99240"}],"version-history":[{"count":0,"href":"https:\/\/redsemlac.com\/semmexico\/wp-json\/wp\/v2\/posts\/99240\/revisions"}],"wp:featuredmedia":[{"embeddable":true,"href":"https:\/\/redsemlac.com\/semmexico\/wp-json\/wp\/v2\/media\/99242"}],"wp:attachment":[{"href":"https:\/\/redsemlac.com\/semmexico\/wp-json\/wp\/v2\/media?parent=99240"}],"wp:term":[{"taxonomy":"category","embeddable":true,"href":"https:\/\/redsemlac.com\/semmexico\/wp-json\/wp\/v2\/categories?post=99240"},{"taxonomy":"post_tag","embeddable":true,"href":"https:\/\/redsemlac.com\/semmexico\/wp-json\/wp\/v2\/tags?post=99240"}],"curies":[{"name":"wp","href":"https:\/\/api.w.org\/{rel}","templated":true}]}}