{"id":99236,"date":"2025-10-06T19:32:28","date_gmt":"2025-10-07T01:32:28","guid":{"rendered":"https:\/\/redsemlac.com\/semmexico\/?p=99236"},"modified":"2025-10-06T19:32:29","modified_gmt":"2025-10-07T01:32:29","slug":"asociacion-civil-creadoras-de-futuro-celebra-su-primer-aniversario-en-el-senado-de-la-republica","status":"publish","type":"post","link":"https:\/\/redsemlac.com\/semmexico\/asociacion-civil-creadoras-de-futuro-celebra-su-primer-aniversario-en-el-senado-de-la-republica\/","title":{"rendered":"Asociaci\u00f3n civil Creadoras de Futuro celebra su primer aniversario en el Senado de la Rep\u00fablica"},"content":{"rendered":"\n<p class=\"wp-block-paragraph\">\u00b7&nbsp;&nbsp;&nbsp;&nbsp;&nbsp;&nbsp;&nbsp;<em>&nbsp;\u201cLas mujeres tenemos una capacidad creadora; tenemos que impulsar los cambios\u201d, subraya Carolina Viggiano<\/em><\/p>\n\n\n\n<p class=\"wp-block-paragraph\">&nbsp;Redacci\u00f3n<\/p>\n\n\n\n<p class=\"wp-block-paragraph\">SemM\u00e9xico,&nbsp; Cd. de M\u00e9xico, 6&nbsp; de octubre, 2025.-El Senado de la Rep\u00fablica abri\u00f3 un espacio para la celebraci\u00f3n del primer aniversario de Creadoras de Futuro, asociaci\u00f3n civil integrada por 50 mujeres y con presencia en cuatro pa\u00edses que impulsa el desarrollo sostenible a trav\u00e9s de consultor\u00edas, programas y proyectos internacionales, creaci\u00f3n de pol\u00edticas p\u00fablicas, campa\u00f1as de arte y gesti\u00f3n de proyectos sociales.<\/p>\n\n\n\n<p class=\"wp-block-paragraph\">La senadora del PRI y anfitriona del evento, Carolina Viggiano Austria, destac\u00f3 que esta organizaci\u00f3n se distingue por contar con mujeres j\u00f3venes que tejen redes, construyen, se unen y buscan hacer m\u00e1s y mejores cosas en bien de la sociedad.&nbsp;&nbsp;&nbsp;<\/p>\n\n\n\n<p class=\"wp-block-paragraph\">\u201cLas mujeres tenemos una capacidad creadora, yo dir\u00eda natural, inherente a nuestra propia naturaleza, y tambi\u00e9n estoy convencida que somos las mujeres las que tenemos que impulsar los cambios que durante mucho tiempo han estado en manos de los hombres\u201d, sostuvo la legisladora.<\/p>\n\n\n\n<p class=\"wp-block-paragraph\">Propuso a las integrantes de la organizaci\u00f3n y a las m\u00e1s de 100 invitadas compartir con los legisladores los conocimientos y experiencia adquiridos en su primer a\u00f1o de existencia, para ayudarles a reflexionar sobre qu\u00e9 est\u00e1 m\u00e1s con las leyes o qu\u00e9 es necesario reformar para construir una democracia m\u00e1s fuerte.<\/p>\n\n\n\n<p class=\"wp-block-paragraph\">\u201cTenemos mucha tarea. Agradezco a los j\u00f3venes que tomen lo suyo y que lo exijan; de verdad los necesitamos m\u00e1s que nunca\u201d, enfatiz\u00f3 Viggiano Austria, y subray\u00f3 su respaldo a esta y otras asociaciones civiles por sus acciones y las causas que persiguen.<\/p>\n\n\n\n<p class=\"wp-block-paragraph\">Mar\u00eda Fernanda C\u00e1mara Morales, fundadora de Creadoras de Futuro, refiri\u00f3 que la organizaci\u00f3n tiene presencia en M\u00e9xico, Colombia, Per\u00fa y Ecuador, y en 365 d\u00edas de trabajo han impulsado m\u00e1s de 52 proyectos, de incidencia territorial, pol\u00edtica, legislativa y empresarial.&nbsp;<\/p>\n\n\n\n<p class=\"wp-block-paragraph\">Detall\u00f3 que el 4 de septiembre de 2024, se inaugur\u00f3 la asociaci\u00f3n civil en la C\u00e1mara de Diputados con la incertidumbre de que pudiera recibir apoyos econ\u00f3micos o lograr que se unieran m\u00e1s personas al proyecto.<\/p>\n\n\n\n<p class=\"wp-block-paragraph\">No obstante, C\u00e1mara Morales celebr\u00f3 que, a la fecha y gracias a su esfuerzo, Creadoras de Futuro se ha expandido a nivel internacional y recientemente ha obtenido un fondo por m\u00e1s de un mill\u00f3n de pesos, gracias a esto la organizaci\u00f3n podr\u00e1 financiar m\u00e1s proyectos.<\/p>\n\n\n\n<p class=\"wp-block-paragraph\">\u201cEn esta A.C. todas se despiertan todos los d\u00edas y chambean sin parar todo el tiempo\u201d, enfatiz\u00f3; Creadoras de Futuro \u201ces un equipo, una familia. Las creadoras son mi cable a tierra, son mi ancla, son mi luz y son mi prop\u00f3sito\u201d, expres\u00f3 a sus compa\u00f1eras.<\/p>\n\n\n\n<p class=\"wp-block-paragraph\">En la celebraci\u00f3n del primer aniversario de Creadoras de Futuro A.C, tambi\u00e9n se entregaron reconocimientos a las integrantes de la organizaci\u00f3n y se abrieron stands donde se expusieron su proyectos y trabajos realizados durante su primer a\u00f1o de existencia.<\/p>\n\n\n\n<p class=\"wp-block-paragraph\"><\/p>\n","protected":false},"excerpt":{"rendered":"<p>\u00b7&nbsp;&nbsp;&nbsp;&nbsp;&nbsp;&nbsp;&nbsp;&nbsp;\u201cLas mujeres tenemos una capacidad creadora; tenemos que impulsar los cambios\u201d, subraya Carolina Viggiano &nbsp;Redacci\u00f3n SemM\u00e9xico,&nbsp; Cd. de M\u00e9xico, 6&nbsp; de octubre, 2025.-El Senado de la Rep\u00fablica abri\u00f3 un espacio para la celebraci\u00f3n del primer aniversario de Creadoras de Futuro, asociaci\u00f3n civil integrada por 50 mujeres y con presencia en cuatro pa\u00edses que impulsa el [&hellip;]<\/p>\n","protected":false},"author":3,"featured_media":99237,"comment_status":"open","ping_status":"open","sticky":false,"template":"","format":"standard","meta":{"_monsterinsights_skip_tracking":false,"footnotes":""},"categories":[748],"tags":[],"class_list":["post-99236","post","type-post","status-publish","format-standard","has-post-thumbnail","category-cultura-feminista"],"_links":{"self":[{"href":"https:\/\/redsemlac.com\/semmexico\/wp-json\/wp\/v2\/posts\/99236","targetHints":{"allow":["GET"]}}],"collection":[{"href":"https:\/\/redsemlac.com\/semmexico\/wp-json\/wp\/v2\/posts"}],"about":[{"href":"https:\/\/redsemlac.com\/semmexico\/wp-json\/wp\/v2\/types\/post"}],"author":[{"embeddable":true,"href":"https:\/\/redsemlac.com\/semmexico\/wp-json\/wp\/v2\/users\/3"}],"replies":[{"embeddable":true,"href":"https:\/\/redsemlac.com\/semmexico\/wp-json\/wp\/v2\/comments?post=99236"}],"version-history":[{"count":0,"href":"https:\/\/redsemlac.com\/semmexico\/wp-json\/wp\/v2\/posts\/99236\/revisions"}],"wp:featuredmedia":[{"embeddable":true,"href":"https:\/\/redsemlac.com\/semmexico\/wp-json\/wp\/v2\/media\/99237"}],"wp:attachment":[{"href":"https:\/\/redsemlac.com\/semmexico\/wp-json\/wp\/v2\/media?parent=99236"}],"wp:term":[{"taxonomy":"category","embeddable":true,"href":"https:\/\/redsemlac.com\/semmexico\/wp-json\/wp\/v2\/categories?post=99236"},{"taxonomy":"post_tag","embeddable":true,"href":"https:\/\/redsemlac.com\/semmexico\/wp-json\/wp\/v2\/tags?post=99236"}],"curies":[{"name":"wp","href":"https:\/\/api.w.org\/{rel}","templated":true}]}}