{"id":99232,"date":"2025-10-06T19:31:26","date_gmt":"2025-10-07T01:31:26","guid":{"rendered":"https:\/\/redsemlac.com\/semmexico\/?p=99232"},"modified":"2025-10-06T19:31:26","modified_gmt":"2025-10-07T01:31:26","slug":"4-aniversario-de-la-glorieta-de-las-mujeres-que-luchan-colectivos-inauguran-el-jardin-de-la-memoria","status":"publish","type":"post","link":"https:\/\/redsemlac.com\/semmexico\/4-aniversario-de-la-glorieta-de-las-mujeres-que-luchan-colectivos-inauguran-el-jardin-de-la-memoria\/","title":{"rendered":"4 Aniversario de la Glorieta de las Mujeres que Luchan: Colectivos inauguran el Jard\u00edn de la Memoria"},"content":{"rendered":"\n<p class=\"wp-block-paragraph\">En el cuarto aniversario de la creaci\u00f3n de la Glorieta de las Mujeres que Luchan, colectivos inauguraron el Jard\u00edn de la Memoria por la Vida, la Dignidad y la Justicia.<\/p>\n\n\n\n<p class=\"wp-block-paragraph\">Natalia Matamoros&nbsp;<\/p>\n\n\n\n<p class=\"wp-block-paragraph\">SemM\u00e9xico, Cd. de&nbsp; M\u00e9xico, 6&nbsp; de octubre, 2025.- Colectivos de madres buscadoras y feministas conmemoraron el cuarto aniversario de la&nbsp;Glorieta de las Mujeres que Luchan. Lo hicieron con la inauguraci\u00f3n del&nbsp;Jard\u00edn de la Memoria por la Vida, la Dignidad y la Justicia. En \u00e9l rinden homenaje a las v\u00edctimas de feminicidios.<\/p>\n\n\n\n<p class=\"wp-block-paragraph\">En los jardines, las mujeres sembraron cruces e instalaron mamparas para explicar de forma cronol\u00f3gica la historia de estos espacios. Adem\u00e1s, destacaron su importancia como lugares de resistencia y de lucha.<\/p>\n\n\n\n<p class=\"wp-block-paragraph\">Para Mar\u00eda Magdalena Velarde, la glorieta y sus \u00e1reas verdes se convirtieron en los sitios para expresar su indignaci\u00f3n ante la criminalizaci\u00f3n, la represi\u00f3n, las desigualdades, la revictimizaci\u00f3n y la impunidad. En sus vallas met\u00e1licas, escribieron los nombres de las personas que fueron blanco de la violencia.<\/p>\n\n\n\n<p class=\"wp-block-paragraph\"><strong>Madres de desaparecidos claman justicia&nbsp;<\/strong><\/p>\n\n\n\n<p class=\"wp-block-paragraph\">Mar\u00eda Magdalena sembr\u00f3 una cruz para honrar la memoria de su hija Fernanda. La asesinaron hace 11 a\u00f1os. Un juez sentenci\u00f3 a su esposo, responsable del asesinato, a 69 a\u00f1os con tres meses de prisi\u00f3n. Ella tambi\u00e9n perdi\u00f3 a sus otros dos hijos por la violencia y solo hay un detenido por este caso.<\/p>\n\n\n\n<p class=\"wp-block-paragraph\">Elizabeth Mancha tambi\u00e9n acudi\u00f3 a la cita conmemorativa. Ella es de las madres que no descansan hasta encontrar a sus hijos. Relat\u00f3 que proviene de Tampico, Tamaulipas. Su hijo est\u00e1 desaparecido desde el 27 de diciembre de 2022, luego de compartir un almuerzo con su abuela. Desde ese entonces no ha parado de buscarlo en bald\u00edos, en playas y en sierras de diversas regiones del pa\u00eds.<\/p>\n\n\n\n<figure class=\"wp-block-image size-full\"><a href=\"https:\/\/redsemlac.com\/semmexico\/wp-content\/uploads\/2025\/10\/glorieta-de-las-mujeres-02.jpg\"><img loading=\"lazy\" decoding=\"async\" width=\"300\" height=\"226\" src=\"https:\/\/redsemlac.com\/semmexico\/wp-content\/uploads\/2025\/10\/glorieta-de-las-mujeres-02.jpg\" alt=\"\" class=\"wp-image-99234\" srcset=\"https:\/\/redsemlac.com\/semmexico\/wp-content\/uploads\/2025\/10\/glorieta-de-las-mujeres-02.jpg 300w, https:\/\/redsemlac.com\/semmexico\/wp-content\/uploads\/2025\/10\/glorieta-de-las-mujeres-02-150x113.jpg 150w\" sizes=\"auto, (max-width: 300px) 100vw, 300px\" \/><\/a><\/figure>\n\n\n\n<p class=\"wp-block-paragraph\"><a href=\"http:\/\/noticias.imer.mx\/wp-content\/uploads\/2025\/10\/JARDIN-DE-MEMORIA.jpg\"><\/a><\/p>\n\n\n\n<p class=\"wp-block-paragraph\">En el transcurso de estos cuatro a\u00f1os, la Glorieta de las Mujeres que Luchan ha sido en cuatro oportunidades blanco de acciones vand\u00e1licas. A pesar de los da\u00f1os, las mujeres se re\u00fanen all\u00ed para repararlos y que se conserve como un \u00edcono de memoria y resistencia. As\u00ed lo cuenta Jaqueline Palmeros.<\/p>\n\n\n\n<p class=\"wp-block-paragraph\">La Glorieta de las Mujeres que Luchan es m\u00e1s que un espacio de denuncia por la impunidad, la reparaci\u00f3n y la no repetici\u00f3n. Es un lugar donde las mujeres crean redes de apoyo mutuo, plantean estrategias colectivas para habitar en un mundo m\u00e1s justo, diverso, igualitario y digno. Es un lugar para recordar que quienes mueren producto de la violencia, jam\u00e1s ser\u00e1n olvidados, a pesar del tiempo.<\/p>\n\n\n\n<p class=\"wp-block-paragraph\"><\/p>\n","protected":false},"excerpt":{"rendered":"<p>En el cuarto aniversario de la creaci\u00f3n de la Glorieta de las Mujeres que Luchan, colectivos inauguraron el Jard\u00edn de la Memoria por la Vida, la Dignidad y la Justicia. Natalia Matamoros&nbsp; SemM\u00e9xico, Cd. de&nbsp; M\u00e9xico, 6&nbsp; de octubre, 2025.- Colectivos de madres buscadoras y feministas conmemoraron el cuarto aniversario de la&nbsp;Glorieta de las Mujeres [&hellip;]<\/p>\n","protected":false},"author":3,"featured_media":99233,"comment_status":"open","ping_status":"open","sticky":false,"template":"","format":"standard","meta":{"_monsterinsights_skip_tracking":false,"footnotes":""},"categories":[748],"tags":[],"class_list":["post-99232","post","type-post","status-publish","format-standard","has-post-thumbnail","category-cultura-feminista"],"_links":{"self":[{"href":"https:\/\/redsemlac.com\/semmexico\/wp-json\/wp\/v2\/posts\/99232","targetHints":{"allow":["GET"]}}],"collection":[{"href":"https:\/\/redsemlac.com\/semmexico\/wp-json\/wp\/v2\/posts"}],"about":[{"href":"https:\/\/redsemlac.com\/semmexico\/wp-json\/wp\/v2\/types\/post"}],"author":[{"embeddable":true,"href":"https:\/\/redsemlac.com\/semmexico\/wp-json\/wp\/v2\/users\/3"}],"replies":[{"embeddable":true,"href":"https:\/\/redsemlac.com\/semmexico\/wp-json\/wp\/v2\/comments?post=99232"}],"version-history":[{"count":0,"href":"https:\/\/redsemlac.com\/semmexico\/wp-json\/wp\/v2\/posts\/99232\/revisions"}],"wp:featuredmedia":[{"embeddable":true,"href":"https:\/\/redsemlac.com\/semmexico\/wp-json\/wp\/v2\/media\/99233"}],"wp:attachment":[{"href":"https:\/\/redsemlac.com\/semmexico\/wp-json\/wp\/v2\/media?parent=99232"}],"wp:term":[{"taxonomy":"category","embeddable":true,"href":"https:\/\/redsemlac.com\/semmexico\/wp-json\/wp\/v2\/categories?post=99232"},{"taxonomy":"post_tag","embeddable":true,"href":"https:\/\/redsemlac.com\/semmexico\/wp-json\/wp\/v2\/tags?post=99232"}],"curies":[{"name":"wp","href":"https:\/\/api.w.org\/{rel}","templated":true}]}}