{"id":99229,"date":"2025-10-06T19:30:37","date_gmt":"2025-10-07T01:30:37","guid":{"rendered":"https:\/\/redsemlac.com\/semmexico\/?p=99229"},"modified":"2025-10-06T19:30:38","modified_gmt":"2025-10-07T01:30:38","slug":"secretaria-de-las-mujeres-pide-aumento-de-presupuesto-para-atender-violencia-contra-las-mujeres-para-2026","status":"publish","type":"post","link":"https:\/\/redsemlac.com\/semmexico\/secretaria-de-las-mujeres-pide-aumento-de-presupuesto-para-atender-violencia-contra-las-mujeres-para-2026\/","title":{"rendered":"Secretar\u00eda de las Mujeres pide aumento de presupuesto para atender violencia contra las mujeres para 2026"},"content":{"rendered":"\n<p class=\"wp-block-paragraph\">Citlalli Hern\u00e1ndez propuso un aumento de 3.2% en el presupuesto mujeres para 2026, con m\u00e1s de 856 millones de pesos destinados a programas contra la violencia y feminicidios.<\/p>\n\n\n\n<p class=\"wp-block-paragraph\">Redacci\u00f3n<\/p>\n\n\n\n<p class=\"wp-block-paragraph\">SemM\u00e9xico, Cd. de M\u00e9xico, 6 de octubre, 2025.- La titular de la Secretar\u00eda de las Mujeres, Citlalli Hern\u00e1ndez propuso para 2026, un aumento presupuestal de 3.2 por ciento para atender la violencia contra las mujeres. Ahora&nbsp; pierde 3.4 por&nbsp; ciento, seg\u00fan el proyecto de presupuesto.<\/p>\n\n\n\n<p class=\"wp-block-paragraph\"><strong>\u00bfCu\u00e1nto se planea destinar en el presupuesto mujeres?<\/strong><\/p>\n\n\n\n<p class=\"wp-block-paragraph\">Durante una reuni\u00f3n con las integrantes de la Comisi\u00f3n de Igualdad de G\u00e9nero de la C\u00e1mara de Diputados, la funcionaria inform\u00f3 que, para el a\u00f1o siguiente, plantea una partida presupuestal de m\u00e1s de&nbsp;<strong>856 millones de pesos<\/strong>&nbsp;para el programa para la prevenci\u00f3n de las&nbsp; violencias contra las mujeres y feminicidios..<\/p>\n\n\n\n<p class=\"wp-block-paragraph\">Citlalli Hern\u00e1ndez rechaz\u00f3 que se hayan eliminado los&nbsp;<strong>refugios para las mujeres<\/strong>&nbsp;o se les haya quitado presupuesto como lo se\u00f1ala la Red Nacional de Refugios. Pero s\u00ed es necesario m\u00e1s dinero, dijo.<\/p>\n\n\n\n<p class=\"wp-block-paragraph\">\u201cLos programas destinados para Centros de Justicia, para Refugios y para Alertas de G\u00e9nero, sumando todos los presupuestos, hab\u00eda 791 mil 953 millones pesos, ahora para el presupuesto que viene, que ser\u00e1 un solo programa que fusiona todo, no desaparece nada, hay un aumento presupuestal que en t\u00e9rminos reales con la inflaci\u00f3n es un aumento de 3.2 por ciento, insuficiente \u201d.<\/p>\n\n\n\n<p class=\"wp-block-paragraph\"><strong>\u00bfQu\u00e9 programas se fortalecer\u00e1n con el presupuesto?<\/strong><\/p>\n\n\n\n<p class=\"wp-block-paragraph\">Citlalli Hern\u00e1ndez explic\u00f3 que en el pa\u00eds operan 678&nbsp;<strong>Centros LIBRE<\/strong>&nbsp;para ofrecer atenci\u00f3n integral a las mujeres, sobre todo en regiones con altos \u00edndices de violencia.<\/p>\n\n\n\n<p class=\"wp-block-paragraph\">La secretaria de las Mujeres se\u00f1al\u00f3 que la presidenta Sheinbaum plante\u00f3 como meta que, al final de la administraci\u00f3n, haya un Centro en cada municipio del pa\u00eds, para que las mujeres aprendan una actividad o accedan a programas para&nbsp;<strong>emprendimiento<\/strong>, entre otros apoyos.<\/p>\n","protected":false},"excerpt":{"rendered":"<p>Citlalli Hern\u00e1ndez propuso un aumento de 3.2% en el presupuesto mujeres para 2026, con m\u00e1s de 856 millones de pesos destinados a programas contra la violencia y feminicidios. Redacci\u00f3n SemM\u00e9xico, Cd. de M\u00e9xico, 6 de octubre, 2025.- La titular de la Secretar\u00eda de las Mujeres, Citlalli Hern\u00e1ndez propuso para 2026, un aumento presupuestal de 3.2 [&hellip;]<\/p>\n","protected":false},"author":3,"featured_media":99230,"comment_status":"open","ping_status":"open","sticky":false,"template":"","format":"standard","meta":{"_monsterinsights_skip_tracking":false,"footnotes":""},"categories":[50],"tags":[],"class_list":["post-99229","post","type-post","status-publish","format-standard","has-post-thumbnail","category-congreso"],"_links":{"self":[{"href":"https:\/\/redsemlac.com\/semmexico\/wp-json\/wp\/v2\/posts\/99229","targetHints":{"allow":["GET"]}}],"collection":[{"href":"https:\/\/redsemlac.com\/semmexico\/wp-json\/wp\/v2\/posts"}],"about":[{"href":"https:\/\/redsemlac.com\/semmexico\/wp-json\/wp\/v2\/types\/post"}],"author":[{"embeddable":true,"href":"https:\/\/redsemlac.com\/semmexico\/wp-json\/wp\/v2\/users\/3"}],"replies":[{"embeddable":true,"href":"https:\/\/redsemlac.com\/semmexico\/wp-json\/wp\/v2\/comments?post=99229"}],"version-history":[{"count":0,"href":"https:\/\/redsemlac.com\/semmexico\/wp-json\/wp\/v2\/posts\/99229\/revisions"}],"wp:featuredmedia":[{"embeddable":true,"href":"https:\/\/redsemlac.com\/semmexico\/wp-json\/wp\/v2\/media\/99230"}],"wp:attachment":[{"href":"https:\/\/redsemlac.com\/semmexico\/wp-json\/wp\/v2\/media?parent=99229"}],"wp:term":[{"taxonomy":"category","embeddable":true,"href":"https:\/\/redsemlac.com\/semmexico\/wp-json\/wp\/v2\/categories?post=99229"},{"taxonomy":"post_tag","embeddable":true,"href":"https:\/\/redsemlac.com\/semmexico\/wp-json\/wp\/v2\/tags?post=99229"}],"curies":[{"name":"wp","href":"https:\/\/api.w.org\/{rel}","templated":true}]}}