{"id":99112,"date":"2025-10-01T11:05:31","date_gmt":"2025-10-01T17:05:31","guid":{"rendered":"https:\/\/redsemlac.com\/semmexico\/?p=99112"},"modified":"2025-10-01T11:05:32","modified_gmt":"2025-10-01T17:05:32","slug":"familias-mexicanas-gastan-91-mil-800-mdp-para-proteger-sus-hogares","status":"publish","type":"post","link":"https:\/\/redsemlac.com\/semmexico\/familias-mexicanas-gastan-91-mil-800-mdp-para-proteger-sus-hogares\/","title":{"rendered":"Familias Mexicanas gastan 91 mil 800 mdp para proteger sus hogares"},"content":{"rendered":"\n<p class=\"wp-block-paragraph\"><strong><\/strong>Un fraccionamiento en la Ciudad de M\u00e9xico es vigilado por seguridad privada.&nbsp;\/&nbsp;Foto: Armando Monroy \/ Cuartoscuro.com<\/p>\n\n\n\n<p class=\"wp-block-paragraph\">En 2024, los mexicanos destinaron este monto a medidas contra la inseguridad, desde alarmas hasta mudanzas. Expertos advierten que la \u201cindustria de la prevenci\u00f3n\u201d profundiza la desigualdad<\/p>\n\n\n\n<p class=\"wp-block-paragraph\">Juan Carlos Rodr\u00edguez<\/p>\n\n\n\n<p class=\"wp-block-paragraph\">SemM\u00e9xico\/ El Sol de M\u00e9xico,&nbsp; Cd. de M\u00e9xico 1\u00ba. de octubre, &nbsp; 2025.- Instalar alarmas&nbsp;en casa,&nbsp;contratar seguridad&nbsp;privada,&nbsp;comprar c\u00e1maras&nbsp;de videovigilancia, o medidas m\u00e1s extremas como&nbsp;adquirir armas de fuego&nbsp;o&nbsp;cambiarse&nbsp;de vivienda, eran hasta hace una d\u00e9cada un conjunto de&nbsp;acciones&nbsp;aisladas que&nbsp;tomaban&nbsp;algunas&nbsp;familias&nbsp;mexicanas para&nbsp;protegerse&nbsp;de la inseguridad.<\/p>\n\n\n\n<p class=\"wp-block-paragraph\">Sin embargo, en los&nbsp;\u00faltimos 10 a\u00f1os, estas medidas excepcionales&nbsp;se volvieron rutinarias&nbsp;y ahora se ha configurado una \u201cindustria de la prevenci\u00f3n\u201d que, seg\u00fan especialistas, no s\u00f3lo&nbsp;absorbe&nbsp;parte del&nbsp;presupuesto familiar&nbsp;que deber\u00eda destinarse a rubros como alimentaci\u00f3n, salud y educaci\u00f3n, sino que&nbsp;se ha convertido&nbsp;en factor de&nbsp;desigualdad&nbsp;social.<\/p>\n\n\n\n<p class=\"wp-block-paragraph\">La m\u00e1s reciente edici\u00f3n de la&nbsp;Encuesta Nacional de Victimizaci\u00f3n y Percepci\u00f3n sobre Seguridad P\u00fablica&nbsp;(Envipe), elaborada por el Instituto Nacional de Estad\u00edstica y Geograf\u00eda (Inegi) mostr\u00f3 que el&nbsp;costo&nbsp;total estimado del&nbsp;delito&nbsp;y la&nbsp;inseguridad&nbsp;en hogares&nbsp;en 2024&nbsp;fue de&nbsp;269 mil 600 millones de pesos.<\/p>\n\n\n\n<p class=\"wp-block-paragraph\">Dicha estimaci\u00f3n toma en cuenta&nbsp;tres variables: los&nbsp;gastos&nbsp;a consecuencia de&nbsp;da\u00f1os en la salud, las&nbsp;p\u00e9rdidas econ\u00f3micas&nbsp;a consecuencia del delito y las&nbsp;medidas preventivas&nbsp;que los hogares eligieron para&nbsp;protegerse contra la inseguridad.<\/p>\n\n\n\n<p class=\"wp-block-paragraph\">Este&nbsp;\u00faltimo rubro&nbsp;tuvo un&nbsp;costo&nbsp;de&nbsp;91 mil 800 millones de pesos, monto equivalente a la suma del&nbsp;presupuesto&nbsp;que este a\u00f1o fue&nbsp;destinado&nbsp;a la&nbsp;Secretar\u00eda de Seguridad y Protecci\u00f3n Ciudadana&nbsp;(70 mil 422 millones de pesos)&nbsp;y&nbsp;a la&nbsp;Fiscal\u00eda General de la Rep\u00fablica&nbsp;(20 mil 126 millones de pesos).<\/p>\n\n\n\n<p class=\"wp-block-paragraph\">La&nbsp;Envipe&nbsp;clasifica&nbsp;las medidas preventivas en&nbsp;seis&nbsp;rubros: cambiar o colocar cerraduras\/candados, cambiar puertas o ventanas, realizar acciones conjuntas con sus vecinos, colocar rejas o bardas, comprar un perro guardi\u00e1n y \u201cotras medidas\u201d que incluye instalar alarmas, contratar vigilancia privada en la calle o colonia, contratar seguros, adquirir armas de fuego o cambiarse de vivienda.<\/p>\n\n\n\n<p class=\"wp-block-paragraph\">Quienes pueden pagar alarmas, circuitos cerrados de televisi\u00f3n o seguridad privada se protegen mejor, mientras que los hogares m\u00e1s pobres no siempre pueden hacer el gasto y entonces quedan expuestos, lo que genera la percepci\u00f3n de que la seguridad es un privilegio m\u00e1s que un derecho<em>Yair Mendoza, investigador del Programa de Seguridad de la organizaci\u00f3n civil M\u00e9xico Eval\u00faa<\/em><\/p>\n\n\n\n<p class=\"wp-block-paragraph\">Hasta hace una d\u00e9cada, las m\u00e1s comunes eran las cinco primeras, pero en a\u00f1os recientes, las&nbsp;acciones m\u00e1s radicales&nbsp;como colocar alarmas, instalar c\u00e1maras o comprar armas de fuego se han vuelto la&nbsp;principal tendencia&nbsp;en entidades como&nbsp;Ciudad de M\u00e9xico,&nbsp;Baja California&nbsp;y&nbsp;Estado de M\u00e9xico.<\/p>\n\n\n\n\n\n<p class=\"wp-block-paragraph\">Seg\u00fan la&nbsp;Envipe 2025, por tercer a\u00f1o consecutivo, las \u201cotras medidas\u201d son las&nbsp;m\u00e1s recurridas&nbsp;por los habitantes de la&nbsp;Ciudad de M\u00e9xico&nbsp;para&nbsp;sentirse&nbsp;m\u00e1s&nbsp;protegidos, pues las&nbsp;implementaron&nbsp;26.6%&nbsp;de los&nbsp;hogares.<\/p>\n\n\n\n<p class=\"wp-block-paragraph\">Una situaci\u00f3n similar ocurre en&nbsp;Baja California&nbsp;y&nbsp;Jalisco, donde&nbsp;este a\u00f1o&nbsp;por primera vez vivieron el&nbsp;boom&nbsp;de las \u201cotras medidas\u201d, pues&nbsp;21.1%&nbsp;y&nbsp;25.7%&nbsp;de los&nbsp;hogares&nbsp;las&nbsp;aplicaron, respectivamente.<\/p>\n\n\n\n<p class=\"wp-block-paragraph\">Envipe&nbsp;clasifica&nbsp;las medidas preventivas en&nbsp;seis&nbsp;rubros<\/p>\n\n\n\n<ul class=\"wp-block-list\">\n<li>Cambiar o colocar cerraduras\/candados<\/li>\n\n\n\n<li>Cambiar puertas o ventanas<\/li>\n\n\n\n<li>Realizar acciones conjuntas con sus vecinos<\/li>\n\n\n\n<li>Colocar rejas o bardas<\/li>\n\n\n\n<li>Comprar un perro guardi\u00e1n<\/li>\n\n\n\n<li>\u201cOtras medidas\u201d que incluye instalar alarmas, contratar vigilancia privada en la calle o colonia, contratar seguros, adquirir armas de fuego o cambiarse de vivienda<\/li>\n<\/ul>\n\n\n\n<p class=\"wp-block-paragraph\">Para&nbsp;Yair Mendoza, investigador del Programa de Seguridad de la organizaci\u00f3n civil&nbsp;M\u00e9xico Eval\u00faa, las&nbsp;medidas&nbsp;preventivas son mayoritariamente \u201creactivas\u201d y de&nbsp;bajo impacto estructural, ya que \u201ccambiar cerraduras o poner rejas reduce vulnerabilidades puntuales, pero&nbsp;no atacan la ra\u00edz del problema, es decir, la impunidad, las bandas organizadas y corrupci\u00f3n.<\/p>\n\n\n\n<p class=\"wp-block-paragraph\">\u201cQue&nbsp;34% del costo&nbsp;del delito sea para prevenci\u00f3n indica que&nbsp;gran parte del gasto&nbsp;es para&nbsp;resistir, sin que se deje de vivir con inseguridad\u201d, expuso el analista, quien destaca que la&nbsp;incapacidad de las autoridades&nbsp;para garantizar la integridad f\u00edsica de los mexicanos&nbsp;ha&nbsp;provocado&nbsp;que se&nbsp;destine&nbsp;una parte del&nbsp;presupuesto&nbsp;familiar a&nbsp;medidas preventivas, lo que enraiza la desigualdad social en el pa\u00eds.<\/p>\n\n\n\n\n\n<p class=\"wp-block-paragraph\">\u201cQuienes pueden&nbsp;pagar alarmas, circuitos cerrados de televisi\u00f3n o seguridad privada&nbsp;se protegen mejor, mientras que los&nbsp;hogares m\u00e1s pobres&nbsp;no siempre pueden hacer el gasto y entonces&nbsp;quedan expuestos, lo que&nbsp;genera la percepci\u00f3n&nbsp;de que la&nbsp;seguridad&nbsp;es un privilegio&nbsp;m\u00e1s que un derecho\u201d, expuso el analista.<\/p>\n\n\n\n<p class=\"wp-block-paragraph\">Algo que a m\u00ed me llama mucho la atenci\u00f3n es que eventos o cr\u00edmenes de alto impacto como los homicidios, como los feminicidios, como los secuestros, no est\u00e1n directamente relacionados con el gasto que se hace en medidas de seguridad<em>Fernando Escobar, investigador de la organizaci\u00f3n Causa en Com\u00fan<\/em><\/p>\n\n\n\n<p class=\"wp-block-paragraph\"><strong>Autoprotecci\u00f3n vs crimen<\/strong><\/p>\n\n\n\n<p class=\"wp-block-paragraph\">Los&nbsp;datos de la Envipe&nbsp;muestran que las&nbsp;entidades&nbsp;que destinan&nbsp;mayores&nbsp;porcentajes de su&nbsp;presupuesto&nbsp;a medidas de&nbsp;autoprotecci\u00f3n&nbsp;no son&nbsp;necesariamente aquellas que&nbsp;tienen&nbsp;mayor incidencia delictiva.<\/p>\n\n\n\n<p class=\"wp-block-paragraph\">Seg\u00fan la encuesta, la&nbsp;entidad&nbsp;que&nbsp;destina la mayor&nbsp;proporci\u00f3n del&nbsp;costo del delito&nbsp;a reforzar puertas y ventanas, a cambiar cerraduras o colocar alarmas&nbsp;es Chiapas, con&nbsp;58.7% del monto total, seguida de Sonora (55.9%), Coahuila (55.8%), Yucat\u00e1n (48.7%) e Hidalgo (48.7%).<\/p>\n\n\n\n<p class=\"wp-block-paragraph\">En contraste, los&nbsp;estados&nbsp;que proporcionalmente canalizan&nbsp;menos recursos&nbsp;a la&nbsp;protecci\u00f3n&nbsp;de viviendas y negocios son&nbsp;Jalisco&nbsp;(22.1%),&nbsp;Puebla&nbsp;(24.5%)&nbsp;y San Luis Potos\u00ed&nbsp;(28.2%). Estos, adem\u00e1s, son los&nbsp;estados&nbsp;con el&nbsp;mayor costo per c\u00e1pita&nbsp;a consecuencia de la&nbsp;delincuencia.<\/p>\n\n\n\n<p class=\"wp-block-paragraph\">Jalisco tuvo en 2024&nbsp;un&nbsp;costo&nbsp;promedio de&nbsp;9 mil 100 pesos por persona&nbsp;afectada por la&nbsp;inseguridad&nbsp;y el delito,&nbsp;Puebla&nbsp;8 mil 531 pesos y&nbsp;San Luis Potos\u00ed&nbsp;7 mil 338, de acuerdo con los&nbsp;datos&nbsp;de la encuesta del&nbsp;Inegi.<\/p>\n\n\n\n<p class=\"wp-block-paragraph\">\u201cAlgo que a m\u00ed me llama mucho la atenci\u00f3n es que&nbsp;eventos o cr\u00edmenes de alto impacto&nbsp;como los homicidios, como los feminicidios, como los secuestros,&nbsp;no est\u00e1n&nbsp;directamente&nbsp;relacionados&nbsp;con el&nbsp;gasto&nbsp;que se hace en&nbsp;medidas de seguridad\u201d, opina&nbsp;Fernando Escobar, investigador de la organizaci\u00f3n&nbsp;Causa en Com\u00fan, especializada en an\u00e1lisis de pol\u00edticas p\u00fablicas en materia de seguridad p\u00fablica y justicia.<\/p>\n\n\n\n<p class=\"wp-block-paragraph\">\u201cEl&nbsp;factor determinante&nbsp;para que una familia decida&nbsp;invertir&nbsp;recursos en&nbsp;medidas de protecci\u00f3n&nbsp;es el&nbsp;predominio&nbsp;de ciertos&nbsp;delitos, no necesariamente los delitos de alto impacto, que a lo mejor caracteriza mucho a una entidad como Sinaloa, Guanajuato, Jalisco, Michoac\u00e1n o Tamaulipas, sino m\u00e1s bien los delitos&nbsp;de corte patrimonial, como es el&nbsp;robo&nbsp;o la&nbsp;extorsi\u00f3n\u201d, detalla Escobar.<\/p>\n\n\n\n<p class=\"wp-block-paragraph\"><a href=\"https:\/\/oem.com.mx\/elsoldemexico\/analisis\/autor\/juan-carlos-rodriguez-3639\">Juan Carlos&nbsp;Rodr\u00edguez: <\/a>Reportero con tres d\u00e9cadas buscando historias inc\u00f3modas. Me gusta la pol\u00edtica, analizar el desempe\u00f1o gubernamental y la data. Salsero, cruzazulino y paparazzi de mi familia. Amo las biograf\u00edas y los documentales.&nbsp;<\/p>\n","protected":false},"excerpt":{"rendered":"<p>Un fraccionamiento en la Ciudad de M\u00e9xico es vigilado por seguridad privada.&nbsp;\/&nbsp;Foto: Armando Monroy \/ Cuartoscuro.com En 2024, los mexicanos destinaron este monto a medidas contra la inseguridad, desde alarmas hasta mudanzas. Expertos advierten que la \u201cindustria de la prevenci\u00f3n\u201d profundiza la desigualdad Juan Carlos Rodr\u00edguez SemM\u00e9xico\/ El Sol de M\u00e9xico,&nbsp; Cd. de M\u00e9xico 1\u00ba. [&hellip;]<\/p>\n","protected":false},"author":3,"featured_media":99115,"comment_status":"open","ping_status":"open","sticky":false,"template":"","format":"standard","meta":{"_monsterinsights_skip_tracking":false,"footnotes":""},"categories":[694,48],"tags":[],"class_list":["post-99112","post","type-post","status-publish","format-standard","has-post-thumbnail","category-destacadas","category-no-mas-impunidad-no-mas-impunidad"],"_links":{"self":[{"href":"https:\/\/redsemlac.com\/semmexico\/wp-json\/wp\/v2\/posts\/99112","targetHints":{"allow":["GET"]}}],"collection":[{"href":"https:\/\/redsemlac.com\/semmexico\/wp-json\/wp\/v2\/posts"}],"about":[{"href":"https:\/\/redsemlac.com\/semmexico\/wp-json\/wp\/v2\/types\/post"}],"author":[{"embeddable":true,"href":"https:\/\/redsemlac.com\/semmexico\/wp-json\/wp\/v2\/users\/3"}],"replies":[{"embeddable":true,"href":"https:\/\/redsemlac.com\/semmexico\/wp-json\/wp\/v2\/comments?post=99112"}],"version-history":[{"count":0,"href":"https:\/\/redsemlac.com\/semmexico\/wp-json\/wp\/v2\/posts\/99112\/revisions"}],"wp:featuredmedia":[{"embeddable":true,"href":"https:\/\/redsemlac.com\/semmexico\/wp-json\/wp\/v2\/media\/99115"}],"wp:attachment":[{"href":"https:\/\/redsemlac.com\/semmexico\/wp-json\/wp\/v2\/media?parent=99112"}],"wp:term":[{"taxonomy":"category","embeddable":true,"href":"https:\/\/redsemlac.com\/semmexico\/wp-json\/wp\/v2\/categories?post=99112"},{"taxonomy":"post_tag","embeddable":true,"href":"https:\/\/redsemlac.com\/semmexico\/wp-json\/wp\/v2\/tags?post=99112"}],"curies":[{"name":"wp","href":"https:\/\/api.w.org\/{rel}","templated":true}]}}