{"id":99109,"date":"2025-10-01T10:59:25","date_gmt":"2025-10-01T16:59:25","guid":{"rendered":"https:\/\/redsemlac.com\/semmexico\/?p=99109"},"modified":"2025-10-01T10:59:26","modified_gmt":"2025-10-01T16:59:26","slug":"efemerides-3","status":"publish","type":"post","link":"https:\/\/redsemlac.com\/semmexico\/efemerides-3\/","title":{"rendered":"Efem\u00e9rides"},"content":{"rendered":"\n<p class=\"wp-block-paragraph\">&nbsp;David Mart\u00edn del Campo<\/p>\n\n\n\n<p class=\"wp-block-paragraph\">SemM\u00e9xico, Cd. de M\u00e9xico, 1\u00ba. de octubre, 2025.- El calendario se est\u00e1 sobrepoblando de festejos, y con ello el jolgorio de los chamacos armando \u201cpuentes\u201d escolares. D\u00eda de la Bandera, D\u00eda de la Madre, D\u00eda del Maestro, 5 de Mayo, 15 de Septiembre, y ahora el 26 de septiembre, la famosa \u201cnoche de Iguala\u201d en 2014, cuando la polic\u00eda local apres\u00f3 a un centenar de estudiantes de la Escuela Normal de Ayotzinapa, de los cuales 43 nunca m\u00e1s aparecieron.<\/p>\n\n\n\n<p class=\"wp-block-paragraph\">&nbsp;&nbsp;&nbsp; Efem\u00e9rides que enlutecen o contagian gloria a la ciudadan\u00eda. La bandera a media asta o tremolando a todo lo alto, seg\u00fan sea la fecha. El Himno Nacional entonado, o el minuto de silencio requerido por el diputado Hern\u00e1ndez\u2026 porque en mis tiempos de estudiante surg\u00eda la r\u00e9plica infaltable: \u201c\u00a1No un minuto de silencio, sino toda una vida de lucha!\u201d. Bueno, s\u00ed.<\/p>\n\n\n\n<p class=\"wp-block-paragraph\">&nbsp;&nbsp;&nbsp; A las efem\u00e9rides c\u00edvicas se a\u00f1aden las celebraciones del Evangelio, impostergables y obligatorias: la Navidad, la Semana Santa, el festejo de la Virgen de Guadalupe, que tambi\u00e9n son oficiales. Siempre hay algo que conmemorar, y bendita sea la memoria recordando los momentos fundamentales del calendario.<\/p>\n\n\n\n<p class=\"wp-block-paragraph\">&nbsp;&nbsp;&nbsp; Estamos por conmemorar el d\u00eda insigne de nuestra democracia moderna. Como algunos recordar\u00e1n, aquel 2 de octubre de 1968 ocurri\u00f3 la terrible \u201cnoche de Tlatelolco\u201d en que fue aplacada una manifestaci\u00f3n estudiantil en la Plaza de las Tres Culturas. Diez d\u00edas despu\u00e9s el presidente Gustavo D\u00edaz Ordaz inauguraba los XIX Juegos Ol\u00edmpicos en una ciudad pacificada, luego de las refriegas que acompa\u00f1aron al movimiento estudiantil de aquel a\u00f1o.<\/p>\n\n\n\n<p class=\"wp-block-paragraph\">&nbsp;&nbsp;&nbsp; No es ning\u00fan secreto que en aquellas movilizaciones participaban \u2013de manera encubierta\u2013 militantes de la izquierda, principalmente del Partido Comunista. Cuando ocurri\u00f3 la masacre de Tlatelolco, muchos de ellos fueron encarcelados y aquello ser\u00eda la simiente del movimiento, largo y sinuoso, que desembocar\u00eda en la apertura pol\u00edtica de a\u00f1os m\u00e1s tarde\u2026 la fundaci\u00f3n del PMT, del PST, la legalizaci\u00f3n del PCM, las fusiones electorales del PMS, PSUM, el FDN, el PRD y Morena, hoy en el poder.<\/p>\n\n\n\n<p class=\"wp-block-paragraph\">&nbsp;&nbsp;&nbsp; La consigna era: \u201cDos de octubre, no se olvida\u201d, y ahora vivimos las consecuencias de aquellos desplantes reivindicativos, luego de probar y comprobar que la v\u00eda armada para la transformaci\u00f3n social era inviable.<\/p>\n\n\n\n<p class=\"wp-block-paragraph\">&nbsp;&nbsp;&nbsp; Y vino el 10 de junio (de 1971) \u2013otra efem\u00e9ride aciaga\u2013, que puso en guardia al gobierno de Luis Echeverr\u00eda, receloso de repetir la estrategia de D\u00edaz Ordaz. De ese modo se abri\u00f3 a una izquierda suavecita, amiga de las Naciones del Tercer Mundo y del gobierno socialista de Salvador Allende en Chile. Lo sentenci\u00f3 Carlos Fuentes en una proclama: \u201cEcheverr\u00eda, o el fascismo\u201d; y lo nombraron embajador en Par\u00eds.<\/p>\n\n\n\n<p class=\"wp-block-paragraph\">&nbsp;&nbsp;&nbsp; La efem\u00e9ride del 5 de Mayo celebra la \u00fanica victoria militar mexicana contra la invasi\u00f3n del ej\u00e9rcito franc\u00e9s, comandado Napole\u00f3n III. La del 13 de septiembre (de 1847) conmemora la batalla del Castillo de Chapultepec donde murieron los seis cadetes denominados \u201cni\u00f1os h\u00e9roes\u201d, tras cuya derrota el general Winfield Scott izar\u00eda la bandera norteamericana en Palacio Nacional, donde se negociar\u00eda la paz con la cesi\u00f3n de los territorios de California, Arizona, Colorado, Nevada, Utah, Nuevo M\u00e9xico, Texas y buena parte de Oklahoma y Kansas.<\/p>\n\n\n\n<p class=\"wp-block-paragraph\">&nbsp;&nbsp;&nbsp; El 19 de septiembre es una efem\u00e9ride celebrada con el sonido aterrador de la alerta s\u00edsmica. Luego de los terremotos de 1985 y 2017, coincidiendo en la fat\u00eddica fecha, el suceso pone en guardia a la poblaci\u00f3n del centro y sur del pa\u00eds, record\u00e1ndonos que vivimos en territorio tel\u00farico donde tiembla en cualquier momento, y que remite al terremoto del 7 de junio de 1911, d\u00eda en que el ej\u00e9rcito revolucionario ingresaba a la ciudad de M\u00e9xico, recordado en aquella famosa expresi\u00f3n: \u201cCuando Madero entr\u00f3, hasta la tierra tembl\u00f3\u201d.<\/p>\n\n\n\n<p class=\"wp-block-paragraph\">&nbsp;&nbsp;&nbsp; El 12 de octubre, \u201cD\u00eda de la Raza\u201d que celebraba el Descubrimiento de Am\u00e9rica, ya no es celebrado con aquella emoci\u00f3n escolar, sino con abominaci\u00f3n contra Espa\u00f1a. El 20 de noviembre, d\u00eda de la Revoluci\u00f3n, es algo m\u00e1s que la avenida principal en medio pa\u00eds, pues fue nuestra gloriosa Tercera Transformaci\u00f3n de la que result\u00f3 ganadora (a la larga) el PRI; hoy casi extinto. Una efem\u00e9ride m\u00e1s, pues.<\/p>\n","protected":false},"excerpt":{"rendered":"<p>&nbsp;David Mart\u00edn del Campo SemM\u00e9xico, Cd. de M\u00e9xico, 1\u00ba. de octubre, 2025.- El calendario se est\u00e1 sobrepoblando de festejos, y con ello el jolgorio de los chamacos armando \u201cpuentes\u201d escolares. D\u00eda de la Bandera, D\u00eda de la Madre, D\u00eda del Maestro, 5 de Mayo, 15 de Septiembre, y ahora el 26 de septiembre, la famosa [&hellip;]<\/p>\n","protected":false},"author":3,"featured_media":84026,"comment_status":"open","ping_status":"open","sticky":false,"template":"","format":"standard","meta":{"_monsterinsights_skip_tracking":false,"footnotes":""},"categories":[35],"tags":[],"class_list":["post-99109","post","type-post","status-publish","format-standard","has-post-thumbnail","category-opinion"],"_links":{"self":[{"href":"https:\/\/redsemlac.com\/semmexico\/wp-json\/wp\/v2\/posts\/99109","targetHints":{"allow":["GET"]}}],"collection":[{"href":"https:\/\/redsemlac.com\/semmexico\/wp-json\/wp\/v2\/posts"}],"about":[{"href":"https:\/\/redsemlac.com\/semmexico\/wp-json\/wp\/v2\/types\/post"}],"author":[{"embeddable":true,"href":"https:\/\/redsemlac.com\/semmexico\/wp-json\/wp\/v2\/users\/3"}],"replies":[{"embeddable":true,"href":"https:\/\/redsemlac.com\/semmexico\/wp-json\/wp\/v2\/comments?post=99109"}],"version-history":[{"count":0,"href":"https:\/\/redsemlac.com\/semmexico\/wp-json\/wp\/v2\/posts\/99109\/revisions"}],"wp:featuredmedia":[{"embeddable":true,"href":"https:\/\/redsemlac.com\/semmexico\/wp-json\/wp\/v2\/media\/84026"}],"wp:attachment":[{"href":"https:\/\/redsemlac.com\/semmexico\/wp-json\/wp\/v2\/media?parent=99109"}],"wp:term":[{"taxonomy":"category","embeddable":true,"href":"https:\/\/redsemlac.com\/semmexico\/wp-json\/wp\/v2\/categories?post=99109"},{"taxonomy":"post_tag","embeddable":true,"href":"https:\/\/redsemlac.com\/semmexico\/wp-json\/wp\/v2\/tags?post=99109"}],"curies":[{"name":"wp","href":"https:\/\/api.w.org\/{rel}","templated":true}]}}