{"id":99101,"date":"2025-10-01T10:58:15","date_gmt":"2025-10-01T16:58:15","guid":{"rendered":"https:\/\/redsemlac.com\/semmexico\/?p=99101"},"modified":"2025-10-01T10:58:16","modified_gmt":"2025-10-01T16:58:16","slug":"en-sesion-solemne-senado-entrega-premio-al-merito-literario-rosario-castellanos-a-la-escritora-silvia-molina","status":"publish","type":"post","link":"https:\/\/redsemlac.com\/semmexico\/en-sesion-solemne-senado-entrega-premio-al-merito-literario-rosario-castellanos-a-la-escritora-silvia-molina\/","title":{"rendered":"En Sesi\u00f3n Solemne Senado entrega Premio al M\u00e9rito Literario \u201cRosario Castellanos\u201d a la escritora Silvia Molina"},"content":{"rendered":"\n<p class=\"wp-block-paragraph\">\u00b7&nbsp;<em>Senadoras celebran trayectoria de la escritora, pero tambi\u00e9n la permanencia de la palabra como herramienta de dignidad<\/em><\/p>\n\n\n\n<p class=\"wp-block-paragraph\"><em>&nbsp;Redacci\u00f3n<\/em><\/p>\n\n\n\n<p class=\"wp-block-paragraph\">SemM\u00e9xico, Cd. de M\u00e9xico, 1\u00ba. de octubre, 2025.- En Sesi\u00f3n Solemne, la C\u00e1mara de Senadores entreg\u00f3 el Premio al M\u00e9rito Literario \u201cRosario Castellanos\u201d, correspondiente al a\u00f1o 2024, a la escritora Silvia Molina, como un reconocimiento a su prol\u00edfica y destacada trayectoria como narradora, ensayista y editora, as\u00ed como por su valiosa contribuci\u00f3n a la literatura infantil.<\/p>\n\n\n\n<p class=\"wp-block-paragraph\">La presidenta del Senado de la Rep\u00fablica, Laura Itzel Castillo Ju\u00e1rez, expres\u00f3 que como el arte de la palabra la artesan\u00eda de la escritura, la creaci\u00f3n literaria teje historias, construye tramas y met\u00e1foras.<\/p>\n\n\n\n<p class=\"wp-block-paragraph\">Bajo ese contexto, precis\u00f3 que este premio hace honor a una mujer comprometida, cuya obra dio voz a las mujeres, a los pueblos ind\u00edgenas y a quienes hab\u00edan sido hist\u00f3ricamente silenciados, adem\u00e1s de que en todos los g\u00e9neros particip\u00f3 e hizo aportes.<\/p>\n\n\n\n<p class=\"wp-block-paragraph\">Laura Itzel Castillo afirm\u00f3 que el galard\u00f3n que otorga el Senado de la Rep\u00fablica fortalece, enriquece y honra a la literatura mexicana, y que fue concebido para reconocer a escritores consolidados en los g\u00e9neros de la narrativa, la dramaturgia, la poes\u00eda o el ensayo.<\/p>\n\n\n\n<p class=\"wp-block-paragraph\">Destac\u00f3 que Silvia Molina, la escritora galardonada nacida en la Ciudad de M\u00e9xico, ha hecho de su producci\u00f3n literaria un medio para la difusi\u00f3n del estado de Campeche, por lo que \u201cestamos muy orgullosos de entregarlo a una mujer que ha dedicado su vida a contribuir con la cultura de nuestro pa\u00eds\u201d, porque \u201ces tiempo de mujeres y es tiempo de escritoras\u201d.<\/p>\n\n\n\n<p class=\"wp-block-paragraph\">La presidenta de la Comisi\u00f3n de Cultura, Beatriz Mojica Morga, refiri\u00f3 que, al igual que Rosario Castellanos, Silvia Molina ha dado a la palabra un sentido emancipador y comparte el gesto de escribir desde la conciencia social: mientras Castellanos habl\u00f3 de la desigualdad y la necesidad de la educaci\u00f3n, Molina ha demostrado que la escritura es una manera de existir con plenitud y de resistir al olvido.<\/p>\n\n\n\n<p class=\"wp-block-paragraph\">Destac\u00f3 que en sus novelas, cuentos y ensayos, la galardonada ha tendido puentes entre la intimidad y la historia nacional, ha narrado la vida cotidiana, los dilemas del amor y la libertad, pero tambi\u00e9n los ecos de la historia de M\u00e9xico; adem\u00e1s de que ha sabido escuchar las voces que han sido silenciadas y darles un espacio en la literatura mexicana.<\/p>\n\n\n\n<p class=\"wp-block-paragraph\">\u201cAl otorgarle este reconocimiento, no s\u00f3lo celebramos su trayectoria, sino tambi\u00e9n la permanencia de la palabra como herramienta de dignidad. La obra de Silvia Molina nos recuerda que la literatura es una forma de vivir en libertad, de construir comunidad y de tender la mano a quienes vendr\u00e1n despu\u00e9s de nosotras\u201d, enfatiz\u00f3 la senadora Mojica Morga.<\/p>\n\n\n\n<p class=\"wp-block-paragraph\">A\u00f1adi\u00f3 que el Premio al M\u00e9rito Literario Rosario Castellanos, que desde el 2021 entrega el Senado de la Rep\u00fablica a escritoras y escritores destacados, es un galard\u00f3n que tambi\u00e9n lleva un mensaje de que M\u00e9xico reconoce a sus creadoras y a sus creadores, y \u201ca las mujeres que con la fuerza de la palabra han transformado la vida cultural de la naci\u00f3n\u201d.<\/p>\n\n\n\n<p class=\"wp-block-paragraph\">Silvia Molina, en tanto, rememor\u00f3 la figura de su padre, el campechano H\u00e9ctor P\u00e9rez Mart\u00ednez, quien fue escritor, periodista, gobernador de su estado, destac\u00f3 porque sostuvo el exilio espa\u00f1ol, y desafortunadamente muri\u00f3 de forma prematura. Tambi\u00e9n record\u00f3 a su madre, Mar\u00eda Celis Campos, hermana de tres generales de Divisi\u00f3n revolucionarios.<\/p>\n\n\n\n<p class=\"wp-block-paragraph\">Afirm\u00f3: \u201cuna de mis escritoras favoritas ha sido Rosario Castellanos, porque reconoc\u00ed en ella de alguna manera mi sureste, al ser humano marginado, el infierno de la explotaci\u00f3n y de las pasiones humanas que se sufren en la intimidad\u201d.<\/p>\n\n\n\n<p class=\"wp-block-paragraph\">Castellanos fue una escritora culta de disciplina, ir\u00f3nica e ingeniosa que se exig\u00eda demasiado y que molde\u00f3 sus palabras con una tinta hecha de sufrimiento; sin embargo, siempre la salvaron la iron\u00eda y el sentido del humor con una obra autobiogr\u00e1fica, parte de ella indigenista y feminista, palabras que, aunque no le gustaban la enaltecen, mencion\u00f3.&nbsp;<\/p>\n\n\n\n<p class=\"wp-block-paragraph\">La narradora y ensayista es autora de diversas obras distinguidas como \u201cLa Ma\u00f1ana debe seguir gris\u201d, con la que obtuvo el Premio Xavier Villaurrutia en 1977; adem\u00e1s de \u201cLa creaci\u00f3n del sol y de la luna\u201d, \u201cMi familia y la Bella Durmiente\u201d, entre otras.<\/p>\n\n\n\n<p class=\"wp-block-paragraph\">La secretaria de la Mesa Directiva, Mar\u00eda Martina Kant\u00fan Can, destac\u00f3 en la trayectoria de la escritora Rosario Castellanos, que su sensibilidad la llev\u00f3 a escribir textos escolares en el Instituto Nacional Indigenista y a impartir Literatura Contempor\u00e1nea, Novela Contempor\u00e1nea y Cr\u00f3nica en la Facultad de Filosof\u00eda y Letras de la UNAM; adem\u00e1s de ser integrante de la generaci\u00f3n del Medio Siglo, junto a plumas como Jaime Sabines, Juan Jos\u00e9 Arreola, Juan Rulfo, Jorge Ibarg\u00fcengoitia y Carlos Fuentes.<\/p>\n\n\n\n<p class=\"wp-block-paragraph\">En el pres\u00eddium estuvieron Silvia Molina, el poeta y director de Plural TV, nuevo canal de Poder Judicial de la Federaci\u00f3n, Mardonio Carballo; adem\u00e1s de las senadoras, Beatriz Mojica Morga, presidenta de la Comisi\u00f3n de Cultura; Ver\u00f3nica Noem\u00ed Camino Farjat e Imelda Margarita Sanmiguel S\u00e1nchez, ambas vicepresidentas; as\u00ed como Mariela Guti\u00e9rrez Escalante y Mar\u00eda Martina Kant\u00fan Can, secretarias de la Mesa Directiva; y la diputada Alma Lidia de la Vega S\u00e1nchez, presidenta de la Comisi\u00f3n de Cultura y Cinematograf\u00eda de la C\u00e1mara de Diputados.<\/p>\n\n\n\n<p class=\"wp-block-paragraph\">Adem\u00e1s, a la Sesi\u00f3n Solemne asistieron los hijos de la escritora Silvia Molina, Silvia Ver\u00f3nica y Claudia Molina P\u00e9rez; Gabriel Guerra Castellanos, hijo de la escritora Rosario Castellanos, as\u00ed como invitados especiales.<\/p>\n","protected":false},"excerpt":{"rendered":"<p>\u00b7&nbsp;Senadoras celebran trayectoria de la escritora, pero tambi\u00e9n la permanencia de la palabra como herramienta de dignidad &nbsp;Redacci\u00f3n SemM\u00e9xico, Cd. de M\u00e9xico, 1\u00ba. de octubre, 2025.- En Sesi\u00f3n Solemne, la C\u00e1mara de Senadores entreg\u00f3 el Premio al M\u00e9rito Literario \u201cRosario Castellanos\u201d, correspondiente al a\u00f1o 2024, a la escritora Silvia Molina, como un reconocimiento a su [&hellip;]<\/p>\n","protected":false},"author":3,"featured_media":99103,"comment_status":"open","ping_status":"open","sticky":false,"template":"","format":"standard","meta":{"_monsterinsights_skip_tracking":false,"footnotes":""},"categories":[748],"tags":[],"class_list":["post-99101","post","type-post","status-publish","format-standard","has-post-thumbnail","category-cultura-feminista"],"_links":{"self":[{"href":"https:\/\/redsemlac.com\/semmexico\/wp-json\/wp\/v2\/posts\/99101","targetHints":{"allow":["GET"]}}],"collection":[{"href":"https:\/\/redsemlac.com\/semmexico\/wp-json\/wp\/v2\/posts"}],"about":[{"href":"https:\/\/redsemlac.com\/semmexico\/wp-json\/wp\/v2\/types\/post"}],"author":[{"embeddable":true,"href":"https:\/\/redsemlac.com\/semmexico\/wp-json\/wp\/v2\/users\/3"}],"replies":[{"embeddable":true,"href":"https:\/\/redsemlac.com\/semmexico\/wp-json\/wp\/v2\/comments?post=99101"}],"version-history":[{"count":0,"href":"https:\/\/redsemlac.com\/semmexico\/wp-json\/wp\/v2\/posts\/99101\/revisions"}],"wp:featuredmedia":[{"embeddable":true,"href":"https:\/\/redsemlac.com\/semmexico\/wp-json\/wp\/v2\/media\/99103"}],"wp:attachment":[{"href":"https:\/\/redsemlac.com\/semmexico\/wp-json\/wp\/v2\/media?parent=99101"}],"wp:term":[{"taxonomy":"category","embeddable":true,"href":"https:\/\/redsemlac.com\/semmexico\/wp-json\/wp\/v2\/categories?post=99101"},{"taxonomy":"post_tag","embeddable":true,"href":"https:\/\/redsemlac.com\/semmexico\/wp-json\/wp\/v2\/tags?post=99101"}],"curies":[{"name":"wp","href":"https:\/\/api.w.org\/{rel}","templated":true}]}}