{"id":99068,"date":"2025-09-29T20:42:47","date_gmt":"2025-09-30T02:42:47","guid":{"rendered":"https:\/\/redsemlac.com\/semmexico\/?p=99068"},"modified":"2025-09-29T20:42:48","modified_gmt":"2025-09-30T02:42:48","slug":"cuba-doydas-una-mentoria-de-emprendimientos-para-avanzar-y-crecer","status":"publish","type":"post","link":"https:\/\/redsemlac.com\/semmexico\/cuba-doydas-una-mentoria-de-emprendimientos-para-avanzar-y-crecer\/","title":{"rendered":"Cuba, DoyDas, una mentor\u00eda de emprendimientos para avanzar y crecer"},"content":{"rendered":"\n<ul class=\"wp-block-list\">\n<li>La iniciativa resume en su nombre el impulso, la resiliencia y la voluntad de su promotora<\/li>\n\n\n\n<li>A falta de aula, la primera clase la impartieron debajo de una mata de mango, a 42 mujeres en reclusi\u00f3n<br><br><\/li>\n<\/ul>\n\n\n\n<p class=\"wp-block-paragraph\">Sara M\u00e1s<\/p>\n\n\n\n<p class=\"wp-block-paragraph\">SemM\u00e9xico\/SEMlac, La Habana, 29 de septiembre, 2025.- Abrir puertas en los muros, sembrar confianza, iluminar los caminos invisibles y construir puentes entre ideas y hechos son algunas de las propuestas de DoyDas, un proyecto de mentor\u00eda para emprendimientos que acaba de abrir sus puertas en La Habana.<\/p>\n\n\n\n<p class=\"wp-block-paragraph\"><br>Su creadora es Sara Ida Hern\u00e1ndez Vald\u00e9s, una cubana que acaba de cumplir 59 de a\u00f1os el 20 de septiembre y ese mismo d\u00eda, por puro azar y en doble celebraci\u00f3n, festej\u00f3 junto a colegas, amistades, alumnos y seguidores su d\u00eda de nacimiento y los cinco a\u00f1os de \u00abYo puedo emprender\u00bb, un proyecto de formaci\u00f3n de capacidades para ese fin.<\/p>\n\n\n\n<p class=\"wp-block-paragraph\"><br>Fundado en los d\u00edas duros de la covid-19, bajo la dif\u00edcil combinaci\u00f3n de una pandemia devastadora y una prisi\u00f3n para mujeres en La Habana, esa iniciativa resume en su nombre el impulso, la resiliencia y la voluntad de su promotora, jurista de profesi\u00f3n, profesora por vocaci\u00f3n y mentora por elecci\u00f3n; pero, sobre todo, inspiraci\u00f3n para muchas otras mujeres.<\/p>\n\n\n\n<p class=\"wp-block-paragraph\"><br>\u00abNo he llegado hasta aqu\u00ed por casualidad; tengo una historia complicada, que no niego jam\u00e1s. No expongo mis defectos, ni enarbolo mis virtudes. No grito mis fracasos, pero disfruto cada peque\u00f1o logro como si fuera el m\u00e1s importante\u00bb, suscribe Sara Ida en Facebook, a modo de presentaci\u00f3n.<\/p>\n\n\n\n<p class=\"wp-block-paragraph\"><br><strong>Crecer en red<\/strong><\/p>\n\n\n\n<p class=\"wp-block-paragraph\"><br>Ofrecer herramientas a las reclusas para que salieran de prisi\u00f3n con mejores condiciones y preparaci\u00f3n a la hora de reinsertarse en la sociedad fue el prop\u00f3sito inicial de este proyecto.<\/p>\n\n\n\n<p class=\"wp-block-paragraph\"><br>\u00abEst\u00e1bamos en plena pandemia, ya sab\u00edamos que muchas mujeres no podr\u00edan emplearse en el sector estatal y los jueces de ejecuci\u00f3n suger\u00edan como nueva oportunidad de empleo el trabajo por cuenta propia; pero \u00bfc\u00f3mo hacerlo?\u00bb, recuerda Sara Ida a SEMlac.<\/p>\n\n\n\n<p class=\"wp-block-paragraph\"><br>Ella y otra interna se dieron a la tarea de dise\u00f1ar y elaborar un programa de formaci\u00f3n. A falta de aula, la primera clase la impartieron debajo de una mata de mango, a 42 mujeres. Luego se fueron organizando, tuvieron su propio local y hoy prosigue ese empe\u00f1o que, a la vez, crece en diferentes barrios de La Habana, bajo el liderazgo de Sara Ida y abierto a todas las personas interesadas.<\/p>\n\n\n\n<p class=\"wp-block-paragraph\"><br>\u00abTodav\u00eda tenemos el proyecto en la prisi\u00f3n. Ahora hay otra facilitadora y voy all\u00e1 de vez en cuando, para llevarles materiales y actualizaci\u00f3n\u00bb, comenta.<br>M\u00e1s de 400 mujeres y hombres de los municipios capitalinos de La Lisa, San Miguel del Padr\u00f3n, Diez de Octubre, Plaza y Cerro se han formado en sus talleres, como punto de partida y acompa\u00f1amiento para crear sus propios negocios y emprendimientos.<\/p>\n\n\n\n<p class=\"wp-block-paragraph\"><br>Para ella tampoco ha sido f\u00e1cil, reconoce. Crey\u00f3 que ser\u00eda un proyecto temporal y no saldr\u00eda de los muros de la prisi\u00f3n, confiesa. \u00abPorque es muy complicado cuando llegas con una propuesta as\u00ed, a la calle. La gente desconf\u00eda y lo primero que piensa es que no vas a cumplir, ni a someterte al control de ejecuci\u00f3n de las autoridades\u00bb, reflexiona.<\/p>\n\n\n\n<p class=\"wp-block-paragraph\"><br>Lo m\u00e1s dif\u00edcil, reconoce, es \u00abque la gente entienda que cuando se sale de una prisi\u00f3n eres tan persona como el que nunca ha ido; que lo entienda incluso la persona que, por ley, tiene la misi\u00f3n de reinsertarte a la sociedad\u00bb.<\/p>\n\n\n\n<p class=\"wp-block-paragraph\"><br>Asistir al encuentro \u00ab<a href=\"https:\/\/www.redsemlac-cuba.net\/redsemlac\/sociedad-y-cultura\/emprendedoras-juntan-voluntades-para-crecer\/\" target=\"_blank\" rel=\"noreferrer noopener\">Ellas emprenden<\/a>\u00ab, en abril de 2022, y fundar all\u00ed junto a otras mujeres la red \u00abJuntas emprendemos\u00bb, a solo 42 d\u00edas de iniciar su libertad condicional, le dio un vuelco a su existencia.<\/p>\n\n\n\n<p class=\"wp-block-paragraph\"><br>\u00abMe un\u00ed a la Federaci\u00f3n de Mujeres Cubanas y a la Red de Mujeres Emprendedoras el mismo d\u00eda, por decirlo de alguna manera\u00bb, precisa y agradece especialmente el apoyo que siempre encuentra en Anierka Fern\u00e1ndez del Monte, integrante del Secretariado Nacional de la organizaci\u00f3n que la acogi\u00f3 como colega y profesora.<\/p>\n\n\n\n<p class=\"wp-block-paragraph\"><br>\u00abDesde entonces empezamos a tejer una experiencia de colaboraci\u00f3n, pero sobre todo de impulso y empoderamiento de las mujeres. M\u00e1s que historias de \u00e9xitos, han sido cinco a\u00f1os de construir historias de crecimiento personal y desarrollo humano; de personas que quiz\u00e1s nunca se hubieran cre\u00eddo lo que eran capaces de ser y hacer\u00bb.<\/p>\n\n\n\n<p class=\"wp-block-paragraph\"><br>En el camino recorrido, \u00aba veces cuesta arriba, con obst\u00e1culos e incomprensiones, pero siempre con mucha voluntad\u00bb, hace menci\u00f3n especial a la red cubana de mujeres emprendedoras, \u00abuna comunidad para que otras mujeres tambi\u00e9n crezcan\u00bb, asegura.<\/p>\n\n\n\n<p class=\"wp-block-paragraph\"><br>\u00abLas mujeres nos enfrentamos todos los d\u00edas a sesgos machistas. Por tanto, vamos a promover todos los espacios donde podamos impulsar el emprendimiento femenino como punta de lanza de la autonom\u00eda econ\u00f3mica de las mujeres\u00bb.<\/p>\n\n\n\n<p class=\"wp-block-paragraph\"><br><strong>Conjugar el verbo dar<\/strong><\/p>\n\n\n\n<p class=\"wp-block-paragraph\"><br>Sin abandonar su espacio de profesora en \u00abYo puedo emprender\u00bb, Sara Ida Hern\u00e1ndez Vald\u00e9s abre otro ciclo de vida con DoyDas, el nuevo emprendimiento de mentor\u00eda que anuncia y lidera.<\/p>\n\n\n\n<p class=\"wp-block-paragraph\"><br>\u00abEs mi negocio, s\u00ed. Pero tambi\u00e9n es mi nueva forma de acompa\u00f1ar. Es un espacio de mentor\u00eda para emprendedores y emprendedoras, porque cada proceso se teje a mano, con tiempo, con escucha, con alma. No es f\u00f3rmula. No es receta. Es relaci\u00f3n. Es cuidado. Es comunidad\u00bb, as\u00ed lo explica.<\/p>\n\n\n\n<p class=\"wp-block-paragraph\"><br>Para nombrarlo, conjug\u00f3 en primera y segunda persona el verbo dar. \u00abDoyDas es dar y recibir, siempre con sentido y compromiso. La filosof\u00eda del `siempre dar\u00b4 asegura en la praxis el `siempre recibir\u00b4\u00bb, sostiene.<\/p>\n\n\n\n<p class=\"wp-block-paragraph\"><br>Ella parte de haber encontrado un prop\u00f3sito hermoso en ense\u00f1ar a emprender, en compartir saberes que no pudo usar en otros espacios. \u00abMe encanta ver el crecimiento de quienes se empiezan a formar en mis talleres. Soy embajadora y promotora de sus negocios y sus marcas\u00bb, a\u00f1ade.<\/p>\n\n\n\n<p class=\"wp-block-paragraph\"><br>A la vez, est\u00e1 consciente que el universo de los emprendimientos es un ecosistema complejo, plagado de incertidumbres, aprendizajes, voluntades y creatividad.<\/p>\n\n\n\n<p class=\"wp-block-paragraph\"><br>\u00abEn Cuba, por razones de diferente \u00edndole, el emprendimiento se torna complicado, comenzando porque es una novedad de poco m\u00e1s de treinta a\u00f1os, desde que se autorizaron las primeras licencias hasta hoy\u00bb, suscribe.<\/p>\n\n\n\n<p class=\"wp-block-paragraph\"><br>Esta cubana, que se describe como aut\u00e9ntica, sin filtros y con muchas ganas de seguir construyendo su vida, sigue apostando por ayudar a otras personas a construir la suya.<\/p>\n\n\n\n<p class=\"wp-block-paragraph\"><br>No es una&nbsp;<em>superwoman<\/em>, aclara, pero no ha encontrado otro modo de actuar como \u00abla mejor retribuci\u00f3n a tanto cari\u00f1o, impulso y apoyo que he recibido\u00bb, afirma.<br>Ahora, tras cinco a\u00f1os en la formaci\u00f3n de capacidades de emprendedores y emprendedoras y de recibir numerosas formaciones en l\u00ednea, elige ser mentora por cuenta propia.<\/p>\n\n\n\n<p class=\"wp-block-paragraph\"><br>La mejor explicaci\u00f3n de esa elecci\u00f3n y lo que desea hacer est\u00e1 en sus propias palabras: \u00abquienes asesoran dibujan el mapa y la ruta, quienes consultan sugieren la mejor manera de recorrerla. La diferencia es que quien mentorea sube al bote y rema parejo; si es un velero, ajusta las velas halando las cuerdas al mismo tiempo que el capit\u00e1n y corrige el rumbo, desde su experiencia\u00bb.<\/p>\n\n\n\n<p class=\"wp-block-paragraph\">SEM-SEMlac\/sm<\/p>\n\n\n\n<p class=\"wp-block-paragraph\"><\/p>\n","protected":false},"excerpt":{"rendered":"<p>Sara M\u00e1s SemM\u00e9xico\/SEMlac, La Habana, 29 de septiembre, 2025.- Abrir puertas en los muros, sembrar confianza, iluminar los caminos invisibles y construir puentes entre ideas y hechos son algunas de las propuestas de DoyDas, un proyecto de mentor\u00eda para emprendimientos que acaba de abrir sus puertas en La Habana. Su creadora es Sara Ida Hern\u00e1ndez [&hellip;]<\/p>\n","protected":false},"author":3,"featured_media":99069,"comment_status":"open","ping_status":"open","sticky":false,"template":"","format":"standard","meta":{"_monsterinsights_skip_tracking":false,"footnotes":""},"categories":[53],"tags":[],"class_list":["post-99068","post","type-post","status-publish","format-standard","has-post-thumbnail","category-internacional"],"_links":{"self":[{"href":"https:\/\/redsemlac.com\/semmexico\/wp-json\/wp\/v2\/posts\/99068","targetHints":{"allow":["GET"]}}],"collection":[{"href":"https:\/\/redsemlac.com\/semmexico\/wp-json\/wp\/v2\/posts"}],"about":[{"href":"https:\/\/redsemlac.com\/semmexico\/wp-json\/wp\/v2\/types\/post"}],"author":[{"embeddable":true,"href":"https:\/\/redsemlac.com\/semmexico\/wp-json\/wp\/v2\/users\/3"}],"replies":[{"embeddable":true,"href":"https:\/\/redsemlac.com\/semmexico\/wp-json\/wp\/v2\/comments?post=99068"}],"version-history":[{"count":0,"href":"https:\/\/redsemlac.com\/semmexico\/wp-json\/wp\/v2\/posts\/99068\/revisions"}],"wp:featuredmedia":[{"embeddable":true,"href":"https:\/\/redsemlac.com\/semmexico\/wp-json\/wp\/v2\/media\/99069"}],"wp:attachment":[{"href":"https:\/\/redsemlac.com\/semmexico\/wp-json\/wp\/v2\/media?parent=99068"}],"wp:term":[{"taxonomy":"category","embeddable":true,"href":"https:\/\/redsemlac.com\/semmexico\/wp-json\/wp\/v2\/categories?post=99068"},{"taxonomy":"post_tag","embeddable":true,"href":"https:\/\/redsemlac.com\/semmexico\/wp-json\/wp\/v2\/tags?post=99068"}],"curies":[{"name":"wp","href":"https:\/\/api.w.org\/{rel}","templated":true}]}}