{"id":99066,"date":"2025-09-29T20:39:32","date_gmt":"2025-09-30T02:39:32","guid":{"rendered":"https:\/\/redsemlac.com\/semmexico\/?p=99066"},"modified":"2025-09-29T20:39:33","modified_gmt":"2025-09-30T02:39:33","slug":"cuba-a-30-anos-de-beijing-el-desafio-de-acelerar-la-igualdad-de-genero","status":"publish","type":"post","link":"https:\/\/redsemlac.com\/semmexico\/cuba-a-30-anos-de-beijing-el-desafio-de-acelerar-la-igualdad-de-genero\/","title":{"rendered":"Cuba a 30 a\u00f1os de Beijing, el desaf\u00edo de acelerar la igualdad de g\u00e9nero"},"content":{"rendered":"\n<ul class=\"wp-block-list\">\n<li>La crisis econ\u00f3mica contin\u00faan afectando de modo diferenciado la vida de mujeres y ni\u00f1as<\/li>\n\n\n\n<li>La ampliaci\u00f3n efectiva de derechos no se traduce por s\u00ed misma en acceso real<\/li>\n<\/ul>\n\n\n\n<p class=\"wp-block-paragraph\">Lisandra Fari\u00f1as<br>SemM\u00e9xico\/SEMlac, La Habana, 29 de septiembre, 2025.-&nbsp;<a href=\"https:\/\/www.redsemlac-cuba.net\/download\/los-derechos-de-las-mujeres-bajo-examen-30-anos-despues-de-beijing-onu-mujeres-2025\" target=\"_blank\" rel=\"noreferrer noopener\">A 30 a\u00f1os de la Conferencia Mundial de la Mujer en Beijing<\/a>, los desaf\u00edos para las cubanas en la ruta hacia una sociedad con plena equidad de g\u00e9nero siguen siendo m\u00faltiples y complejos.<\/p>\n\n\n\n<p class=\"wp-block-paragraph\"><br>La ampliaci\u00f3n efectiva de derechos no se traduce por s\u00ed misma en acceso real, mientras la crisis econ\u00f3mica y las limitaciones de recursos contin\u00faan afectando de modo diferenciado la vida de mujeres y ni\u00f1as.<\/p>\n\n\n\n<p class=\"wp-block-paragraph\"><br>Esa certeza atraves\u00f3 el foro Generaci\u00f3n Igualdad, que reuni\u00f3 el 27 de septiembre en el Instituto Internacional de Periodismo Jos\u00e9 Mart\u00ed, de la capital cubana, a representantes de la sociedad civil, activistas, profesionales de la academia, representantes del parlamento, periodistas, agencias de Naciones Unidas y personas de diversas generaciones.<\/p>\n\n\n\n<p class=\"wp-block-paragraph\"><br>El espacio fue escenario del taller \u00abBeijing+30: 30 aceleradores para la igualdad. Di\u00e1logo intergeneracional\u00bb, que motiv\u00f3 el debate sobre ideas e iniciativas que permitan alcanzar los seis ejes del Programa de Acci\u00f3n Beijing+30: revoluci\u00f3n digital, vida sin pobreza, violencia cero, poder de decisi\u00f3n, paz y seguridad, y justicia clim\u00e1tica para todas las mujeres y las ni\u00f1as.<\/p>\n\n\n\n<p class=\"wp-block-paragraph\"><br><strong>Propuestas innovadoras para acelerar el cambio<\/strong><\/p>\n\n\n\n<p class=\"wp-block-paragraph\"><br>Las devoluciones de los grupos de trabajo del taller recogieron propuestas concretas enfocadas en cada uno de los seis pilares del programa. Para impulsar la revoluci\u00f3n digital, se sugiri\u00f3 la creaci\u00f3n de una plataforma integral que centralice informaci\u00f3n jur\u00eddica, ofertas de empleo y herramientas de auto-capacitaci\u00f3n para mujeres, con especial atenci\u00f3n a zonas de silencio.<\/p>\n\n\n\n<p class=\"wp-block-paragraph\"><br>\u00abSe trata de pensar fuera de la caja; articular actores que pudieran verse como diferentes, pero pueden tener objetivos comunes\u00bb, reflexion\u00f3 la psic\u00f3loga Yohanka Vald\u00e9s Jim\u00e9nez, especialista de la organizaci\u00f3n italiana de Cooperaci\u00f3n para el Desarrollo de los Pa\u00edses Emergentes (Cospe), quien facilit\u00f3 el espacio junto a la periodista Dalia Acosta.<\/p>\n\n\n\n<p class=\"wp-block-paragraph\"><br>Frente a la meta de&nbsp;<a href=\"https:\/\/www.redsemlac-cuba.net\/redsemlac\/violencia\/entrecruzamientos-entre-envejecimiento-vulnerabilidad-y-violencia\" target=\"_blank\" rel=\"noreferrer noopener\">una vida sin pobreza<\/a>, se abog\u00f3 por redes de empleo dirigidas a madres solteras y adultas mayores, la mayor habilitaci\u00f3n de espacios de cuidado infantil en centros laborales y la capacitaci\u00f3n en teletrabajo para estos grupos.<br>Acosta destac\u00f3 la necesidad de \u00abpensar en las mujeres cuidadoras, que no pueden dejar a la persona a su cargo y necesitan opciones laborales flexibles\u00bb.<\/p>\n\n\n\n<p class=\"wp-block-paragraph\"><br>En el \u00e1mbito de violencia cero, las ideas se centraron en la necesidad de una estrategia de comunicaci\u00f3n para difundir los servicios de atenci\u00f3n a las v\u00edctimas de violencia, la actualizaci\u00f3n de la Encuesta Nacional de G\u00e9nero -que data de 2016- y la capacitaci\u00f3n especializada para quienes operan estos servicios, ya sea desde los \u00e1mbitos jur\u00eddicos, penales o de salud.<\/p>\n\n\n\n<p class=\"wp-block-paragraph\"><br>No basta con que existan los derechos; las personas tienen que saber c\u00f3mo ejercerlos y actuar cuando se violan, trascendi\u00f3 en el debate.<\/p>\n\n\n\n<p class=\"wp-block-paragraph\"><br>Yudith Laura Ferreiro, Directora del Centro de Estudios de la Mujer de la Federaci\u00f3n de Mujeres Cubanas (FMC), destac\u00f3 la importancia de \u00abuna cultura de paz\u00bb, y reflexion\u00f3 sobre \u00abpreservar esas relaciones basadas en el respeto a nivel comunitario, barrial, laboral\u00bb.<\/p>\n\n\n\n<p class=\"wp-block-paragraph\"><br>La periodista Mileyda Men\u00e9ndez abog\u00f3 por incluir a los ni\u00f1os en estas narrativas: \u00abSi las feministas decimos que lo que no se nombra no existe, pues tenemos que nombrar a nuestros ni\u00f1os tambi\u00e9n\u00bb.<\/p>\n\n\n\n<p class=\"wp-block-paragraph\"><br>La justicia clim\u00e1tica se abord\u00f3 con propuestas de capacitaci\u00f3n para el manejo de la contaminaci\u00f3n, promoci\u00f3n de empleos verdes para mujeres y facilitaci\u00f3n del acceso a la tierra.<\/p>\n\n\n\n<p class=\"wp-block-paragraph\"><br>Sobre el poder de decisi\u00f3n pleno e igual, se subray\u00f3 la urgencia de capacitar con perspectiva de g\u00e9nero a todos los niveles, desde delegados locales hasta altos cargos, y establecer un sistema de monitoreo p\u00fablico de las pol\u00edticas.<\/p>\n\n\n\n<p class=\"wp-block-paragraph\"><br>El empoderamiento econ\u00f3mico de las mujeres fue defendido como una gran posibilidad para enfrentar desaf\u00edos como la violencia o la protecci\u00f3n del medio ambiente.<\/p>\n\n\n\n<p class=\"wp-block-paragraph\"><br>Ana Mar\u00eda Mej\u00eda, en representaci\u00f3n de la comunidad sorda, exigi\u00f3 una mirada interseccional: \u00ab\u00bfC\u00f3mo buscar ese espacio para la&nbsp;<a href=\"https:\/\/www.redsemlac-cuba.net\/redsemlac\/violencia\/violencias-silenciadas-en-ninas-y-mujeres-sordas-no-me-escuchas-no-te-escucho-no-te-veo\" target=\"_blank\" rel=\"noreferrer noopener\">mujer en situaci\u00f3n de discapacidad auditiva<\/a>? Necesitamos incentivos para que el sector no estatal tambi\u00e9n nos contrate\u00bb, dijo al referirse a los prejuicios y la discriminaci\u00f3n que a\u00fan persiste en torno a esta comunidad.<\/p>\n\n\n\n<p class=\"wp-block-paragraph\"><br><strong>Avances y desaf\u00edos en la mira<\/strong><\/p>\n\n\n\n<p class=\"wp-block-paragraph\"><br>La vicepresidenta de la Uni\u00f3n Nacional de Juristas de Cuba, Yamila Gonz\u00e1lez Ferrer, destac\u00f3 el fortalecimiento del marco normativo en la naci\u00f3n caribe\u00f1a con hitos como la Constituci\u00f3n de 2019, el Programa Nacional para el Adelanto de las Mujeres, el C\u00f3digo de las Familias, nuevas leyes procesales y el Observatorio Cubano sobre Igualdad de G\u00e9nero, entre otras.<\/p>\n\n\n\n<p class=\"wp-block-paragraph\"><br>Pero, advirti\u00f3, \u00ablos mayores retos est\u00e1n en la implementaci\u00f3n. Necesitamos cultura jur\u00eddica, capacitaci\u00f3n y recursos para que las pol\u00edticas se traduzcan en transformaciones reales en cada territorio\u00bb, alert\u00f3, al tiempo que subray\u00f3 el impacto diferenciado de la crisis econ\u00f3mica y del bloqueo en la vida cotidiana de las cubanas.<\/p>\n\n\n\n<p class=\"wp-block-paragraph\"><br>Gonz\u00e1lez Ferrer tambi\u00e9n identific\u00f3 la persistencia de estereotipos patriarcales como la base de la discriminaci\u00f3n y la violencia, y abog\u00f3 por una mirada interseccional que incluya a mujeres rurales, adultas mayores, del colectivo LGBTIQ+ y en situaci\u00f3n de discapacidad.<\/p>\n\n\n\n<p class=\"wp-block-paragraph\"><br>En sinton\u00eda con ese llamado,&nbsp;<a href=\"https:\/\/www.redsemlac-cuba.net\/redsemlac\/sociedad-y-cultura\/cubanas-lizette-vila-la-dignidad-es-lo-mas-importante-para-erigir-una-vida-video\" target=\"_blank\" rel=\"noreferrer noopener\">la documentalista Lizette Vila<\/a>, directora del Proyecto Palomas, Casa Productora de Audiovisuales para el Activismo Social y quien form\u00f3 parte de las 40 cubanas que asistieron a la hist\u00f3rica reuni\u00f3n en la capital china, evoc\u00f3 la cita de Beijing como \u00abun punto de inflexi\u00f3n que nos ense\u00f1\u00f3 que la felicidad tambi\u00e9n es un proyecto pol\u00edtico\u00bb y defendi\u00f3 el feminismo \u00abcomo pacto colectivo\u00bb para cambiar las estructuras de poder.<\/p>\n\n\n\n<p class=\"wp-block-paragraph\"><br><strong>Un foro de m\u00faltiples voces<\/strong><\/p>\n\n\n\n<p class=\"wp-block-paragraph\"><br>Teresa Amarelle Bou\u00e9, secretaria general de la FMC, subray\u00f3 que la igualdad de g\u00e9nero es una condici\u00f3n para el desarrollo sostenible con justicia social, un tema que, de acuerdo con el embajador de China en Cuba, Hua Xin, estar\u00e1 presente con fuerza de nuevo en Beijing, en octubre pr\u00f3ximo.<\/p>\n\n\n\n<p class=\"wp-block-paragraph\"><br>Francisco Pich\u00f3n, coordinador residente de la ONU en Cuba, reafirm\u00f3 la importancia de continuar trabajando por la igualdad, en un mundo que \u00abgasta seis veces m\u00e1s en la guerra que en proteger los derechos de las mujeres\u00bb.<\/p>\n\n\n\n<p class=\"wp-block-paragraph\"><br>En un mensaje virtual, Bibiana Aido, directora regional de ONU Mujeres para Am\u00e9rica Latina y el Caribe, recalc\u00f3 que la Declaraci\u00f3n de Beijing \u00absigue siendo el compromiso m\u00e1s amplio y ambicioso asumido por los estados para lograr la igualdad de g\u00e9nero\u00bb.<\/p>\n\n\n\n<p class=\"wp-block-paragraph\"><br>En el foro sesionaron en paralelo otros espacios como el encuentro \u00abBeijing+30: Derechos, igualdad y empoderamiento. Tejiendo redes desde la sociedad civil cubana\u00bb, una iniciativa que, de acuerdo con Teresa de Jes\u00fas Fern\u00e1ndez, coordinadora de la red de mujeres lesbianas y bisexuales, destac\u00f3 la intenci\u00f3n de \u00abcrear sinergias para lograr realmente las transformaciones en favor de la Cuba inclusiva que necesitamos\u00bb.<\/p>\n\n\n\n<p class=\"wp-block-paragraph\"><br>La jornada se complet\u00f3 con talleres pr\u00e1cticos como \u00abMujeres con C\u00f3digo. Impulsa tu emprendimiento con IA\u00bb, \u00abC\u00edrculo de cuidados. Encuentro sobre autocuidado de embarazadas\u00bb y \u00abZona Naranja: Desconecta las violencias. Taller con juventud por la no violencia\u00bb, organizado por OPS\/OMS junto a Unicef y donde se presentaron m\u00e1s de 10 experiencias contra la violencia, as\u00ed como una \u00abFeria de iniciativas por la igualdad\u00bb.<\/p>\n\n\n\n<p class=\"wp-block-paragraph\">SEM-SEMlac \/lf<\/p>\n","protected":false},"excerpt":{"rendered":"<p>Lisandra Fari\u00f1asSemM\u00e9xico\/SEMlac, La Habana, 29 de septiembre, 2025.-&nbsp;A 30 a\u00f1os de la Conferencia Mundial de la Mujer en Beijing, los desaf\u00edos para las cubanas en la ruta hacia una sociedad con plena equidad de g\u00e9nero siguen siendo m\u00faltiples y complejos. La ampliaci\u00f3n efectiva de derechos no se traduce por s\u00ed misma en acceso real, mientras [&hellip;]<\/p>\n","protected":false},"author":3,"featured_media":99061,"comment_status":"open","ping_status":"open","sticky":false,"template":"","format":"standard","meta":{"_monsterinsights_skip_tracking":false,"footnotes":""},"categories":[748],"tags":[],"class_list":["post-99066","post","type-post","status-publish","format-standard","has-post-thumbnail","category-cultura-feminista"],"_links":{"self":[{"href":"https:\/\/redsemlac.com\/semmexico\/wp-json\/wp\/v2\/posts\/99066","targetHints":{"allow":["GET"]}}],"collection":[{"href":"https:\/\/redsemlac.com\/semmexico\/wp-json\/wp\/v2\/posts"}],"about":[{"href":"https:\/\/redsemlac.com\/semmexico\/wp-json\/wp\/v2\/types\/post"}],"author":[{"embeddable":true,"href":"https:\/\/redsemlac.com\/semmexico\/wp-json\/wp\/v2\/users\/3"}],"replies":[{"embeddable":true,"href":"https:\/\/redsemlac.com\/semmexico\/wp-json\/wp\/v2\/comments?post=99066"}],"version-history":[{"count":0,"href":"https:\/\/redsemlac.com\/semmexico\/wp-json\/wp\/v2\/posts\/99066\/revisions"}],"wp:featuredmedia":[{"embeddable":true,"href":"https:\/\/redsemlac.com\/semmexico\/wp-json\/wp\/v2\/media\/99061"}],"wp:attachment":[{"href":"https:\/\/redsemlac.com\/semmexico\/wp-json\/wp\/v2\/media?parent=99066"}],"wp:term":[{"taxonomy":"category","embeddable":true,"href":"https:\/\/redsemlac.com\/semmexico\/wp-json\/wp\/v2\/categories?post=99066"},{"taxonomy":"post_tag","embeddable":true,"href":"https:\/\/redsemlac.com\/semmexico\/wp-json\/wp\/v2\/tags?post=99066"}],"curies":[{"name":"wp","href":"https:\/\/api.w.org\/{rel}","templated":true}]}}