{"id":99063,"date":"2025-09-29T20:38:28","date_gmt":"2025-09-30T02:38:28","guid":{"rendered":"https:\/\/redsemlac.com\/semmexico\/?p=99063"},"modified":"2025-09-29T20:38:29","modified_gmt":"2025-09-30T02:38:29","slug":"fortalecen-la-participacion-politica-de-las-mujeres-en-guerrero","status":"publish","type":"post","link":"https:\/\/redsemlac.com\/semmexico\/fortalecen-la-participacion-politica-de-las-mujeres-en-guerrero\/","title":{"rendered":"Fortalecen la participaci\u00f3n pol\u00edtica de las mujeres en Guerrero"},"content":{"rendered":"\n<ul class=\"wp-block-list\">\n<li>TEEGro realiza actividades con organizaciones sociales y partidos pol\u00edticos<\/li>\n<\/ul>\n\n\n\n<p class=\"wp-block-paragraph\">Baltazar Jim\u00e9nez Rosales<\/p>\n\n\n\n<p class=\"wp-block-paragraph\">SemM\u00e9xico\/Ceprovysa, 29 de septiembre, 2025.- Con el fin de que las mujeres lleguen bien preparadas a los procesos electorales, el Tribunal Electoral del Estado de Guerrero (TEEGro) lleva a cabo una serie de actividades dirigidos a organizaciones sociales y partidos pol\u00edticos en diferentes regiones del estado, inform\u00f3 la magistrada presidenta de este \u00f3rgano jurisdiccional, Alma Delia Eugenio Alcaraz.<\/p>\n\n\n\n<p class=\"wp-block-paragraph\"><br>Estos cursos, seminarios y talleres impulsados por el TEEGro abarcan diferentes t\u00f3picos y temas tendientes a fortalecer la participaci\u00f3n de las mujeres en los procesos electorales y su liderazgo en los espacios de toma de decisiones, as\u00ed como en cuestiones relacionadas a la violencia pol\u00edtica en raz\u00f3n de g\u00e9nero, se\u00f1al\u00f3.<\/p>\n\n\n\n<p class=\"wp-block-paragraph\"><br>Entrevistada sobre el tema de la participaci\u00f3n de las mujeres en la pol\u00edtica, Eugenio Alcaraz apunt\u00f3 que el TEEGro tiene varias acciones y actividades en todo el estado: \u201chemos estado en Iguala, Tlapa y Cuajinicuilapa, con los programas de mentor\u00eda, formaci\u00f3n y empoderamiento de las mujeres\u201d.<\/p>\n\n\n\n<p class=\"wp-block-paragraph\"><br>Magistrados, magistradas y representantes del TEEGro han participado en diversos encuentros nacionales como sucedi\u00f3 en la Primer Sala Regional donde se expuso sobre la Inteligencia Artificial en los procesos electorales, y la semana pasada mis compa\u00f1eros integrantes del pleno estuvimos en el encuentro de las magistraturas locales, donde compartieron experiencias y conocimientos con magistradas y magistrados de otros tribunales electorales y con magistrados y magistradas de la sala superior\u201d.<\/p>\n\n\n\n<p class=\"wp-block-paragraph\"><br>Asimismo, en septiembre, octubre, noviembre y diciembre se llevar\u00e1n a cabo los programas de mentor\u00eda adem\u00e1s de las pl\u00e1ticas con los partidos pol\u00edticos, en lo cual \u201cya se llevaron a cabo con el partido Movimiento Ciudadano, con el PAN, el Verde Ecologista y en pr\u00f3xima fecha ser\u00e1 con el PRD Guerrero y seguramente cerraremos con otros dos partidos m\u00e1s\u201d.<\/p>\n\n\n\n<p class=\"wp-block-paragraph\"><br>Alma Delia Eugenio indic\u00f3 que otras de las actividades del \u00f3rgano jurisdiccional a su cargo son los encuentros con organizaciones civiles con talleres de mentor\u00edas.}<br>La magistrada presidenta del TEEGro hizo especial menci\u00f3n del programa de capacitaci\u00f3n y sensibilizaci\u00f3n de la violencia pol\u00edtica contra las mujeres en raz\u00f3n de g\u00e9nero: \u201ctenemos ya programado el municipio de Eduardo Neri y la presentaci\u00f3n de un libro editado por el Tribunal Electoral del Estado sobre derechos humanos en materia electoral en este mes de septiembre lo tendremos que estar presentando en la Ciudad de M\u00e9xico y en Guerrero\u201d.<\/p>\n\n\n\n<p class=\"wp-block-paragraph\"><br>Asimismo, en pr\u00f3ximos d\u00edas ser\u00e1 presentado el diagn\u00f3stico \u201c\u00cdndice\u201d, que trata sobre el comportamiento de la violencia pol\u00edtica contra las mujeres en raz\u00f3n de g\u00e9nero y la actuaci\u00f3n de las autoridades correspondientes, sobre su participaci\u00f3n en la prevenci\u00f3n, y la sanci\u00f3n que se aplica.<\/p>\n\n\n\n<p class=\"wp-block-paragraph\"><br>Finalmente, para cerrar el a\u00f1o, el TEEGro presentar\u00e1 un concentrado de las sentencias relevantes que han hecho historia con el fin de que sea un material de consulta.<\/p>\n\n\n\n<p class=\"wp-block-paragraph\">SEM-Ceprovysa\/bjr<\/p>\n","protected":false},"excerpt":{"rendered":"<p>Baltazar Jim\u00e9nez Rosales SemM\u00e9xico\/Ceprovysa, 29 de septiembre, 2025.- Con el fin de que las mujeres lleguen bien preparadas a los procesos electorales, el Tribunal Electoral del Estado de Guerrero (TEEGro) lleva a cabo una serie de actividades dirigidos a organizaciones sociales y partidos pol\u00edticos en diferentes regiones del estado, inform\u00f3 la magistrada presidenta de este [&hellip;]<\/p>\n","protected":false},"author":3,"featured_media":99064,"comment_status":"open","ping_status":"open","sticky":false,"template":"","format":"standard","meta":{"_monsterinsights_skip_tracking":false,"footnotes":""},"categories":[700],"tags":[],"class_list":["post-99063","post","type-post","status-publish","format-standard","has-post-thumbnail","category-estados"],"_links":{"self":[{"href":"https:\/\/redsemlac.com\/semmexico\/wp-json\/wp\/v2\/posts\/99063","targetHints":{"allow":["GET"]}}],"collection":[{"href":"https:\/\/redsemlac.com\/semmexico\/wp-json\/wp\/v2\/posts"}],"about":[{"href":"https:\/\/redsemlac.com\/semmexico\/wp-json\/wp\/v2\/types\/post"}],"author":[{"embeddable":true,"href":"https:\/\/redsemlac.com\/semmexico\/wp-json\/wp\/v2\/users\/3"}],"replies":[{"embeddable":true,"href":"https:\/\/redsemlac.com\/semmexico\/wp-json\/wp\/v2\/comments?post=99063"}],"version-history":[{"count":0,"href":"https:\/\/redsemlac.com\/semmexico\/wp-json\/wp\/v2\/posts\/99063\/revisions"}],"wp:featuredmedia":[{"embeddable":true,"href":"https:\/\/redsemlac.com\/semmexico\/wp-json\/wp\/v2\/media\/99064"}],"wp:attachment":[{"href":"https:\/\/redsemlac.com\/semmexico\/wp-json\/wp\/v2\/media?parent=99063"}],"wp:term":[{"taxonomy":"category","embeddable":true,"href":"https:\/\/redsemlac.com\/semmexico\/wp-json\/wp\/v2\/categories?post=99063"},{"taxonomy":"post_tag","embeddable":true,"href":"https:\/\/redsemlac.com\/semmexico\/wp-json\/wp\/v2\/tags?post=99063"}],"curies":[{"name":"wp","href":"https:\/\/api.w.org\/{rel}","templated":true}]}}