{"id":9906,"date":"2019-07-19T17:03:51","date_gmt":"2019-07-19T17:03:51","guid":{"rendered":"https:\/\/redsemlac.com\/semmexico\/?p=9906"},"modified":"2023-07-21T14:50:39","modified_gmt":"2023-07-21T19:50:39","slug":"en-jalisco-se-pretende-proteger-la-integridad-y-dignidad-de-las-mujeres-en-las-redes-sociales","status":"publish","type":"post","link":"https:\/\/redsemlac.com\/semmexico\/en-jalisco-se-pretende-proteger-la-integridad-y-dignidad-de-las-mujeres-en-las-redes-sociales\/","title":{"rendered":"En Jalisco se pretende proteger la integridad y dignidad de las mujeres en las redes sociales"},"content":{"rendered":"\n<p class=\"wp-block-paragraph\"> <strong>Buscan integrar violencia digital contra mujeres en Ley. <\/strong><\/p>\n\n\n\n<p class=\"wp-block-paragraph\"><strong>Analy S. Nu\u00f1o<\/strong><\/p>\n\n\n\n<p class=\"wp-block-paragraph\">SemM\u00e9xico. Guadalajara, Jalisco. 19 de julio de 2019. &#8211; La Comisi\u00f3n de Derechos Humanos y Pueblos Originarios del Congreso de Jalisco, acord\u00f3 impulsar un dictamen para reformar el art\u00edculo 10 de la Ley de Acceso a&nbsp;una Vida Libre de Violencia del Estado para integrar la violencia ejercida contra las mujeres en las redes sociales.<\/p>\n\n\n\n<p class=\"wp-block-paragraph\">En el dictamen propuesto por la diputada panista Irma de Anda Licea, se afirma que los actos de violencia de g\u00e9nero cometidos a trav\u00e9s de tecnolog\u00edas de la Informaci\u00f3n y la comunicaci\u00f3n en plataformas de redes sociales son actos que lesionan y da\u00f1an la dignidad, integridad y la libertad de las mujeres y \u201cest\u00e1s nuevas formas de comunicarse influyen en los mecanismos de prevenir la violencia, creando la necesidad de adoptar nuevos recursos de protecci\u00f3n\u201d.<\/p>\n\n\n\n<p class=\"wp-block-paragraph\">Bajo esta justificaci\u00f3n se promueve la reforma al art\u00edculo de dicha Ley \u201ccon el prop\u00f3sito de proteger la integridad y dignidad de las mujeres sobre la violencia ejercida dentro de las redes sociales\u201d.<\/p>\n\n\n\n<p class=\"wp-block-paragraph\">El diputado Jorge Eduardo Gonz\u00e1lez Arana, presidente de la Comisi\u00f3n, respaldo la propuesta a fin de que \u201clos gobiernos estatales y municipales procuren erradicar acciones u omisiones il\u00edcitas y antijur\u00eddicas, que, por raz\u00f3n de discriminaci\u00f3n, generen violencia sexual o digital y cualquier forma an\u00e1loga que lesione o sean susceptibles de da\u00f1ar la dignidad, integridad o libertad de las mujeres\u201d.<\/p>\n\n\n\n<p class=\"wp-block-paragraph\">El dictamen detalla que la violencia digital es la divulgaci\u00f3n de fotos, videos e informaci\u00f3n personal con el prop\u00f3sito de humillar a un individuo.<\/p>\n\n\n\n<p class=\"wp-block-paragraph\">De acuerdo con los integrantes de la comisi\u00f3n legislativa la violencia contra las mujeres relacionada con las tecnolog\u00edas ha ido en aumento y se coloca como un tema de preocupaci\u00f3n p\u00fablica cada vez con m\u00e1s fuerza, lo que ha dado pie a la creaci\u00f3n de campa\u00f1as, propuestas y modificaciones legislativas.<\/p>\n\n\n\n<p class=\"wp-block-paragraph\">El art\u00edculo 10 de la Ley de Acceso de las Mujeres a una Vida Libre de Violencia del Estado contempla como tipos de violencia la f\u00edsica, psicol\u00f3gica, patrimonial, econ\u00f3mica y sexual, por ello se pretende agregar la modalidad de violencia digital.<br><\/p>\n","protected":false},"excerpt":{"rendered":"<p>Buscan integrar violencia digital contra mujeres en Ley. \ufeff<\/p>\n","protected":false},"author":3,"featured_media":9907,"comment_status":"open","ping_status":"open","sticky":false,"template":"","format":"standard","meta":{"_monsterinsights_skip_tracking":false,"footnotes":""},"categories":[690,51],"tags":[],"class_list":["post-9906","post","type-post","status-publish","format-standard","has-post-thumbnail","category-690","category-ejecutivo"],"_links":{"self":[{"href":"https:\/\/redsemlac.com\/semmexico\/wp-json\/wp\/v2\/posts\/9906","targetHints":{"allow":["GET"]}}],"collection":[{"href":"https:\/\/redsemlac.com\/semmexico\/wp-json\/wp\/v2\/posts"}],"about":[{"href":"https:\/\/redsemlac.com\/semmexico\/wp-json\/wp\/v2\/types\/post"}],"author":[{"embeddable":true,"href":"https:\/\/redsemlac.com\/semmexico\/wp-json\/wp\/v2\/users\/3"}],"replies":[{"embeddable":true,"href":"https:\/\/redsemlac.com\/semmexico\/wp-json\/wp\/v2\/comments?post=9906"}],"version-history":[{"count":0,"href":"https:\/\/redsemlac.com\/semmexico\/wp-json\/wp\/v2\/posts\/9906\/revisions"}],"wp:featuredmedia":[{"embeddable":true,"href":"https:\/\/redsemlac.com\/semmexico\/wp-json\/wp\/v2\/media\/9907"}],"wp:attachment":[{"href":"https:\/\/redsemlac.com\/semmexico\/wp-json\/wp\/v2\/media?parent=9906"}],"wp:term":[{"taxonomy":"category","embeddable":true,"href":"https:\/\/redsemlac.com\/semmexico\/wp-json\/wp\/v2\/categories?post=9906"},{"taxonomy":"post_tag","embeddable":true,"href":"https:\/\/redsemlac.com\/semmexico\/wp-json\/wp\/v2\/tags?post=9906"}],"curies":[{"name":"wp","href":"https:\/\/api.w.org\/{rel}","templated":true}]}}