{"id":99051,"date":"2025-09-29T20:29:10","date_gmt":"2025-09-30T02:29:10","guid":{"rendered":"https:\/\/redsemlac.com\/semmexico\/?p=99051"},"modified":"2025-09-29T20:29:11","modified_gmt":"2025-09-30T02:29:11","slug":"apoya-red-de-mujeres-sindicalistas-impulso-de-salario-base-a-las-deportistas","status":"publish","type":"post","link":"https:\/\/redsemlac.com\/semmexico\/apoya-red-de-mujeres-sindicalistas-impulso-de-salario-base-a-las-deportistas\/","title":{"rendered":"Apoya Red de Mujeres Sindicalistas impulso de salario base a las deportistas"},"content":{"rendered":"\n<ul class=\"wp-block-list\">\n<li>Se propuso un salario base a deportistas sin discriminaci\u00f3n de g\u00e9nero<\/li>\n\n\n\n<li>En el foro Cambiando la Jugada se destac\u00f3 impulsar los derechos laborales de las deportistas profesionales<\/li>\n<\/ul>\n\n\n\n<p class=\"wp-block-paragraph\">Redacci\u00f3n<\/p>\n\n\n\n<p class=\"wp-block-paragraph\">SemM\u00e9xico, Ciudad de M\u00e9xico, 29 de septiembre, 2025,- La Red de Mujeres Sindicalistas particip\u00f3 el pasado 18 de septiembre, en el foro \u201cCambiamos la Jugada\u201d realizado&nbsp;en el Senado de la Rep\u00fablica, en el marco del D\u00eda Internacional de la Igualdad Salarial.&nbsp;<\/p>\n\n\n\n<p class=\"wp-block-paragraph\">En el foro se abordaron algunas propuestas de iniciativas para impulsar un salario base a deportistas profesionales sin discriminaci\u00f3n por g\u00e9nero, discapacidad o cualquier otra condici\u00f3n que atente contra la dignidad humana.&nbsp;<\/p>\n\n\n\n<p class=\"wp-block-paragraph\">En su intervenci\u00f3n, Rosario Ortiz, integrante del \u00d3rgano Colegiado de la Red de Mujeres Sindicalistas, destac\u00f3 la importancia de que se impulsen los derechos laborales de las deportistas profesionales, que incluyan la erradicaci\u00f3n de la discriminaci\u00f3n y violencia de cualquier tipo.<\/p>\n\n\n\n<p class=\"wp-block-paragraph\">Por otra parte, resalt\u00f3 que en caso de que se aprueben estas iniciativas, las mujeres deportistas se organicen para reivindicar y exigir el cumplimiento de estas normas.<\/p>\n\n\n\n<p class=\"wp-block-paragraph\">En este foro participaron el senador Clemente Casta\u00f1eda, las y los diputados Patricia Mercado, Paola Longoria, Juan Armando Ruiz, Anayeli Mu\u00f1oz, Paola L\u00f3pez Yrigoyen y la periodista deportiva Marion Reimers.&nbsp;<\/p>\n\n\n\n<p class=\"wp-block-paragraph\">SEM\/sj<\/p>\n\n\n\n<figure class=\"wp-block-image size-large\"><a href=\"https:\/\/redsemlac.com\/semmexico\/wp-content\/uploads\/2025\/09\/rms-2-mc-1.jpg\"><img loading=\"lazy\" decoding=\"async\" width=\"1024\" height=\"682\" src=\"https:\/\/redsemlac.com\/semmexico\/wp-content\/uploads\/2025\/09\/rms-2-mc-1-1024x682.jpg\" alt=\"\" class=\"wp-image-99053\" srcset=\"https:\/\/redsemlac.com\/semmexico\/wp-content\/uploads\/2025\/09\/rms-2-mc-1-1024x682.jpg 1024w, https:\/\/redsemlac.com\/semmexico\/wp-content\/uploads\/2025\/09\/rms-2-mc-1-300x200.jpg 300w, https:\/\/redsemlac.com\/semmexico\/wp-content\/uploads\/2025\/09\/rms-2-mc-1-768x511.jpg 768w, https:\/\/redsemlac.com\/semmexico\/wp-content\/uploads\/2025\/09\/rms-2-mc-1-150x100.jpg 150w, https:\/\/redsemlac.com\/semmexico\/wp-content\/uploads\/2025\/09\/rms-2-mc-1-696x463.jpg 696w, https:\/\/redsemlac.com\/semmexico\/wp-content\/uploads\/2025\/09\/rms-2-mc-1-1068x711.jpg 1068w, https:\/\/redsemlac.com\/semmexico\/wp-content\/uploads\/2025\/09\/rms-2-mc-1.jpg 1280w\" sizes=\"auto, (max-width: 1024px) 100vw, 1024px\" \/><\/a><\/figure>\n","protected":false},"excerpt":{"rendered":"<p>Redacci\u00f3n SemM\u00e9xico, Ciudad de M\u00e9xico, 29 de septiembre, 2025,- La Red de Mujeres Sindicalistas particip\u00f3 el pasado 18 de septiembre, en el foro \u201cCambiamos la Jugada\u201d realizado&nbsp;en el Senado de la Rep\u00fablica, en el marco del D\u00eda Internacional de la Igualdad Salarial.&nbsp; En el foro se abordaron algunas propuestas de iniciativas para impulsar un salario [&hellip;]<\/p>\n","protected":false},"author":3,"featured_media":99052,"comment_status":"open","ping_status":"open","sticky":false,"template":"","format":"standard","meta":{"_monsterinsights_skip_tracking":false,"footnotes":""},"categories":[748],"tags":[],"class_list":["post-99051","post","type-post","status-publish","format-standard","has-post-thumbnail","category-cultura-feminista"],"_links":{"self":[{"href":"https:\/\/redsemlac.com\/semmexico\/wp-json\/wp\/v2\/posts\/99051","targetHints":{"allow":["GET"]}}],"collection":[{"href":"https:\/\/redsemlac.com\/semmexico\/wp-json\/wp\/v2\/posts"}],"about":[{"href":"https:\/\/redsemlac.com\/semmexico\/wp-json\/wp\/v2\/types\/post"}],"author":[{"embeddable":true,"href":"https:\/\/redsemlac.com\/semmexico\/wp-json\/wp\/v2\/users\/3"}],"replies":[{"embeddable":true,"href":"https:\/\/redsemlac.com\/semmexico\/wp-json\/wp\/v2\/comments?post=99051"}],"version-history":[{"count":0,"href":"https:\/\/redsemlac.com\/semmexico\/wp-json\/wp\/v2\/posts\/99051\/revisions"}],"wp:featuredmedia":[{"embeddable":true,"href":"https:\/\/redsemlac.com\/semmexico\/wp-json\/wp\/v2\/media\/99052"}],"wp:attachment":[{"href":"https:\/\/redsemlac.com\/semmexico\/wp-json\/wp\/v2\/media?parent=99051"}],"wp:term":[{"taxonomy":"category","embeddable":true,"href":"https:\/\/redsemlac.com\/semmexico\/wp-json\/wp\/v2\/categories?post=99051"},{"taxonomy":"post_tag","embeddable":true,"href":"https:\/\/redsemlac.com\/semmexico\/wp-json\/wp\/v2\/tags?post=99051"}],"curies":[{"name":"wp","href":"https:\/\/api.w.org\/{rel}","templated":true}]}}