{"id":99045,"date":"2025-09-29T20:23:14","date_gmt":"2025-09-30T02:23:14","guid":{"rendered":"https:\/\/redsemlac.com\/semmexico\/?p=99045"},"modified":"2025-09-29T20:23:15","modified_gmt":"2025-09-30T02:23:15","slug":"marchan-en-cdmx-por-derecho-a-abortar-con-seguridad","status":"publish","type":"post","link":"https:\/\/redsemlac.com\/semmexico\/marchan-en-cdmx-por-derecho-a-abortar-con-seguridad\/","title":{"rendered":"Marchan en CDMX por derecho a abortar con seguridad"},"content":{"rendered":"\n<ul class=\"wp-block-list\">\n<li>Decenas de mujeres se reunieron en Paseo de la Reforma con diferentes actividades para urgir la salida del aborto de todos los c\u00f3digos penales<\/li>\n\n\n\n<li>Colectivos feministas colgaron una manta en favor del aborto en el \u00c1ngel de la Independencia<\/li>\n<\/ul>\n\n\n\n<p class=\"wp-block-paragraph\">Karla Mora<\/p>\n\n\n\n<p class=\"wp-block-paragraph\">SemM\u00e9xico\/El Sol de M\u00e9xico, 29 de septiembre, 2025.- Decenas de&nbsp;<strong>mujeres pertenecientes a colectivas y de la sociedad civil&nbsp;<\/strong>se reunieron en distintos puntos aleda\u00f1os a&nbsp;<strong>Paseo de la Reforma<\/strong>, en el marco del&nbsp;<strong>D\u00eda de Acci\u00f3n Global por el Acceso al Aborto Legal y Seguro.<\/strong>&nbsp;La petici\u00f3n principal fue tener acceso a&nbsp;<strong>procedimientos seguros y la eliminaci\u00f3n total del aborto de las leyes penales<\/strong>.<\/p>\n\n\n\n<p class=\"wp-block-paragraph\">Algunas de las participantes coincidieron en que c<strong>ada a\u00f1o son menos las que salen a manifestarse<\/strong>; sin embargo, aseguraron que continuar\u00e1n en la lucha, hasta lograr que l<strong>as mujeres no sean criminalizadas en ninguna parte del pa\u00eds<\/strong>&nbsp;por recurrir a esta pr\u00e1ctica.<\/p>\n\n\n\n<p class=\"wp-block-paragraph\"><strong>Daptnhe Cuevas<\/strong>&nbsp;Ortiz, titular de la&nbsp;<strong>Secretar\u00eda de las Mujeres de la Ciudad de M\u00e9xico<\/strong>, declar\u00f3 que cada 28 de septiembre, las feministas de todo el mundo toman los espacios p\u00fablicos, los recintos y las escuelas, para hacer jornadas de activismo que recuerden al mundo el&nbsp;<strong>derecho de las mujeres a decidir sobre su cuerpo<\/strong>, y la CDMX no es la excepci\u00f3n.<\/p>\n\n\n\n<p class=\"wp-block-paragraph\">La funcionaria destac\u00f3 que&nbsp;<strong>la capital del pa\u00eds fue la primera en Am\u00e9rica Latina en eliminar el aborto hasta la semana 12 de gestaci\u00f3n<\/strong>, por lo que actualmente la lucha est\u00e1 enfocada en ir a la par del fallo emitido por la Suprema Corte de Justicia en 2023, cuando determin\u00f3 que&nbsp;<strong>penalizar a una mujer por abortar no es constitucional.<\/strong><\/p>\n\n\n\n<p class=\"wp-block-paragraph\">\u201cPara que eso ocurra se requiere&nbsp;<strong>eliminar el aborto del C\u00f3digo Penal<\/strong>. Entiendo que en el Congreso (de la CDMX) ya hubo una iniciativa el a\u00f1o pasado y ese debate contin\u00faa. Yo tengo la expectativa de que eso sea algo que&nbsp;<strong>se logre en el marco de este sexenio<\/strong>, porque e<strong>l aborto es un asunto de salud p\u00fablica<\/strong>&nbsp;y el lugar en donde debe estar es en la atenci\u00f3n que requieren las mujeres, para que cuando decidan interrumpir un embarazo, lo hagan en condiciones de&nbsp;<strong>seguridad, de gratuidad y sin ninguna afectaci\u00f3n<\/strong>&nbsp;para su salud\u201d, dijo.<\/p>\n\n\n\n<p class=\"wp-block-paragraph\">Uno de los colectivos participantes fue&nbsp;<strong>Rosas Rojas<\/strong>, el cual resalt\u00f3 la necesidad de&nbsp;<strong>crear un frente de mujeres que luchen frente a la violencia, el feminicidio y el genocidio<\/strong>. Olga Rosas, integrante del colectivo, se\u00f1al\u00f3 que pese a lo que determin\u00f3 la Corte en 2023,&nbsp;<strong>a\u00fan no hay garant\u00eda plena del derecho de las mujeres a decidir sobre sus propios cuerpos<\/strong>.<\/p>\n\n\n\n<p class=\"wp-block-paragraph\">\u201cSeguimos firmes y convencidas de que e<strong>s necesario y urgente la aprobaci\u00f3n del aborto a la par de la implementaci\u00f3n de una educaci\u00f3n sexual integral y laica<\/strong>&nbsp;en todos los niveles educativos, para enfrentar el problema de salud p\u00fablica que significa el aborto que d\u00eda a d\u00eda cobra la vida de muchas mujeres y ni\u00f1as\u201d, declar\u00f3 frente al Hemiciclo a Ju\u00e1rez.<\/p>\n\n\n\n<p class=\"wp-block-paragraph\">La red&nbsp;<strong>Women On Fire<\/strong>&nbsp;expuso que el derecho de las mujeres a decidir sobre su cuerpo&nbsp;<strong>a\u00fan no es real para todas<\/strong>, por lo que la lucha por su despenalizaci\u00f3n es urgente. \u201cNegar el acceso al aborto es&nbsp;<strong>perpetuar desigualdades<\/strong>&nbsp;y no podemos permitir que sea un privilegio de unas cuantas, por eso,&nbsp;<strong>reafirmamos nuestro compromiso de seguir organiz\u00e1ndonos, educando y moviliz\u00e1ndonos<\/strong>&nbsp;en cada espacio, porque s\u00f3lo as\u00ed se transforma la realidad\u201d, se\u00f1alaron.<\/p>\n\n\n\n<p class=\"wp-block-paragraph\">SEM-El Sol de M\u00e9xico\/km<\/p>\n\n\n\n<figure class=\"wp-block-gallery has-nested-images columns-default is-cropped wp-block-gallery-1 is-layout-flex wp-block-gallery-is-layout-flex\">\n<figure class=\"wp-block-image size-large\"><a href=\"https:\/\/redsemlac.com\/semmexico\/wp-content\/uploads\/2025\/09\/aborto-2.jpg\"><img loading=\"lazy\" decoding=\"async\" width=\"1024\" height=\"682\" data-id=\"99049\" src=\"https:\/\/redsemlac.com\/semmexico\/wp-content\/uploads\/2025\/09\/aborto-2-1024x682.jpg\" alt=\"\" class=\"wp-image-99049\" srcset=\"https:\/\/redsemlac.com\/semmexico\/wp-content\/uploads\/2025\/09\/aborto-2-1024x682.jpg 1024w, https:\/\/redsemlac.com\/semmexico\/wp-content\/uploads\/2025\/09\/aborto-2-300x200.jpg 300w, https:\/\/redsemlac.com\/semmexico\/wp-content\/uploads\/2025\/09\/aborto-2-768x512.jpg 768w, https:\/\/redsemlac.com\/semmexico\/wp-content\/uploads\/2025\/09\/aborto-2-150x100.jpg 150w, https:\/\/redsemlac.com\/semmexico\/wp-content\/uploads\/2025\/09\/aborto-2-696x464.jpg 696w, https:\/\/redsemlac.com\/semmexico\/wp-content\/uploads\/2025\/09\/aborto-2-1068x712.jpg 1068w, https:\/\/redsemlac.com\/semmexico\/wp-content\/uploads\/2025\/09\/aborto-2.jpg 1280w\" sizes=\"auto, (max-width: 1024px) 100vw, 1024px\" \/><\/a><\/figure>\n\n\n\n<figure class=\"wp-block-image size-large\"><a href=\"https:\/\/redsemlac.com\/semmexico\/wp-content\/uploads\/2025\/09\/aborto-3.jpg\"><img loading=\"lazy\" decoding=\"async\" width=\"1024\" height=\"682\" data-id=\"99048\" src=\"https:\/\/redsemlac.com\/semmexico\/wp-content\/uploads\/2025\/09\/aborto-3-1024x682.jpg\" alt=\"\" class=\"wp-image-99048\" srcset=\"https:\/\/redsemlac.com\/semmexico\/wp-content\/uploads\/2025\/09\/aborto-3-1024x682.jpg 1024w, https:\/\/redsemlac.com\/semmexico\/wp-content\/uploads\/2025\/09\/aborto-3-300x200.jpg 300w, https:\/\/redsemlac.com\/semmexico\/wp-content\/uploads\/2025\/09\/aborto-3-768x512.jpg 768w, https:\/\/redsemlac.com\/semmexico\/wp-content\/uploads\/2025\/09\/aborto-3-150x100.jpg 150w, https:\/\/redsemlac.com\/semmexico\/wp-content\/uploads\/2025\/09\/aborto-3-696x464.jpg 696w, https:\/\/redsemlac.com\/semmexico\/wp-content\/uploads\/2025\/09\/aborto-3-1068x712.jpg 1068w, https:\/\/redsemlac.com\/semmexico\/wp-content\/uploads\/2025\/09\/aborto-3.jpg 1280w\" sizes=\"auto, (max-width: 1024px) 100vw, 1024px\" \/><\/a><\/figure>\n<\/figure>\n\n\n\n<figure class=\"wp-block-image size-large\"><a href=\"https:\/\/redsemlac.com\/semmexico\/wp-content\/uploads\/2025\/09\/aborto-4.jpg\"><img loading=\"lazy\" decoding=\"async\" width=\"1024\" height=\"682\" src=\"https:\/\/redsemlac.com\/semmexico\/wp-content\/uploads\/2025\/09\/aborto-4-1024x682.jpg\" alt=\"\" class=\"wp-image-99047\" srcset=\"https:\/\/redsemlac.com\/semmexico\/wp-content\/uploads\/2025\/09\/aborto-4-1024x682.jpg 1024w, https:\/\/redsemlac.com\/semmexico\/wp-content\/uploads\/2025\/09\/aborto-4-300x200.jpg 300w, https:\/\/redsemlac.com\/semmexico\/wp-content\/uploads\/2025\/09\/aborto-4-768x512.jpg 768w, https:\/\/redsemlac.com\/semmexico\/wp-content\/uploads\/2025\/09\/aborto-4-150x100.jpg 150w, https:\/\/redsemlac.com\/semmexico\/wp-content\/uploads\/2025\/09\/aborto-4-696x464.jpg 696w, https:\/\/redsemlac.com\/semmexico\/wp-content\/uploads\/2025\/09\/aborto-4-1068x712.jpg 1068w, https:\/\/redsemlac.com\/semmexico\/wp-content\/uploads\/2025\/09\/aborto-4.jpg 1280w\" sizes=\"auto, (max-width: 1024px) 100vw, 1024px\" \/><\/a><\/figure>\n","protected":false},"excerpt":{"rendered":"<p>Karla Mora SemM\u00e9xico\/El Sol de M\u00e9xico, 29 de septiembre, 2025.- Decenas de&nbsp;mujeres pertenecientes a colectivas y de la sociedad civil&nbsp;se reunieron en distintos puntos aleda\u00f1os a&nbsp;Paseo de la Reforma, en el marco del&nbsp;D\u00eda de Acci\u00f3n Global por el Acceso al Aborto Legal y Seguro.&nbsp;La petici\u00f3n principal fue tener acceso a&nbsp;procedimientos seguros y la eliminaci\u00f3n total [&hellip;]<\/p>\n","protected":false},"author":3,"featured_media":99046,"comment_status":"open","ping_status":"open","sticky":false,"template":"","format":"standard","meta":{"_monsterinsights_skip_tracking":false,"footnotes":""},"categories":[694],"tags":[],"class_list":["post-99045","post","type-post","status-publish","format-standard","has-post-thumbnail","category-destacadas"],"_links":{"self":[{"href":"https:\/\/redsemlac.com\/semmexico\/wp-json\/wp\/v2\/posts\/99045","targetHints":{"allow":["GET"]}}],"collection":[{"href":"https:\/\/redsemlac.com\/semmexico\/wp-json\/wp\/v2\/posts"}],"about":[{"href":"https:\/\/redsemlac.com\/semmexico\/wp-json\/wp\/v2\/types\/post"}],"author":[{"embeddable":true,"href":"https:\/\/redsemlac.com\/semmexico\/wp-json\/wp\/v2\/users\/3"}],"replies":[{"embeddable":true,"href":"https:\/\/redsemlac.com\/semmexico\/wp-json\/wp\/v2\/comments?post=99045"}],"version-history":[{"count":0,"href":"https:\/\/redsemlac.com\/semmexico\/wp-json\/wp\/v2\/posts\/99045\/revisions"}],"wp:featuredmedia":[{"embeddable":true,"href":"https:\/\/redsemlac.com\/semmexico\/wp-json\/wp\/v2\/media\/99046"}],"wp:attachment":[{"href":"https:\/\/redsemlac.com\/semmexico\/wp-json\/wp\/v2\/media?parent=99045"}],"wp:term":[{"taxonomy":"category","embeddable":true,"href":"https:\/\/redsemlac.com\/semmexico\/wp-json\/wp\/v2\/categories?post=99045"},{"taxonomy":"post_tag","embeddable":true,"href":"https:\/\/redsemlac.com\/semmexico\/wp-json\/wp\/v2\/tags?post=99045"}],"curies":[{"name":"wp","href":"https:\/\/api.w.org\/{rel}","templated":true}]}}