{"id":99036,"date":"2025-09-29T19:33:42","date_gmt":"2025-09-30T01:33:42","guid":{"rendered":"https:\/\/redsemlac.com\/semmexico\/?p=99036"},"modified":"2025-09-29T19:33:43","modified_gmt":"2025-09-30T01:33:43","slug":"sin-seguridad-social-el-86-de-las-trabajadoras-agricolas-del-pais","status":"publish","type":"post","link":"https:\/\/redsemlac.com\/semmexico\/sin-seguridad-social-el-86-de-las-trabajadoras-agricolas-del-pais\/","title":{"rendered":"Sin seguridad social el 86 % de las trabajadoras agr\u00edcolas del pa\u00eds"},"content":{"rendered":"\n<ul class=\"wp-block-list\">\n<li>La alianza UNIDAS demanda al gobierno federal asegurar la contrataci\u00f3n formal de m\u00e1s de 368 mil trabajadoras agr\u00edcolas<\/li>\n\n\n\n<li>90 % carece de contrato formal<\/li>\n<\/ul>\n\n\n\n<p class=\"wp-block-paragraph\">Elda Montiel<\/p>\n\n\n\n<p class=\"wp-block-paragraph\">SemM\u00e9xico, Ciudad de M\u00e9xico, 29 de septiembre 2025.- El 86 por ciento de las trabajadoras agr\u00edcolas carecen de seguridad social; 90 por ciento carece de contrato formal, prevalecen los acuerdos verbales, y las que est\u00e1n afiliadas al IMSS enfrentan la reducci\u00f3n de guarder\u00edas en un 50 por ciento y se han incrementado los accidentes de trabajo en un 35 por ciento, revela el Informe \u201cSembrando el cambio: Hacia un futuro justo para las trabajadoras agr\u00edcolas en M\u00e9xico\u201d.<\/p>\n\n\n\n<p class=\"wp-block-paragraph\">En 2024 se estimaba 368 mil trabajadoras agr\u00edcolas en el pa\u00eds, el 48 por ciento de ellas enfrenta pobreza multidimensional, con alta presencia de j\u00f3venes madres, mujeres ind\u00edgenas y con bajos niveles educativos, de acuerdo con el CONEVAL.<\/p>\n\n\n\n<p class=\"wp-block-paragraph\">El informe de pol\u00edtica p\u00fablica elaborado por UNIDAS, la alianza de Oxfam M\u00e9xico, Ethos Innovaci\u00f3n en Pol\u00edticas P\u00fablicas, ProDESC y Fundaci\u00f3n Avina evidencia que las empresas incumplen lo establecido por Ley que todas las personas agr\u00edcolas o jornaleras deben estar afiliadas al Instituto Mexicano del Seguro Social (IMSS) y utilizan mecanismos fraudulentos como los \u201cpases\u201d en caso de accidentes laborales, que es la atenci\u00f3n m\u00e9dica eventual sin generar derechos.<\/p>\n\n\n\n<p class=\"wp-block-paragraph\">Aunado a esto, se\u00f1alan una ambig\u00fcedad del Estado al no vigilar estas contrataciones y generar un vac\u00edo que perpet\u00faa la impunidad. La falta institucional de inspectores federales, s\u00f3lo existen 660 inspectores para supervisar m\u00e1s de 456 mil centros de trabajo registrados en todo el pa\u00eds, lo que agrava el problema y dificulta la capacidad del Estado para proteger y garantizar derechos humanos y trabajo digno.<\/p>\n\n\n\n<p class=\"wp-block-paragraph\">El 90 por ciento de las trabajadoras agr\u00edcola carece de contrato formal, prevalecen los acuerdos verbales, lo que constituye una violaci\u00f3n directa a la Ley Federal del Trabajo y provoca que no se pueda garantizar el ejercicio de derechos laborales como vacaciones, aguinaldo o seguridad social, mientras que personas empleadoras abusan de la figura de intermediarios para evadir responsabilidades.<\/p>\n\n\n\n<p class=\"wp-block-paragraph\">A la falta de contratos formales, seguridad social y protocolos contra riesgos en el trabajo, se suma la doble carga de cuidados.&nbsp;En la \u00faltima d\u00e9cada, se redujeron las \u201cguarder\u00edas de campo\u201d del IMSS un 50 por ciento, pasando de 13 en 2012 a 6 para 2024, adem\u00e1s de un recorte presupuestal del 37 por ciento para este servicio, lo que obliga a las jornaleras agr\u00edcolas a vivir una sobrecarga de cuidados, a abandonar sus empleos o incluso a llevar a sus hijos e hijas a sus centros de trabajo, lo que aumenta el riesgo de accidentes, propicia el trabajo infantil y agudiza el rezago y la deserci\u00f3n escolar.<\/p>\n\n\n\n<p class=\"wp-block-paragraph\">Los datos del informe revelan que la proporci\u00f3n de accidentes de trabajo reportados al IMSS de jornaleras agr\u00edcolas pas\u00f3 del seis por ciento en 2000 al 35 por ciento en 2024. Las mujeres jornaleras est\u00e1n expuestas a mayores accidentes laborales que ponen en riesgo su vida debido a la exposici\u00f3n a plaguicidas, los golpes de calor o la deshidrataci\u00f3n de acuerdo con la Organizaci\u00f3n Mundial de la Salud (OMS). El organismo estima que, a nivel global,&nbsp;270 mil personas jornaleras agr\u00edcolas mueren al a\u00f1o por accidentes laborales.<\/p>\n\n\n\n<p class=\"wp-block-paragraph\">Adem\u00e1s de que est\u00e1n expuestas a acoso laboral y sexual sin protocolos efectivos, brechas salariales y tareas asignadas por estereotipos de g\u00e9nero.<\/p>\n\n\n\n<p class=\"wp-block-paragraph\"><strong>Trabajo justo para jornaleras agr\u00edcolas<\/strong><\/p>\n\n\n\n<p class=\"wp-block-paragraph\">UNIDAS hace un llamado al gobierno federal para que se garantice el cumplimiento de la ley mediante una vigilancia efectiva y transparente que fortalezca la inspecci\u00f3n con perspectiva de g\u00e9nero.<\/p>\n\n\n\n<p class=\"wp-block-paragraph\">Se asegure la afiliaci\u00f3n real al IMSS de las trabajadoras y se erradiquen los mecanismos informales de acceso a la salud (\u201cpases\u201d).<\/p>\n\n\n\n<p class=\"wp-block-paragraph\">Se ampl\u00eden y adapten los servicios de guarder\u00eda para las familias agr\u00edcolas.<\/p>\n\n\n\n<p class=\"wp-block-paragraph\">Se implementen protocolos contra la violencia y discriminaci\u00f3n de las mujeres trabajadoras agr\u00edcolas.&nbsp;<\/p>\n\n\n\n<p class=\"wp-block-paragraph\">Demanda que los compromisos presidenciales se traduzcan en hechos, y que se garantice un futuro con trabajo justo para las trabajadoras agr\u00edcolas en M\u00e9xico dado que recuerdan como presidenta electa, la doctora Claudia Sheinbaum, se comprometi\u00f3 a que el&nbsp;Sistema Nacional de Cuidados priorizar\u00eda a las mujeres del campo.<\/p>\n\n\n\n<p class=\"wp-block-paragraph\">Posteriormente, en su propuesta de gobierno, anunci\u00f3&nbsp;la creaci\u00f3n de centros de cuidado infantil para hijas e hijos de personas jornaleras agr\u00edcolas&nbsp;y en diciembre de 2024 present\u00f3&nbsp;un programa integral de apoyo en Sinaloa, reconociendo la necesidad de formalizar el empleo agr\u00edcola.&nbsp;Lo anterior demuestra el reconocimiento del gobierno actual sobre la situaci\u00f3n precaria que atraviesan las mujeres jornaleras. Las trabajadoras agr\u00edcolas son fundamentales para la econom\u00eda y la seguridad alimentaria del pa\u00eds.<\/p>\n\n\n\n<p class=\"wp-block-paragraph\">SEM\/em\/sj<\/p>\n\n\n\n<figure class=\"wp-block-image size-large\"><a href=\"https:\/\/redsemlac.com\/semmexico\/wp-content\/uploads\/2025\/09\/SIN-SEGURIDAD-2-.JPG.png\"><img loading=\"lazy\" decoding=\"async\" width=\"791\" height=\"1024\" src=\"https:\/\/redsemlac.com\/semmexico\/wp-content\/uploads\/2025\/09\/SIN-SEGURIDAD-2-.JPG-791x1024.png\" alt=\"\" class=\"wp-image-99037\" srcset=\"https:\/\/redsemlac.com\/semmexico\/wp-content\/uploads\/2025\/09\/SIN-SEGURIDAD-2-.JPG-791x1024.png 791w, https:\/\/redsemlac.com\/semmexico\/wp-content\/uploads\/2025\/09\/SIN-SEGURIDAD-2-.JPG-232x300.png 232w, https:\/\/redsemlac.com\/semmexico\/wp-content\/uploads\/2025\/09\/SIN-SEGURIDAD-2-.JPG-768x994.png 768w, https:\/\/redsemlac.com\/semmexico\/wp-content\/uploads\/2025\/09\/SIN-SEGURIDAD-2-.JPG-1187x1536.png 1187w, https:\/\/redsemlac.com\/semmexico\/wp-content\/uploads\/2025\/09\/SIN-SEGURIDAD-2-.JPG-150x194.png 150w, https:\/\/redsemlac.com\/semmexico\/wp-content\/uploads\/2025\/09\/SIN-SEGURIDAD-2-.JPG-300x388.png 300w, https:\/\/redsemlac.com\/semmexico\/wp-content\/uploads\/2025\/09\/SIN-SEGURIDAD-2-.JPG-696x901.png 696w, https:\/\/redsemlac.com\/semmexico\/wp-content\/uploads\/2025\/09\/SIN-SEGURIDAD-2-.JPG-1068x1382.png 1068w, https:\/\/redsemlac.com\/semmexico\/wp-content\/uploads\/2025\/09\/SIN-SEGURIDAD-2-.JPG.png 1582w\" sizes=\"auto, (max-width: 791px) 100vw, 791px\" \/><\/a><\/figure>\n","protected":false},"excerpt":{"rendered":"<p>Elda Montiel SemM\u00e9xico, Ciudad de M\u00e9xico, 29 de septiembre 2025.- El 86 por ciento de las trabajadoras agr\u00edcolas carecen de seguridad social; 90 por ciento carece de contrato formal, prevalecen los acuerdos verbales, y las que est\u00e1n afiliadas al IMSS enfrentan la reducci\u00f3n de guarder\u00edas en un 50 por ciento y se han incrementado los [&hellip;]<\/p>\n","protected":false},"author":3,"featured_media":99038,"comment_status":"open","ping_status":"open","sticky":false,"template":"","format":"standard","meta":{"_monsterinsights_skip_tracking":false,"footnotes":""},"categories":[694],"tags":[],"class_list":["post-99036","post","type-post","status-publish","format-standard","has-post-thumbnail","category-destacadas"],"_links":{"self":[{"href":"https:\/\/redsemlac.com\/semmexico\/wp-json\/wp\/v2\/posts\/99036","targetHints":{"allow":["GET"]}}],"collection":[{"href":"https:\/\/redsemlac.com\/semmexico\/wp-json\/wp\/v2\/posts"}],"about":[{"href":"https:\/\/redsemlac.com\/semmexico\/wp-json\/wp\/v2\/types\/post"}],"author":[{"embeddable":true,"href":"https:\/\/redsemlac.com\/semmexico\/wp-json\/wp\/v2\/users\/3"}],"replies":[{"embeddable":true,"href":"https:\/\/redsemlac.com\/semmexico\/wp-json\/wp\/v2\/comments?post=99036"}],"version-history":[{"count":0,"href":"https:\/\/redsemlac.com\/semmexico\/wp-json\/wp\/v2\/posts\/99036\/revisions"}],"wp:featuredmedia":[{"embeddable":true,"href":"https:\/\/redsemlac.com\/semmexico\/wp-json\/wp\/v2\/media\/99038"}],"wp:attachment":[{"href":"https:\/\/redsemlac.com\/semmexico\/wp-json\/wp\/v2\/media?parent=99036"}],"wp:term":[{"taxonomy":"category","embeddable":true,"href":"https:\/\/redsemlac.com\/semmexico\/wp-json\/wp\/v2\/categories?post=99036"},{"taxonomy":"post_tag","embeddable":true,"href":"https:\/\/redsemlac.com\/semmexico\/wp-json\/wp\/v2\/tags?post=99036"}],"curies":[{"name":"wp","href":"https:\/\/api.w.org\/{rel}","templated":true}]}}