{"id":99033,"date":"2025-09-29T19:14:27","date_gmt":"2025-09-30T01:14:27","guid":{"rendered":"https:\/\/redsemlac.com\/semmexico\/?p=99033"},"modified":"2025-09-29T19:14:28","modified_gmt":"2025-09-30T01:14:28","slug":"aborto-en-chiapas-desigual-y-limitado-en-la-practica-denuncian-colectivas","status":"publish","type":"post","link":"https:\/\/redsemlac.com\/semmexico\/aborto-en-chiapas-desigual-y-limitado-en-la-practica-denuncian-colectivas\/","title":{"rendered":"Aborto en Chiapas, desigual y limitado en la pr\u00e1ctica, denuncian colectivas"},"content":{"rendered":"\n<ul class=\"wp-block-list\">\n<li>Salen a las calles para reclamar un derecho ganado en el papel<\/li>\n\n\n\n<li>El 26 de noviembre de 2024, el Congreso de Chiapas despenaliz\u00f3 el aborto<\/li>\n<\/ul>\n\n\n\n<p class=\"wp-block-paragraph\">Gabriela Couti\u00f1o&nbsp;<\/p>\n\n\n\n<p class=\"wp-block-paragraph\">SemM\u00e9xico, Tuxtla Guti\u00e9rrez, 29 de septiembre, 2025.- En el D\u00eda de Acci\u00f3n Global por el Acceso al Aborto Legal y Seguro las calles de la capital chiapaneca se llenaron de voces que reclaman un derecho que, aunque conquistado en el papel, colectivas feministas se\u00f1alan que sigue siendo desigual y limitado en la pr\u00e1ctica.&nbsp;<\/p>\n\n\n\n<p class=\"wp-block-paragraph\">Con consignas como \u201cMi cuerpo, mi decisi\u00f3n\u201d y \u201cLa maternidad ser\u00e1 deseada o no ser\u00e1\u201d, decenas de mujeres y organizaciones sociales manifestaron que decidir no es un privilegio, sino un derecho.<\/p>\n\n\n\n<p class=\"wp-block-paragraph\">El movimiento feminista celebr\u00f3 que el 26 de noviembre de 2024, el Congreso del Estado de Chiapas despenaliz\u00f3 el aborto. La medida destacaron, fue producto de a\u00f1os de lucha encabezada por redes de acompa\u00f1amiento, colectivas de base, m\u00e9dicas aliadas, mujeres ind\u00edgenas, afromexicanas, migrantes y rurales que, incluso en condiciones de riesgo, organizaron estrategias para defender la vida y la autonom\u00eda de las mujeres.<\/p>\n\n\n\n<p class=\"wp-block-paragraph\">Sin embargo, subrayaron que este 28S no es solo de celebraci\u00f3n. Es tambi\u00e9n un d\u00eda de exigencia. \u201cAunque hoy en Chiapas abortar ya no es delito, hacer realidad este derecho sigue siendo dif\u00edcil\u201d, se\u00f1alaron las manifestantes.<\/p>\n\n\n\n<p class=\"wp-block-paragraph\"><strong>Un contexto adverso<\/strong><\/p>\n\n\n\n<p class=\"wp-block-paragraph\">Chiapas es uno de los estados m\u00e1s desiguales del pa\u00eds y su condici\u00f3n de frontera sur agrava la vulnerabilidad de mujeres y ni\u00f1as. En 2024, m\u00e1s de 115,000 personas migrantes fueron aseguradas en el estado; al menos 36 por ciento eran mujeres y ni\u00f1as, muchas de ellas v\u00edctimas de violencia sexual y embarazos no deseados, destacaron en un pronunciamiento.&nbsp;<\/p>\n\n\n\n<p class=\"wp-block-paragraph\">La situaci\u00f3n tambi\u00e9n es cr\u00edtica entre adolescentes. En Chiapas, 1 de cada 5 j\u00f3venes de 15 a 19 a\u00f1os ha estado embarazada, con tasas a\u00fan m\u00e1s altas en municipios ind\u00edgenas y rurales. Entre hablantes de lengua ind\u00edgena, 19 por ciento no us\u00f3 anticonceptivos en su primera relaci\u00f3n sexual.&nbsp;<\/p>\n\n\n\n<p class=\"wp-block-paragraph\">Estudios en Los Altos de Chiapas documentan que muchas mujeres ind\u00edgenas han sido negadas o maltratadas en servicios de salud reproductiva por prejuicios institucionales y falta de materiales en lenguas originarias.<\/p>\n\n\n\n<p class=\"wp-block-paragraph\">Adem\u00e1s, \u201cChiapas sigue entre los cinco estados con m\u00e1s alta mortalidad materna del pa\u00eds; parte de estas muertes est\u00e1n relacionadas con complicaciones por abortos inseguros o embarazos no atendidos oportunamente\u201d.<\/p>\n\n\n\n<p class=\"wp-block-paragraph\">Ante esta realidad, las colectivas han presentado siete exigencias principales para garantizar el derecho a decidir: Despenalizaci\u00f3n total y social del aborto, fuera del C\u00f3digo Penal y sin plazos restrictivos.<\/p>\n\n\n\n<p class=\"wp-block-paragraph\">Disponibilidad del aborto en Tuxtla Guti\u00e9rrez y en zonas fronterizas como Tapachula, Suchiate y Comit\u00e1n, con acceso sin discriminaci\u00f3n para personas migrantes. Cumplimiento por parte de todos los sistemas de salud p\u00fablicos (IMSS ordinario, ISSSTE, ISSTECH), no solo IMSS Bienestar.<\/p>\n\n\n\n<p class=\"wp-block-paragraph\">Abasto permanente de medicamentos y equipo seguro como mifepristona, misoprostol, analg\u00e9sicos y AMEU en hospitales y centros de salud. Campa\u00f1as p\u00fablicas multiling\u00fces con perspectiva intercultural, traducidas a lenguas originarias y difundidas en radio comunitaria y perifoneo.<\/p>\n\n\n\n<p class=\"wp-block-paragraph\">Aplicaci\u00f3n efectiva de protocolos t\u00e9cnicos para abortos seguros, sin juicios morales ni pruebas innecesarias, con monitoreo p\u00fablico trimestral. Regulaci\u00f3n estricta de la objeci\u00f3n de conciencia: que siempre haya personal no objetor disponible y que el personal objetor no sea contratado en hospitales p\u00fablicos.<\/p>\n\n\n\n<p class=\"wp-block-paragraph\">Las organizadoras enfatizaron que este avance no fue un regalo, sino una conquista colectiva, y que la lucha no ha terminado. \u201cQueremos hospitales libres de estigma, con personal comprometido con los derechos humanos. La salud no puede depender de la moral individual de nadie\u201d, expresaron.<\/p>\n\n\n\n<p class=\"wp-block-paragraph\">Las consignas de la marcha que culmin\u00f3 en el Congreso del Estado donde fue colocado un enorme pa\u00f1uelo verde, resumen el esp\u00edritu de la jornada: \u201c\u00a1Aborto s\u00ed, aborto no, eso lo decido yo!\u201d; \u201c\u00a1Hay que abortar este sistema patriarcal!\u201d<\/p>\n\n\n\n<p class=\"wp-block-paragraph\">Este 28S en Chiapas es tanto un recordatorio de lo logrado como un llamado urgente a cerrar las brechas que impiden ejercer plenamente el derecho a decidir, apuntaron.&nbsp;<\/p>\n\n\n\n<p class=\"wp-block-paragraph\">SEM\/gc\/sj<\/p>\n\n\n\n<p class=\"wp-block-paragraph\"><\/p>\n","protected":false},"excerpt":{"rendered":"<p>Gabriela Couti\u00f1o&nbsp; SemM\u00e9xico, Tuxtla Guti\u00e9rrez, 29 de septiembre, 2025.- En el D\u00eda de Acci\u00f3n Global por el Acceso al Aborto Legal y Seguro las calles de la capital chiapaneca se llenaron de voces que reclaman un derecho que, aunque conquistado en el papel, colectivas feministas se\u00f1alan que sigue siendo desigual y limitado en la pr\u00e1ctica.&nbsp; [&hellip;]<\/p>\n","protected":false},"author":3,"featured_media":99034,"comment_status":"open","ping_status":"open","sticky":false,"template":"","format":"standard","meta":{"_monsterinsights_skip_tracking":false,"footnotes":""},"categories":[694],"tags":[],"class_list":["post-99033","post","type-post","status-publish","format-standard","has-post-thumbnail","category-destacadas"],"_links":{"self":[{"href":"https:\/\/redsemlac.com\/semmexico\/wp-json\/wp\/v2\/posts\/99033","targetHints":{"allow":["GET"]}}],"collection":[{"href":"https:\/\/redsemlac.com\/semmexico\/wp-json\/wp\/v2\/posts"}],"about":[{"href":"https:\/\/redsemlac.com\/semmexico\/wp-json\/wp\/v2\/types\/post"}],"author":[{"embeddable":true,"href":"https:\/\/redsemlac.com\/semmexico\/wp-json\/wp\/v2\/users\/3"}],"replies":[{"embeddable":true,"href":"https:\/\/redsemlac.com\/semmexico\/wp-json\/wp\/v2\/comments?post=99033"}],"version-history":[{"count":0,"href":"https:\/\/redsemlac.com\/semmexico\/wp-json\/wp\/v2\/posts\/99033\/revisions"}],"wp:featuredmedia":[{"embeddable":true,"href":"https:\/\/redsemlac.com\/semmexico\/wp-json\/wp\/v2\/media\/99034"}],"wp:attachment":[{"href":"https:\/\/redsemlac.com\/semmexico\/wp-json\/wp\/v2\/media?parent=99033"}],"wp:term":[{"taxonomy":"category","embeddable":true,"href":"https:\/\/redsemlac.com\/semmexico\/wp-json\/wp\/v2\/categories?post=99033"},{"taxonomy":"post_tag","embeddable":true,"href":"https:\/\/redsemlac.com\/semmexico\/wp-json\/wp\/v2\/tags?post=99033"}],"curies":[{"name":"wp","href":"https:\/\/api.w.org\/{rel}","templated":true}]}}