{"id":9903,"date":"2019-07-19T16:50:31","date_gmt":"2019-07-19T16:50:31","guid":{"rendered":"https:\/\/redsemlac.com\/semmexico\/?p=9903"},"modified":"2023-07-21T14:50:39","modified_gmt":"2023-07-21T19:50:39","slug":"pide-conavim-corresponsabilidad-a-gobiernos-municipales-y-estatales","status":"publish","type":"post","link":"https:\/\/redsemlac.com\/semmexico\/pide-conavim-corresponsabilidad-a-gobiernos-municipales-y-estatales\/","title":{"rendered":"Pide CONAVIM corresponsabilidad a gobiernos municipales y estatales"},"content":{"rendered":"\n<p class=\"wp-block-paragraph\"><strong>\u00b7\u00a0\u00a0\u00a0\u00a0\u00a0\u00a0\u00a0\u00a0\u00a0En Oaxaca, grupo de trabajo de la AVG sesion\u00f3 dos veces en casi un a\u00f1o.<\/strong><\/p>\n\n\n\n<p class=\"wp-block-paragraph\"><strong>\u00b7\u00a0\u00a0\u00a0\u00a0\u00a0\u00a0\u00a0\u00a0\u00a0El feminicidio se da en un lugar determinado: los municipios.<\/strong><\/p>\n\n\n\n<p class=\"wp-block-paragraph\"><strong>Soledad Jarqu\u00edn Edgar<\/strong><\/p>\n\n\n\n<p class=\"wp-block-paragraph\">SemM\u00e9xico, Oaxaca, 19 julio 2019.- Dos puntos consider\u00f3 como graves en torno a las declaratorias de Alertas de Violencia de G\u00e9nero (AVG) la titular de la Comisi\u00f3n Nacional para Prevenir y Erradicar la Violencia contra las Mujeres (CONAVIM), Candelaria Ochoa \u00c1valos: uno, que los municipios no est\u00e1n inmersos en las tareas para contrarrestar la violencia feminicida y el feminicidio, y que en Oaxaca el grupo de trabajo sesion\u00f3 s\u00f3lo dos veces en casi un a\u00f1o, cuando debi\u00f3 hacerlo cada 45 d\u00edas.<\/p>\n\n\n\n<p class=\"wp-block-paragraph\">Al impartir la conferencia Alerta de Violencia de G\u00e9nero y la Responsabilidad de los Municipios, la comisionada plante\u00f3 como fundamental la reforma para restructurar las AVG como un mecanismo eficiente, con acciones prospectivas para erradicar la violencia y destac\u00f3 que es necesario que exista corresponsabilidad de los gobiernos estatales y municipales, con pol\u00edticas de \u201calto nivel\u201d y presupuestos.<\/p>\n\n\n\n<p class=\"wp-block-paragraph\">Dijo que al llegar a la CONAVIM encontr\u00f3 que los gobiernos municipales no se estaban dentro de ning\u00fan programa e informe de las AVG, y consider\u00f3 grave que los recursos no bajaron a los gobiernos locales, \u201cse quedaron en los (gobiernos) estatales\u201d. \u201cEl feminicidio se da en un lugar determinado y ese lugar determinado son los municipios\u201d.<\/p>\n\n\n\n<p class=\"wp-block-paragraph\">Frente a esa realidad dijo que se modificar\u00e1n las reglas de operaci\u00f3n, para que los municipios puedan participar, para que est\u00e9n en los planes de trabajo y en los informes. Para ello, anunci\u00f3 que cada municipio -40 en Oaxaca- deber\u00e1n enviar sus propios programas para atender las declaratorias de alertas de violencia de g\u00e9nero, lo que ya solicit\u00f3 mediante oficios.<\/p>\n\n\n\n<p class=\"wp-block-paragraph\">Dijo que en el pa\u00eds 410 municipios cuentan con estas declaratorias, el 16.5 por ciento est\u00e1n en Oaxaca, donde la alerta fue solicitada el 23 de julio de 2017 y se declar\u00f3 hasta el 30 de agosto de 2018.<\/p>\n\n\n\n<p class=\"wp-block-paragraph\">Frente a las titulares de la Secretar\u00eda de las Mujeres de Oaxaca, Ana Isabel Colmenares y del Instituto de la Mujer del gobierno de la ciudad de Oaxaca, Jaquelina Escamilla, cuestion\u00f3 que fue el 22 de septiembre del a\u00f1o pasado cuando se instal\u00f3 el grupo de trabajo, misma que sesion\u00f3 hace apenas \u201ctres semanas o un mes\u201d, lo cual calific\u00f3 nuevamente de grave, considerando que debieron haberlo hecho -al menos- cada 45 d\u00edas, pero lo hicieron casi ocho meses despu\u00e9s.<\/p>\n\n\n\n<p class=\"wp-block-paragraph\">Record\u00f3 que la violencia contra las mujeres es \u201cun tema\u201d de pol\u00edtica p\u00fablica, porque acarrea grandes lastres en la vida de las mujeres, lo que ha dado como resultado la creaci\u00f3n de acciones positivas desde el gobierno, as\u00ed como la creaci\u00f3n de la propia CONAVIM que, dijo, en un ejercicio de autocr\u00edtica, tambi\u00e9n ha estado ausente en muchos casos.<\/p>\n\n\n\n<p class=\"wp-block-paragraph\"><strong>Cumplir no simular<\/strong><\/p>\n\n\n\n<p class=\"wp-block-paragraph\">Llam\u00f3 a las instancias de gobierno municipal, estatal y federal a cumplir con los mandatos establecidos en la Ley General de Acceso de las Mujeres a una vida Libre de Violencia \u201cy no hacer como que cumplimos y no simular que cumplimos\u201d, dijo luego de recordar que M\u00e9xico ha signado \u201ctodos los acuerdos, convenios y conferencias internacionales que enfatizan los derechos plenos de las mujeres\u201d y que en un a\u00f1o m\u00e1s se cumplir\u00e1n 25 desde que en este pa\u00eds se realiz\u00f3 la IV Conferencia Mundial de la Mujer.<\/p>\n\n\n\n<p class=\"wp-block-paragraph\">Pese a ello, Ochoa \u00c1valos reconoci\u00f3 que la igualdad entre mujeres y hombres no es una realidad en nuestro pa\u00eds, se requiere reconocer las violencias como tema de trabajo y de pol\u00edticas p\u00fablicas, necesitamos que los hombres no ejerzan violencia y que las mujeres la reconozcan, de lo contrario no vamos a poder superar las relaciones de poder y de desigualdad.<\/p>\n\n\n\n<p class=\"wp-block-paragraph\">Enf\u00e1tica dijo que la violencia es tambi\u00e9n un tema de democracia, de gobernabilidad, por lo que todos los niveles de gobierno deber\u00edan estar comprometidos.<\/p>\n\n\n\n<p class=\"wp-block-paragraph\">Vamos a dar recursos, apunt\u00f3, pero advirti\u00f3 que el presupuesto es tambi\u00e9n obligaci\u00f3n de los municipios y de los gobiernos estatales, de los 18 estados del pa\u00eds donde existen 19 declaratorias de alerta de violencia de g\u00e9nero, en 410 municipios del pa\u00eds, porque lo que queremos hacer es tener una buena pol\u00edtica de atenci\u00f3n, profesionales, oportunos y brindar una atenci\u00f3n sensible a las v\u00edctimas de violencia.<\/p>\n\n\n\n<p class=\"wp-block-paragraph\"><strong>Pol\u00edticas p\u00fablicas pare resolver problemas<\/strong><\/p>\n\n\n\n<p class=\"wp-block-paragraph\">Las medidas de prevenci\u00f3n son todos los d\u00edas y a todas horas y no s\u00f3lo cuando se tiene una AVG, queremos tener menos alertas, menos centros de justicia para las mujeres, porque la pol\u00edtica p\u00fablica se dise\u00f1a para resolver el problema, \u201cuna pol\u00edtica p\u00fablica que no hace eso es una mala pol\u00edtica p\u00fablica\u201d.<\/p>\n\n\n\n<p class=\"wp-block-paragraph\">Sobre Oaxaca cit\u00f3 que concentra al 16.5 por de los municipios del pa\u00eds con declaratorias de AVG. Record\u00f3 que 30 de los 40 municipios de Oaxaca tienen ascendencia ind\u00edgena, cada uno tendr\u00e1 su propio plan de trabajo, mismo que debe observar su realidad intercultural y el pluralismo jur\u00eddico.<\/p>\n\n\n\n<p class=\"wp-block-paragraph\">La comisionada expuso que Oaxaca ocupa el lugar 14, en el \u00e1mbito nacional, por la tasa de feminicidios que se cometen en la entidad, cifra que en su momento cuestion\u00f3 la presidenta del GES-Mujer, Ang\u00e9lica Ayala Ortiz, quien le pidi\u00f3 que se revise esa condici\u00f3n, ya que en solo dos a\u00f1os se pas\u00f3 del cuarto al d\u00e9cimo cuarto lugar.<\/p>\n\n\n\n<p class=\"wp-block-paragraph\"><strong>Los retos<\/strong><\/p>\n\n\n\n<p class=\"wp-block-paragraph\">La titular de CONAVIM habl\u00f3 de los retos: incluir a los municipios dentro del plan de trabajo integral, de lo contrario no se podr\u00e1 evaluar su avance; que haya \u201cexcelentes\u201d carpetas de investigaci\u00f3n sobre casos de violencia y feminicidio por parte de las Fiscal\u00edas, que pasen al poder Judicial, a \u201clos jueces\u201d, quienes deben impulsar el acuerdo para juzgar con perspectiva de g\u00e9nero.<\/p>\n\n\n\n<p class=\"wp-block-paragraph\">Es decir, no s\u00f3lo requerimos de la participaci\u00f3n de los municipios y de los estados, sino adem\u00e1s de las Fiscal\u00edas y a los supremos tribunales de justicia, revel\u00f3 la servidora p\u00fablica federal.<\/p>\n\n\n\n<p class=\"wp-block-paragraph\">Dijo que tambi\u00e9n apoyar\u00e1 la casa de medio camino del gobierno municipal de Oaxaca de Ju\u00e1rez, una de las medidas para la protecci\u00f3n de mujeres que sufren violencia machista; en ese sentido, la activista y ex regidora de Igualdad de G\u00e9nero, B\u00e1rbara Garc\u00eda Ch\u00e1vez, pidi\u00f3 a la comisionada que ayude al gobierno municipal a recuperar el refugio que hace m\u00e1s de dos a\u00f1os se entreg\u00f3 la pasada administraci\u00f3n municipal de manera \u201coscura\u201d a un dirigente de mercados y que ahora no lo quiere devolver afectando a muchas mujeres de Oaxaca y de otros estados del pa\u00eds.<\/p>\n\n\n\n<p class=\"wp-block-paragraph\"><strong>Familias t\u00f3xicas<\/strong><\/p>\n\n\n\n<p class=\"wp-block-paragraph\">Candelaria Ochoa \u00c1valos expuso que hoy las familias son sumamente t\u00f3xicas para las vidas de las mujeres, es ah\u00ed donde se violan sus derechos, donde se sigue registrando el m\u00e1s alto n\u00famero de feminicidios, donde los hombres las matan.<\/p>\n\n\n\n<p class=\"wp-block-paragraph\">SEM\/sj<br><\/p>\n","protected":false},"excerpt":{"rendered":"<p>El feminicidio se da en un lugar determinado: los municipios.<\/p>\n","protected":false},"author":3,"featured_media":9904,"comment_status":"open","ping_status":"open","sticky":false,"template":"","format":"standard","meta":{"_monsterinsights_skip_tracking":false,"footnotes":""},"categories":[690,51],"tags":[],"class_list":["post-9903","post","type-post","status-publish","format-standard","has-post-thumbnail","category-690","category-ejecutivo"],"_links":{"self":[{"href":"https:\/\/redsemlac.com\/semmexico\/wp-json\/wp\/v2\/posts\/9903","targetHints":{"allow":["GET"]}}],"collection":[{"href":"https:\/\/redsemlac.com\/semmexico\/wp-json\/wp\/v2\/posts"}],"about":[{"href":"https:\/\/redsemlac.com\/semmexico\/wp-json\/wp\/v2\/types\/post"}],"author":[{"embeddable":true,"href":"https:\/\/redsemlac.com\/semmexico\/wp-json\/wp\/v2\/users\/3"}],"replies":[{"embeddable":true,"href":"https:\/\/redsemlac.com\/semmexico\/wp-json\/wp\/v2\/comments?post=9903"}],"version-history":[{"count":0,"href":"https:\/\/redsemlac.com\/semmexico\/wp-json\/wp\/v2\/posts\/9903\/revisions"}],"wp:featuredmedia":[{"embeddable":true,"href":"https:\/\/redsemlac.com\/semmexico\/wp-json\/wp\/v2\/media\/9904"}],"wp:attachment":[{"href":"https:\/\/redsemlac.com\/semmexico\/wp-json\/wp\/v2\/media?parent=9903"}],"wp:term":[{"taxonomy":"category","embeddable":true,"href":"https:\/\/redsemlac.com\/semmexico\/wp-json\/wp\/v2\/categories?post=9903"},{"taxonomy":"post_tag","embeddable":true,"href":"https:\/\/redsemlac.com\/semmexico\/wp-json\/wp\/v2\/tags?post=9903"}],"curies":[{"name":"wp","href":"https:\/\/api.w.org\/{rel}","templated":true}]}}