{"id":98998,"date":"2025-09-26T18:25:03","date_gmt":"2025-09-27T00:25:03","guid":{"rendered":"https:\/\/redsemlac.com\/semmexico\/?p=98998"},"modified":"2025-09-26T18:25:04","modified_gmt":"2025-09-27T00:25:04","slug":"colectivas-feministas-proponen-reformas-a-la-ley-de-salud-para-mejorar-practica-de-abortos","status":"publish","type":"post","link":"https:\/\/redsemlac.com\/semmexico\/colectivas-feministas-proponen-reformas-a-la-ley-de-salud-para-mejorar-practica-de-abortos\/","title":{"rendered":"Colectivas feministas proponen reformas a la Ley de Salud para mejorar pr\u00e1ctica de abortos"},"content":{"rendered":"\n<p class=\"wp-block-paragraph\"><strong><\/strong>De enero a abril de este a\u00f1o se han practicado mil 579 abortos en la entidad poblana.&nbsp;\/&nbsp;Foto: Victoria Ventura \/ El Sol de Puebla<\/p>\n\n\n\n<p class=\"wp-block-paragraph\">Entre las modificaciones est\u00e1 la alternativa seguras y limitar objeci\u00f3n de conciencia<\/p>\n\n\n\n<p class=\"wp-block-paragraph\"><strong>Victoria Ventura<\/strong><\/p>\n\n\n\n<p class=\"wp-block-paragraph\">SemM\u00e9xico\/El Sol de Puebla, Puebla de los \u00c1ngeles, 26 de septiembre, 2025.- Colectivas feministas en Puebla&nbsp;impulsan reformas a la&nbsp;Ley de Salud estatal&nbsp;con el objetivo de&nbsp;mejorar los procedimientos de aborto.&nbsp;Adem\u00e1s, proponen que el personal m\u00e9dico no pueda ejercer&nbsp;la objeci\u00f3n de conciencia&nbsp;cuando est\u00e9 en riesgo la vida de la persona gestante.<\/p>\n\n\n\n<p class=\"wp-block-paragraph\">En el marco del&nbsp;D\u00eda de Acci\u00f3n Global por el Aborto Legal, Seguro y Accesible, el 28 de septiembre, integrantes de la agrupaci\u00f3n&nbsp;Aborto Legal\u2014que engloba alrededor de cinco asociaciones\u2014 indicaron que&nbsp;de enero a abril de este a\u00f1o se han practicado mil 579 abortos en la entidad poblana,&nbsp;de los cuales&nbsp;el 44.8 por ciento fueron por legrado uterino, un m\u00e9todo considerado obsoleto e invasivo.<\/p>\n\n\n\n<p class=\"wp-block-paragraph\">Ante esto, propusieron cambio a la normativa para priorizar otras alternativas de interrupci\u00f3n como el uso de medicamento y la&nbsp;Aspiraci\u00f3n Manual Endouterina (AMEU),&nbsp;ambos recomendados por la Organizaci\u00f3n Mundial de la Salud (OMS).<\/p>\n\n\n\n<p class=\"wp-block-paragraph\">Durante la intervenci\u00f3n de&nbsp;Cinthya Ram\u00edrez, vocera de la agrupaci\u00f3n,&nbsp;indic\u00f3 que este impulso debe ir acompa\u00f1ado de capacitaci\u00f3n a personal m\u00e9dico para que tome en cuenta una serie de requisitos, como&nbsp;verificar la edad gestacional.<\/p>\n\n\n\n<p class=\"wp-block-paragraph\">Esta reforma permite seguir brindando el servicio al aborto seguro, pero tiene que ser en mejores condiciones y promover el aborto seguro, efectivo y poco doloroso, <em>subray\u00f3.<\/em><\/p>\n\n\n\n<p class=\"wp-block-paragraph\">A la par, sum\u00f3 que&nbsp;las modificaciones a la reforma incluyen un apartado en el que los nosocomios tengan un registro&nbsp;del personal m\u00e9dico que rija por la objeci\u00f3n de conciencia para no interrumpir el embarazo.<\/p>\n\n\n\n<p class=\"wp-block-paragraph\">Sin embargo,&nbsp;doctores y enfermeras que tengan esta ideolog\u00eda no podr\u00e1n discriminar a las mujeres&nbsp;o personas gestantes que pidan el servicio.<\/p>\n\n\n\n<p class=\"wp-block-paragraph\">Por su parte,&nbsp;Mar\u00eda Fernanda Ram\u00edrez, tambi\u00e9n integrante, se\u00f1al\u00f3 que, como parte de este impulso y en el marco del 28S,&nbsp;las activistas brindar\u00e1n capacitaci\u00f3n a personal de la Secretar\u00eda de Salud.&nbsp;<\/p>\n\n\n\n<p class=\"wp-block-paragraph\"><strong>La Objeci\u00f3n de Conciencia, una limitante<\/strong><\/p>\n\n\n\n<p class=\"wp-block-paragraph\">Esta reforma&nbsp;a la&nbsp;Ley Estatal de Salud&nbsp; que &nbsp;plantea que&nbsp;m\u00e9dicos puedan negarse a practicar un aborto en esta entidad por \u201cobjeci\u00f3n de conciencia\u201d.<\/p>\n\n\n\n<p class=\"wp-block-paragraph\">La objeci\u00f3n de conciencia,&nbsp; &nbsp;fue invalidada en 2021 de la Ley General de Salud por la&nbsp;Suprema Corte de Justicia de la Naci\u00f3n&nbsp;(SCJN) debido a que limitaba la interrupci\u00f3n legal del embarazo. Regular la objeci\u00f3n de conciencia implica un compromiso de las instituciones de salud para contar con suficiente personal, medicamentos, personal bien capacitado.<\/p>\n\n\n\n<p class=\"wp-block-paragraph\">No obstante que&nbsp; esta iniciativa,&nbsp; en caso de aprobarse, &nbsp;significar\u00eda un retroceso en el tema del aborto y una concesi\u00f3n a la iglesia Cat\u00f3lica.&nbsp;<\/p>\n\n\n\n<p class=\"wp-block-paragraph\">El tema se agudiza cuando en la entidad ha habido en los \u00faltimos a\u00f1os poca claridad en el ejercicios del derecho, hay un d\u00e9ficit para atender a la demanda y los esquemas de atenci\u00f3n son deficientes. Entre enero y abril de este a\u00f1o se realizaron &nbsp;mil 579 abortos en Puebla, equivalente a 13.1 por d\u00eda en promedio, de los cuales el 44.8 por ciento se practic\u00f3 mediante legrado, un procedimiento que pone en riesgo la vida de las mujeres, sostuvo la activista&nbsp;Mar\u00eda Fernanda Ram\u00edrez.<\/p>\n\n\n\n<p class=\"wp-block-paragraph\">En Puebla, la objeci\u00f3n de conciencia utilizada por personal m\u00e9dico para negarse a practicar abortos podr\u00eda ser regulada mediante esta reforma.<\/p>\n\n\n\n<p class=\"wp-block-paragraph\">La propuesta, presentada por la diputada Nayeli Salvatori, y la presidenta del Congreso local, Artemisa Garc\u00eda Ch\u00e1vez, busca garantizar que este derecho no se convierta en un obst\u00e1culo para acceder a servicios de aborto seguro.<\/p>\n\n\n\n<p class=\"wp-block-paragraph\">Desde la despenalizaci\u00f3n del aborto en julio de 2024, se han documentado casos en los que m\u00e9dicos se niegan a brindar atenci\u00f3n, lo que vulnera los derechos reproductivos de mujeres y personas gestantes. Por ello, plantean que los hospitales y centros de salud registren al personal objetor desde su contrataci\u00f3n, a fin de asegurar la disponibilidad de quienes s\u00ed puedan realizar el procedimiento<strong>.<\/strong><\/p>\n\n\n\n<p class=\"wp-block-paragraph\">La activista Cinthya Ram\u00edrez explic\u00f3 que la objeci\u00f3n de conciencia es un derecho, pero no puede anteponerse al derecho a decidir.<\/p>\n\n\n\n<p class=\"wp-block-paragraph\">Reiter\u00f3 que la propuesta contempla que la interrupci\u00f3n del embarazo se practique con protocolos seguros, con perspectiva de g\u00e9nero, interseccional, intercultural y de discapacidad. Tambi\u00e9n, en casos de urgencia, los m\u00e9dicos estar\u00e1n obligados a realizar abortos, sin importar su derecho de objeci\u00f3n de conciencia.<\/p>\n\n\n\n<p class=\"wp-block-paragraph\">La propuesta incluye prohibir pr\u00e1cticas agresivas como los legrados y fomentar m\u00e9todos m\u00e9dicos menos invasivos, as\u00ed como asegurar atenci\u00f3n integral posterior, que puede incluir consejer\u00eda, apoyo psicol\u00f3gico y anticonceptivos, \u00fanicamente si las personas lo solicitan. Con ello, se busca avanzar hacia una atenci\u00f3n digna y sin discriminaci\u00f3n en el acceso al aborto seguro.<\/p>\n\n\n\n<p class=\"wp-block-paragraph\">Las defensoras de los derechos humanos de las mujeres&nbsp;se\u00f1alaron que estas propuestas se trabajaron en conjunto con la diputada y presidenta de la Comisi\u00f3n de Salud,&nbsp;Nayeli Salvatori Bojalil, y la presidenta del Congreso local,&nbsp;Artemisa Garc\u00eda Ch\u00e1vez<strong>.&nbsp;<\/strong><\/p>\n\n\n\n<p class=\"wp-block-paragraph\">En este sentido, la presidenta del Poder Legislativo adelant\u00f3 que&nbsp;las reformas se analizar\u00e1n en octubre&nbsp;para escuchar a las diversas voces del Congreso. Puntualiz\u00f3 que la iniciativa se discutir\u00e1, y podr\u00eda aprobarse en las pr\u00f3ximas 3 semanas<\/p>\n","protected":false},"excerpt":{"rendered":"<p>De enero a abril de este a\u00f1o se han practicado mil 579 abortos en la entidad poblana.&nbsp;\/&nbsp;Foto: Victoria Ventura \/ El Sol de Puebla Entre las modificaciones est\u00e1 la alternativa seguras y limitar objeci\u00f3n de conciencia Victoria Ventura SemM\u00e9xico\/El Sol de Puebla, Puebla de los \u00c1ngeles, 26 de septiembre, 2025.- Colectivas feministas en Puebla&nbsp;impulsan reformas [&hellip;]<\/p>\n","protected":false},"author":3,"featured_media":98999,"comment_status":"open","ping_status":"open","sticky":false,"template":"","format":"standard","meta":{"_monsterinsights_skip_tracking":false,"footnotes":""},"categories":[694],"tags":[],"class_list":["post-98998","post","type-post","status-publish","format-standard","has-post-thumbnail","category-destacadas"],"_links":{"self":[{"href":"https:\/\/redsemlac.com\/semmexico\/wp-json\/wp\/v2\/posts\/98998","targetHints":{"allow":["GET"]}}],"collection":[{"href":"https:\/\/redsemlac.com\/semmexico\/wp-json\/wp\/v2\/posts"}],"about":[{"href":"https:\/\/redsemlac.com\/semmexico\/wp-json\/wp\/v2\/types\/post"}],"author":[{"embeddable":true,"href":"https:\/\/redsemlac.com\/semmexico\/wp-json\/wp\/v2\/users\/3"}],"replies":[{"embeddable":true,"href":"https:\/\/redsemlac.com\/semmexico\/wp-json\/wp\/v2\/comments?post=98998"}],"version-history":[{"count":0,"href":"https:\/\/redsemlac.com\/semmexico\/wp-json\/wp\/v2\/posts\/98998\/revisions"}],"wp:featuredmedia":[{"embeddable":true,"href":"https:\/\/redsemlac.com\/semmexico\/wp-json\/wp\/v2\/media\/98999"}],"wp:attachment":[{"href":"https:\/\/redsemlac.com\/semmexico\/wp-json\/wp\/v2\/media?parent=98998"}],"wp:term":[{"taxonomy":"category","embeddable":true,"href":"https:\/\/redsemlac.com\/semmexico\/wp-json\/wp\/v2\/categories?post=98998"},{"taxonomy":"post_tag","embeddable":true,"href":"https:\/\/redsemlac.com\/semmexico\/wp-json\/wp\/v2\/tags?post=98998"}],"curies":[{"name":"wp","href":"https:\/\/api.w.org\/{rel}","templated":true}]}}