{"id":98987,"date":"2025-09-25T20:35:00","date_gmt":"2025-09-26T02:35:00","guid":{"rendered":"https:\/\/redsemlac.com\/semmexico\/?p=98987"},"modified":"2025-09-25T20:54:10","modified_gmt":"2025-09-26T02:54:10","slug":"el-aborto-un-servicio-esencia-de-salud-sostiene-gire","status":"publish","type":"post","link":"https:\/\/redsemlac.com\/semmexico\/el-aborto-un-servicio-esencia-de-salud-sostiene-gire\/","title":{"rendered":"El aborto un servicio esencia de salud sostiene GIRE"},"content":{"rendered":"\n<ul class=\"wp-block-list\">\n<li>28S movilizaciones y conversatorios en distintas partes del pa\u00eds<\/li>\n\n\n\n<li>Sonora, Tamaulipas, Nuevo Le\u00f3n, Guanajuato, Tlaxcala, Quer\u00e9taro y Aguascalientes los estados que penalizan la ILE<\/li>\n<\/ul>\n\n\n\n<p class=\"wp-block-paragraph\">Elda Montiel<\/p>\n\n\n\n<p class=\"wp-block-paragraph\">SemM\u00e9xico, Ciudad de M\u00e9xico, 26 de septiembre 2025.- El 28 de septiembre, D\u00eda de Acci\u00f3n Global por el Aborto Legal, Seguro y Accesible, colectivas se preparan para realizar diversas actividades como marchas y conversatorios.<\/p>\n\n\n\n<p class=\"wp-block-paragraph\">El Grupo de Informaci\u00f3n en Reproducci\u00f3n Elegida (GIRE) en un balance del avance de la despenalizaci\u00f3n del aborto en M\u00e9xico, reconoce los logros alcanzados y los obst\u00e1culos vigentes y hace un llamado a visibilizar el camino que falta por recorrer \u201cporque la justicia reproductiva no se construye con discursos sino con acciones concretas\u201d.<\/p>\n\n\n\n<p class=\"wp-block-paragraph\">Reconoce que cada vez se consolida una visi\u00f3n que entiende el aborto no como un delito, sino como un servicio esencial de salud que debe ser garantizado desde la pol\u00edtica sanitaria y no condicionado por el derecho penal.<\/p>\n\n\n\n<p class=\"wp-block-paragraph\">Actualmente <strong>23 de las 32 entidades han despenalizado el aborto<\/strong> hasta la semana 12 semanas de gestaci\u00f3n, sin embargo, persisten las brechas en el acceso al aborto legal y seguro, como reflejo de desigualdades estructurales que enfrentan las mujeres.<\/p>\n\n\n\n<p class=\"wp-block-paragraph\">El avance ha sido gradual desde el 2007 cuando se despenaliz\u00f3 el aborto en la Ciudad de M\u00e9xico. Dos estados Durango y Morelos tienen reformas pendientes y <strong>siete estados mantienen la penalizaci\u00f3n Sonora, Tamaulipas, Nuevo Le\u00f3n, Guanajuato, Tlaxcala, Quer\u00e9taro y Aguascalientes.<\/strong><\/p>\n\n\n\n<p class=\"wp-block-paragraph\">GIRE advierte que Aguascalientes representa un ejemplo reciente de regresi\u00f3n que muestra c\u00f3mo los derechos ganados pueden ser vulnerados si no se defienden con firmeza.<\/p>\n\n\n\n<p class=\"wp-block-paragraph\">En 2023, la Suprema Corte de Justicia de la Naci\u00f3n (SCJN) despenaliz\u00f3 el aborto en Aguascalientes al declarar inconstitucionales los art\u00edculos del C\u00f3digo Penal que lo penalizaban.&nbsp;Sin embargo, en 2024, el Congreso estatal aprob\u00f3 una reforma que redujo el plazo para interrumpir el embarazo de 12 semanas que estableci\u00f3 la Corte a seis semanas de gestaci\u00f3n.&nbsp;<\/p>\n\n\n\n<p class=\"wp-block-paragraph\">Frania Colmenero y Rebeca Ramos en un art\u00edculo -publicado en Animal Pol\u00edtico- explican que <strong>el aborto como un servicio social de saludo<\/strong> supone su provisi\u00f3n prioritaria, libre de discriminaci\u00f3n y centrada en la autonom\u00eda de quienes lo solicitan, as\u00ed como de las personas acompa\u00f1antes. Implica contar con criterios unificados para su atenci\u00f3n que garantice su disponibilidad e incluso en contextos de emergencia o restricciones de movilidad, asegurar que todas las instituciones del Sistema Nacional de salud lo ofrezcan, bajo protocolos m\u00e9dicos y sanitarios reconocidos.<\/p>\n\n\n\n<p class=\"wp-block-paragraph\">Hacen \u00e9nfasis en la necesidad de contar con informaci\u00f3n estad\u00edstica desagregada por entidad e instituci\u00f3n, que permita identificar el aborto como una necesidad de salud y entender tanto la demanda como los mecanismos de atenci\u00f3n. Se requieren datos reales y actualizados incluyendo caracter\u00edsticas sociodemogr\u00e1ficas de quienes lo requieren.<\/p>\n\n\n\n<p class=\"wp-block-paragraph\">Por otra parte, celebran que el Programa Sectorial de Salud incluya la atenci\u00f3n del aborto, tanto espont\u00e1neo como inducido y para que este reconocimiento se traduzca en servicios efectivos y accesibles en todo el pa\u00eds es necesario desplegar un esfuerzo decidido para unificar los criterios de atenci\u00f3n en el Sistema Nacional de Salud.<\/p>\n\n\n\n<p class=\"wp-block-paragraph\"><strong>Avanza la Marea Verde<\/strong><\/p>\n\n\n\n<p class=\"wp-block-paragraph\">Gire tambi\u00e9n reconoce que la <strong>Marea Verde ha tenido un inminente avance en M\u00e9xico<\/strong>. La lucha colectiva del movimiento feminista, junto a la estrategia jur\u00eddica impulsada por GIRE, ha logrado que el aborto voluntario sea legal en dos tercios de las entidades, al menos durante las primeras doce semanas de gestaci\u00f3n.<\/p>\n\n\n\n<p class=\"wp-block-paragraph\">Record\u00f3 que la Marea Verde surgi\u00f3 en Argentina como una poderosa movilizaci\u00f3n feminista por el derecho al aborto legal, seguro y gratuito, configurada a trav\u00e9s de distintas causas y organizaciones para conseguir objetivos comunes. Las Madres de Plaza de Mayo, 1977. Los Encuentros Nacionales de las Mujeres, 1986. La campa\u00f1a nacional por el derecho al aborto, 2005, y el movimiento Ni Una Menos en 2015.<\/p>\n\n\n\n<p class=\"wp-block-paragraph\">En 2018, tras a\u00f1os de activismo se concret\u00f3 el movimiento Marea Verde, una ola de lucha que trascendi\u00f3 fronteras nacionales y convirti\u00f3 el pa\u00f1uelo verde en un s\u00edmbolo regional de resistencia y justicia social.<\/p>\n\n\n\n<p class=\"wp-block-paragraph\">Un hito fundamental fue la resoluci\u00f3n de la Suprema Corte de Justicia de la Naci\u00f3n sobre el C\u00f3digo Penal de Coahuila en 2021 que estableci\u00f3 criterios que hoy son obligatorios para todas las personas juzgadoras del pa\u00eds que el derecho a decidir de las mujeres y personas gestantes es un principio constitucional derivado de la autonom\u00eda reproductiva. Son inconstitucionales los art\u00edculos que criminalizan el aborto de manera absoluta.<\/p>\n\n\n\n<p class=\"wp-block-paragraph\"><strong>Desde el 2022 Gire de la mano de organizaciones y colectivas locales impuls\u00f3 una estrategia jur\u00eddica para eliminar la criminalizaci\u00f3n<\/strong> del aborto en los c\u00f3digos penales de 21 entidades y el C\u00f3digo Penal Federal.<\/p>\n\n\n\n<p class=\"wp-block-paragraph\"><strong>28S Michoac\u00e1n<\/strong><\/p>\n\n\n\n<figure class=\"wp-block-image size-large\"><a href=\"https:\/\/redsemlac.com\/semmexico\/wp-content\/uploads\/2025\/09\/MANIFEIESTO-.png\"><img loading=\"lazy\" decoding=\"async\" width=\"403\" height=\"537\" src=\"https:\/\/redsemlac.com\/semmexico\/wp-content\/uploads\/2025\/09\/MANIFEIESTO-.png\" alt=\"\" class=\"wp-image-98989\" srcset=\"https:\/\/redsemlac.com\/semmexico\/wp-content\/uploads\/2025\/09\/MANIFEIESTO-.png 403w, https:\/\/redsemlac.com\/semmexico\/wp-content\/uploads\/2025\/09\/MANIFEIESTO--225x300.png 225w, https:\/\/redsemlac.com\/semmexico\/wp-content\/uploads\/2025\/09\/MANIFEIESTO--150x200.png 150w, https:\/\/redsemlac.com\/semmexico\/wp-content\/uploads\/2025\/09\/MANIFEIESTO--300x400.png 300w\" sizes=\"auto, (max-width: 403px) 100vw, 403px\" \/><\/a><\/figure>\n\n\n\n<p class=\"wp-block-paragraph\"><strong>\u201cEl Aborto ya est\u00e1 despenalizado en Michoac\u00e1n, pero a\u00fan no es legal ni accesible para todas\u201d,<\/strong> refiere la Red de Colectivas feministas Michoac\u00e1n (RedCofem), por lo que en el marco del D\u00eda de Acci\u00f3n Global por el Aborto Legal, Seguro y Accesible, 28S se concentrar\u00e1n afuera del Congreso del Estado.<\/p>\n\n\n\n<p class=\"wp-block-paragraph\">A un a\u00f1o de haberse legalizado la interrupci\u00f3n Legal del Embarazo (ILE) hasta la semana doce de gestaci\u00f3n en la entidad, el 10 de octubre de 2024 y cuatro meses despu\u00e9s, el 27 de febrero de 2025, el Congreso local dio luz verde a la iniciativa de<a href=\"https:\/\/oem.com.mx\/elsoldemorelia\/local\/diputados-aprueban-aborto-seguro-en-hospitales-de-michoacan-21903831\" target=\"_blank\" rel=\"noreferrer noopener\">&nbsp;reforma a la Ley de Salud<\/a>&nbsp;de Michoac\u00e1n con el que se garantiza que los procedimientos para la interrupci\u00f3n del embarazo hasta las 12 semanas de gestaci\u00f3n puedan realizarse en los centros m\u00e9dicos que integran el sistema de la entidad.<\/p>\n\n\n\n<p class=\"wp-block-paragraph\">Por otra parte, la colectiva Red Asaleas iniciar\u00e1 actividades el 26 de septiembre con una sesi\u00f3n de bordado que se suma a las diversas actividades que se realizan cada 28 de septiembre en todo el mundo.<\/p>\n\n\n\n<p class=\"wp-block-paragraph\"><strong>28S Veracruz<\/strong><\/p>\n\n\n\n<p class=\"wp-block-paragraph\">Equifon\u00eda Asociaci\u00f3n Civil en el marco del 28 de Septiembre exigi\u00f3 a las autoridades competentes de Veracruz garantizar a las mujeres y las ni\u00f1as acceso a la interrupci\u00f3n del embarazo. En 2024 se registraron <strong>621 partos en ni\u00f1as de entre 10 y 14 a\u00f1os<\/strong> y solo 72 tuvieron acceso a la interrupci\u00f3n del embarazo apenas el 1.7 por ciento del total.<\/p>\n\n\n\n<p class=\"wp-block-paragraph\">Con estas cifras Veracruz ocupa el tercer lugar nacional en embarazos infantiles, se\u00f1alaron en conferencia de prensa Equifon\u00eda, Mary Veda Patlax Valdivia, Karina Soto y Adriana Fuentes narraron que las cifras crecen y causan preocupaci\u00f3n.<\/p>\n\n\n\n<p class=\"wp-block-paragraph\">Advierten que el embarazo infantil en Veracruz es un tema de todos los d\u00edas. \u201cInstamos a las Procuradur\u00edas de Protecci\u00f3n de Ni\u00f1as, Ni\u00f1os y Adolescentes, la Secretar\u00eda de Salud y la Fiscal\u00eda de Veracruz a orientar y atender correctamente a las ni\u00f1as y adolescentes y a sus familias\u201d, concluyeron.<\/p>\n\n\n\n<p class=\"wp-block-paragraph\">Se\u00f1alan que en los 72 casos de ni\u00f1as veracruzanas se utiliz\u00f3 en mayor medida el Legrado Uterino Instrumental (LUI), de acuerdo a informaci\u00f3n de la&nbsp; Secretaria de Salud estatal (DGIS) que de acuerdo a la Organizaci\u00f3n Mundial de la Salud (OMS) es el de mayor riesgo para la vida cuando existe la Aspiraci\u00f3n Manual Endouterina (AMEU) con medicamentos.<\/p>\n\n\n\n<p class=\"wp-block-paragraph\">Otra situaci\u00f3n que consideran grave de acuerdo con ni\u00f1as que egresaron por parto del hospital de 10 a 14 a\u00f1os de edad que viven en uni\u00f3n libre (44 %), que tendr\u00edan que haber dado parte a la Fiscal\u00edas Especializadas y a la Procuradur\u00eda de Protecci\u00f3n de Ni\u00f1as, Ni\u00f1os y Adolescentes para su investigaci\u00f3n, ya que es probable que en la mayor\u00eda de los casos haya sido producto de pederastia.&nbsp;&nbsp; &nbsp;&nbsp;<\/p>\n\n\n\n<p class=\"wp-block-paragraph\">Hacen un llamado al titular del a Secretar\u00eda de Salud, Valent\u00edn Herrera Alarc\u00f3n a replantear su severa declaraci\u00f3n en d\u00edas pasados de que \u201cla Interrupci\u00f3n Legal del Embarazo (ILE) no es un tema de hoy, lo importante es la Salud\u201d.<\/p>\n\n\n\n<p class=\"wp-block-paragraph\"><strong>Sonora<\/strong><\/p>\n\n\n\n<p class=\"wp-block-paragraph\">En <strong>Sonora<\/strong> la convocatoria para el <strong>28S en busca del aborto seguro y legal<\/strong> es hacer en cada municipio una acci\u00f3n para prevenir y salvar la vida de las mujeres por parte de la Observatoria Toda Mujeres Mx. La cita es a las 5 PM en la escalinata de la UNISON el 28 de septiembre.<\/p>\n\n\n\n<p class=\"wp-block-paragraph\"><strong>28S Guanajuato<\/strong><\/p>\n\n\n\n<p class=\"wp-block-paragraph\">En <strong>Guanajuato, donde no se ha podido despenalizar el aborto<\/strong>, la Red de Acompa\u00f1antes Le\u00f3n tiene programado el 3 de octubre una exposici\u00f3n colectiva de foto documental sobre la lucha por la despenalizaci\u00f3n del aborto. \u201cUn espacio para reconocer las voces, cuerpos y resistencias de quienes acompa\u00f1an desde el amor y la dignidad\u201d. La cita es en la Boveda C. Ignacio Ray\u00f3n 503 Leon, Guanajuato a las 6 de la tarde.&nbsp;&nbsp;<\/p>\n\n\n\n<p class=\"wp-block-paragraph\"><strong>28S Durango<\/strong><\/p>\n\n\n\n<p class=\"wp-block-paragraph\">La colectiva V\u00edboras del Desierto en<strong> Durango convocaron a la marcha pac\u00edfica<\/strong> el pr\u00f3ximo 28 de septiembre a la 5 de la tarde en la&nbsp;Plaza de Armas de Lerdo&nbsp;la cual concluir\u00e1 en la explanada de la Presidencia Municipal de G\u00f3mez Palacio.<\/p>\n\n\n\n<p class=\"wp-block-paragraph\">En conferencia de prensa este mi\u00e9rcoles, las convocantes portaban pasamonta\u00f1as y solo se identificaron con un nombre a secas sin apellidos y&nbsp;pidieron la empat\u00eda&nbsp;de la sociedad en general ante este tema que involucra a toda la sociedad en su conjunto. El objetivo es presionar al Congreso local para que acate la sentencia emitida por un Tribunal Colegiado en julio pasado.<\/p>\n\n\n\n<p class=\"wp-block-paragraph\">Dicha resoluci\u00f3n orden\u00f3 la despenalizaci\u00f3n del aborto, al declarar que los art\u00edculos 148, 149 y 150 del C\u00f3digo Penal estatal violan derechos fundamentales como la salud, la igualdad y la autonom\u00eda reproductiva<\/p>\n\n\n\n<p class=\"wp-block-paragraph\"><strong>28S Quer\u00e9taro<\/strong><\/p>\n\n\n\n<p class=\"wp-block-paragraph\">En <strong>Quer\u00e9taro<\/strong> las organizaciones We R Women On Fire, Colectivo Tlacuaches, ADAx Digitales, y la Colectiva Feminista FCA <strong>se unen para marchar por la autonom\u00eda de nuestros cuerpos<\/strong>. El recorrido iniciar\u00e1 en la Alameda Hidalgo para llegar a la Plaza de la Constituci\u00f3n a partir de las 16 horas, domingo 28 septiembre.<\/p>\n\n\n\n<p class=\"wp-block-paragraph\"><strong>28S Ciudad de M\u00e9xico<\/strong><\/p>\n\n\n\n<p class=\"wp-block-paragraph\">La movilizaci\u00f3n en la <strong>Ciudad de M\u00e9xico<\/strong> es convocada por We R Women on fire, <strong>la demanda es \u201ceducaci\u00f3n sexual<\/strong> <strong>para decidir, anticonceptivos para no abortar, aborto legal para no morir<\/strong>\u201d, recordando que en M\u00e9xico el aborto es legal sigue penalizado en nueve estados.<\/p>\n\n\n\n<div class=\"wp-block-group is-nowrap is-layout-flex wp-container-core-group-is-layout-8f761849 wp-block-group-is-layout-flex\">\n<p class=\"wp-block-paragraph\">La movilizaci\u00f3n tendr\u00e1 como punto de reuni\u00f3n la Glorieta de las Mujeres que Luchan a las 13:00 horas; de ah\u00ed los contingentes partir\u00e1n hacia el Z\u00f3calo capitalino a las 14:00 horas.<\/p>\n<\/div>\n\n\n\n<figure class=\"wp-block-image size-large is-resized\"><a href=\"https:\/\/redsemlac.com\/semmexico\/wp-content\/uploads\/2025\/09\/28-de-septiembre-2-.png\"><img loading=\"lazy\" decoding=\"async\" width=\"819\" height=\"1024\" src=\"https:\/\/redsemlac.com\/semmexico\/wp-content\/uploads\/2025\/09\/28-de-septiembre-2--819x1024.png\" alt=\"\" class=\"wp-image-98991\" style=\"width:406px;height:auto\" srcset=\"https:\/\/redsemlac.com\/semmexico\/wp-content\/uploads\/2025\/09\/28-de-septiembre-2--819x1024.png 819w, https:\/\/redsemlac.com\/semmexico\/wp-content\/uploads\/2025\/09\/28-de-septiembre-2--240x300.png 240w, https:\/\/redsemlac.com\/semmexico\/wp-content\/uploads\/2025\/09\/28-de-septiembre-2--768x960.png 768w, https:\/\/redsemlac.com\/semmexico\/wp-content\/uploads\/2025\/09\/28-de-septiembre-2--1228x1536.png 1228w, https:\/\/redsemlac.com\/semmexico\/wp-content\/uploads\/2025\/09\/28-de-septiembre-2--150x188.png 150w, https:\/\/redsemlac.com\/semmexico\/wp-content\/uploads\/2025\/09\/28-de-septiembre-2--300x375.png 300w, https:\/\/redsemlac.com\/semmexico\/wp-content\/uploads\/2025\/09\/28-de-septiembre-2--696x870.png 696w, https:\/\/redsemlac.com\/semmexico\/wp-content\/uploads\/2025\/09\/28-de-septiembre-2--1068x1335.png 1068w, https:\/\/redsemlac.com\/semmexico\/wp-content\/uploads\/2025\/09\/28-de-septiembre-2-.png 1350w\" sizes=\"auto, (max-width: 819px) 100vw, 819px\" \/><\/a><\/figure>\n\n\n\n<h2 class=\"wp-block-heading\"><strong>28S Nuevo Le\u00f3n<\/strong><\/h2>\n\n\n\n<p class=\"wp-block-paragraph\"><strong>\u00a1\u00danete a la marcha en Nuevo Le\u00f3n!<\/strong> Este&nbsp;<strong>28S<\/strong>las calles se pintar\u00e1n de verde con la colectiva Morras Feministas.&nbsp;La cita es a las 5 de la tarde en Palacio de Gobierno del Estado.<\/p>\n\n\n\n<figure class=\"wp-block-image size-large is-resized\"><a href=\"https:\/\/redsemlac.com\/semmexico\/wp-content\/uploads\/2025\/09\/28-de-septiembre-.png\"><img loading=\"lazy\" decoding=\"async\" width=\"768\" height=\"1024\" src=\"https:\/\/redsemlac.com\/semmexico\/wp-content\/uploads\/2025\/09\/28-de-septiembre--768x1024.png\" alt=\"\" class=\"wp-image-98990\" style=\"width:467px;height:auto\" srcset=\"https:\/\/redsemlac.com\/semmexico\/wp-content\/uploads\/2025\/09\/28-de-septiembre--768x1024.png 768w, https:\/\/redsemlac.com\/semmexico\/wp-content\/uploads\/2025\/09\/28-de-septiembre--225x300.png 225w, https:\/\/redsemlac.com\/semmexico\/wp-content\/uploads\/2025\/09\/28-de-septiembre--150x200.png 150w, https:\/\/redsemlac.com\/semmexico\/wp-content\/uploads\/2025\/09\/28-de-septiembre--300x400.png 300w, https:\/\/redsemlac.com\/semmexico\/wp-content\/uploads\/2025\/09\/28-de-septiembre--696x928.png 696w, https:\/\/redsemlac.com\/semmexico\/wp-content\/uploads\/2025\/09\/28-de-septiembre-.png 960w\" sizes=\"auto, (max-width: 768px) 100vw, 768px\" \/><\/a><\/figure>\n\n\n\n<h2 class=\"wp-block-heading\"><strong>\u00a1<\/strong><strong>Picnic en M\u00e9rida!<\/strong><\/h2>\n\n\n\n<p class=\"wp-block-paragraph\">Convoca Wer R Women Fire \u201c<strong>\u00danete al&nbsp;<\/strong><strong>primer picnic entre girls<\/strong>para hablar y desmontar los mitos al rededor del aborto en compa\u00f1\u00eda de la doctora y ginec\u00f3loga, Jos Gonz\u00e1lez\u201d.&nbsp;En parque La Plancha, M\u00e9rida a las 17 horas.&nbsp;<\/p>\n\n\n\n<p class=\"wp-block-paragraph\"><strong>Jornadita en Oaxaca<\/strong><\/p>\n\n\n\n<p class=\"wp-block-paragraph\"><strong>Las Consejeras Oaxaca<\/strong>, realizar\u00e1n una Jornadita por el Derecho a Decidir que inici\u00f3 el pasado 24 y que concluir\u00e1 el pr\u00f3ximo1 de octubre en las regiones de la Mixteca y la Costa.<\/p>\n\n\n\n<p class=\"wp-block-paragraph\">La jornadita empez\u00f3 el 24 en Huajuapan de Le\u00f3n; este 25 ser\u00e1 en San Miguel Chicahuia, y el 26 en la Heroica Villa de Tezoatl\u00e1n de Segura y Luna, los tres municipios de la Mxteca oaxaque\u00f1a; en tanto que en la Costa se realizar\u00e1n el 30 de Pinotepa y 1 de octubre en Collantes.<\/p>\n\n\n\n<figure class=\"wp-block-image size-large is-resized\"><a href=\"https:\/\/redsemlac.com\/semmexico\/wp-content\/uploads\/2025\/09\/WhatsApp-Image-2025-09-23-at-11.53.11-AM.jpeg\"><img loading=\"lazy\" decoding=\"async\" width=\"819\" height=\"1024\" src=\"https:\/\/redsemlac.com\/semmexico\/wp-content\/uploads\/2025\/09\/WhatsApp-Image-2025-09-23-at-11.53.11-AM-819x1024.jpeg\" alt=\"\" class=\"wp-image-98988\" style=\"width:375px;height:auto\" srcset=\"https:\/\/redsemlac.com\/semmexico\/wp-content\/uploads\/2025\/09\/WhatsApp-Image-2025-09-23-at-11.53.11-AM-819x1024.jpeg 819w, https:\/\/redsemlac.com\/semmexico\/wp-content\/uploads\/2025\/09\/WhatsApp-Image-2025-09-23-at-11.53.11-AM-240x300.jpeg 240w, https:\/\/redsemlac.com\/semmexico\/wp-content\/uploads\/2025\/09\/WhatsApp-Image-2025-09-23-at-11.53.11-AM-768x960.jpeg 768w, https:\/\/redsemlac.com\/semmexico\/wp-content\/uploads\/2025\/09\/WhatsApp-Image-2025-09-23-at-11.53.11-AM-150x188.jpeg 150w, https:\/\/redsemlac.com\/semmexico\/wp-content\/uploads\/2025\/09\/WhatsApp-Image-2025-09-23-at-11.53.11-AM-300x375.jpeg 300w, https:\/\/redsemlac.com\/semmexico\/wp-content\/uploads\/2025\/09\/WhatsApp-Image-2025-09-23-at-11.53.11-AM-696x870.jpeg 696w, https:\/\/redsemlac.com\/semmexico\/wp-content\/uploads\/2025\/09\/WhatsApp-Image-2025-09-23-at-11.53.11-AM-1068x1335.jpeg 1068w, https:\/\/redsemlac.com\/semmexico\/wp-content\/uploads\/2025\/09\/WhatsApp-Image-2025-09-23-at-11.53.11-AM.jpeg 1080w\" sizes=\"auto, (max-width: 819px) 100vw, 819px\" \/><\/a><\/figure>\n\n\n\n<p class=\"wp-block-paragraph\">SEM\/em\/sj<\/p>\n","protected":false},"excerpt":{"rendered":"<p>Elda Montiel SemM\u00e9xico, Ciudad de M\u00e9xico, 26 de septiembre 2025.- El 28 de septiembre, D\u00eda de Acci\u00f3n Global por el Aborto Legal, Seguro y Accesible, colectivas se preparan para realizar diversas actividades como marchas y conversatorios. El Grupo de Informaci\u00f3n en Reproducci\u00f3n Elegida (GIRE) en un balance del avance de la despenalizaci\u00f3n del aborto en [&hellip;]<\/p>\n","protected":false},"author":3,"featured_media":98992,"comment_status":"open","ping_status":"open","sticky":false,"template":"","format":"standard","meta":{"_monsterinsights_skip_tracking":false,"footnotes":""},"categories":[694],"tags":[],"class_list":["post-98987","post","type-post","status-publish","format-standard","has-post-thumbnail","category-destacadas"],"_links":{"self":[{"href":"https:\/\/redsemlac.com\/semmexico\/wp-json\/wp\/v2\/posts\/98987","targetHints":{"allow":["GET"]}}],"collection":[{"href":"https:\/\/redsemlac.com\/semmexico\/wp-json\/wp\/v2\/posts"}],"about":[{"href":"https:\/\/redsemlac.com\/semmexico\/wp-json\/wp\/v2\/types\/post"}],"author":[{"embeddable":true,"href":"https:\/\/redsemlac.com\/semmexico\/wp-json\/wp\/v2\/users\/3"}],"replies":[{"embeddable":true,"href":"https:\/\/redsemlac.com\/semmexico\/wp-json\/wp\/v2\/comments?post=98987"}],"version-history":[{"count":0,"href":"https:\/\/redsemlac.com\/semmexico\/wp-json\/wp\/v2\/posts\/98987\/revisions"}],"wp:featuredmedia":[{"embeddable":true,"href":"https:\/\/redsemlac.com\/semmexico\/wp-json\/wp\/v2\/media\/98992"}],"wp:attachment":[{"href":"https:\/\/redsemlac.com\/semmexico\/wp-json\/wp\/v2\/media?parent=98987"}],"wp:term":[{"taxonomy":"category","embeddable":true,"href":"https:\/\/redsemlac.com\/semmexico\/wp-json\/wp\/v2\/categories?post=98987"},{"taxonomy":"post_tag","embeddable":true,"href":"https:\/\/redsemlac.com\/semmexico\/wp-json\/wp\/v2\/tags?post=98987"}],"curies":[{"name":"wp","href":"https:\/\/api.w.org\/{rel}","templated":true}]}}