{"id":98984,"date":"2025-09-25T20:33:21","date_gmt":"2025-09-26T02:33:21","guid":{"rendered":"https:\/\/redsemlac.com\/semmexico\/?p=98984"},"modified":"2025-09-25T20:33:22","modified_gmt":"2025-09-26T02:33:22","slug":"unam-establa-dialogo-con-estudiantes-del-plantel-sur-del-cch","status":"publish","type":"post","link":"https:\/\/redsemlac.com\/semmexico\/unam-establa-dialogo-con-estudiantes-del-plantel-sur-del-cch\/","title":{"rendered":"UNAM establa di\u00e1logo con estudiantes del Plantel Sur del CCH"},"content":{"rendered":"\n<ul class=\"wp-block-list\">\n<li>Las reuniones continuar\u00e1n esta misma tarde<\/li>\n\n\n\n<li>La mesa de di\u00e1logo ser\u00e1 transmitida por las redes sociales del colegio<\/li>\n<\/ul>\n\n\n\n<p class=\"wp-block-paragraph\">Redacci\u00f3n<\/p>\n\n\n\n<p class=\"wp-block-paragraph\">SemM\u00e9xico, Ciudad de M\u00e9xico, 25 de septiembre, 2025.- La Universidad Nacional Aut\u00f3noma de M\u00e9xico celebr\u00f3 una mesa de di\u00e1logo con estudiantes del Plantel Sur del Colegio de Ciencias y Humanidades (CCH) para la atenci\u00f3n al pliego petitorio presentado en la Rector\u00eda de la UNAM, el martes pasado.<\/p>\n\n\n\n<p class=\"wp-block-paragraph\">La reuni\u00f3n se realiz\u00f3 la noche de este mi\u00e9rcoles, se inform\u00f3 en esta primera sesi\u00f3n de los acuerdos de la Subcomisi\u00f3n de Bachillerato de la Comisi\u00f3n Especial de Seguridad del Consejo Universitario en materia del proceso de revisi\u00f3n de protocolos, y se escuch\u00f3 la postura estudiantil.<\/p>\n\n\n\n<p class=\"wp-block-paragraph\">E acord\u00f3 un di\u00e1logo para eta tarde del 25 de septiembre, a las 17:00 horas, en las instalaciones del Plantel Sur del CCH.<\/p>\n\n\n\n<p class=\"wp-block-paragraph\">En este nuevo encuentro tendr\u00e1n acceso cinco padres de familia, quienes ingresar\u00e1n debidamente identificados. El di\u00e1logo ser\u00e1 abierto al estudiantado del CCH Sur con credencial vigente.<\/p>\n\n\n\n<p class=\"wp-block-paragraph\">La mesa de di\u00e1logo ser\u00e1 transmitida por las redes sociales del Colegio de Ciencias y Humanidades.<\/p>\n\n\n\n<p class=\"wp-block-paragraph\">Por otra parte, la UNAM descart\u00f3 informaciones falsas (<em>fake news<\/em>), rumores, mentiras y versiones descontextualizadas de amenazas sobre presuntos explosivos o presencia de supuestos grupos violentos, que buscan afectar el desarrollo de las actividades en diversas entidades universitarias, particularmente Preparatorias y CCH\u00b4s.<\/p>\n\n\n\n<p class=\"wp-block-paragraph\">En todos los casos se han activado de inmediato los protocolos de atenci\u00f3n. No minimizamos ninguna situaci\u00f3n que ponga potencialmente en riesgo a la comunidad universitaria. Nuestra prioridad es la seguridad de las y los j\u00f3venes, de las y los docentes, as\u00ed como del personal administrativo.<\/p>\n\n\n\n<p class=\"wp-block-paragraph\">Esto se gener\u00f3 luego de un ataque de un estudiante de preparatoria contra dos personas, dando como resultado el asesinato de otro estudiante, hechos ocurridos el pasado lunes.<\/p>\n\n\n\n<p class=\"wp-block-paragraph\">SEM\/sj<\/p>\n\n\n\n<p class=\"wp-block-paragraph\"><\/p>\n","protected":false},"excerpt":{"rendered":"<p>Redacci\u00f3n SemM\u00e9xico, Ciudad de M\u00e9xico, 25 de septiembre, 2025.- La Universidad Nacional Aut\u00f3noma de M\u00e9xico celebr\u00f3 una mesa de di\u00e1logo con estudiantes del Plantel Sur del Colegio de Ciencias y Humanidades (CCH) para la atenci\u00f3n al pliego petitorio presentado en la Rector\u00eda de la UNAM, el martes pasado. La reuni\u00f3n se realiz\u00f3 la noche de [&hellip;]<\/p>\n","protected":false},"author":3,"featured_media":98985,"comment_status":"open","ping_status":"open","sticky":false,"template":"","format":"standard","meta":{"_monsterinsights_skip_tracking":false,"footnotes":""},"categories":[48],"tags":[],"class_list":["post-98984","post","type-post","status-publish","format-standard","has-post-thumbnail","category-no-mas-impunidad-no-mas-impunidad"],"_links":{"self":[{"href":"https:\/\/redsemlac.com\/semmexico\/wp-json\/wp\/v2\/posts\/98984","targetHints":{"allow":["GET"]}}],"collection":[{"href":"https:\/\/redsemlac.com\/semmexico\/wp-json\/wp\/v2\/posts"}],"about":[{"href":"https:\/\/redsemlac.com\/semmexico\/wp-json\/wp\/v2\/types\/post"}],"author":[{"embeddable":true,"href":"https:\/\/redsemlac.com\/semmexico\/wp-json\/wp\/v2\/users\/3"}],"replies":[{"embeddable":true,"href":"https:\/\/redsemlac.com\/semmexico\/wp-json\/wp\/v2\/comments?post=98984"}],"version-history":[{"count":0,"href":"https:\/\/redsemlac.com\/semmexico\/wp-json\/wp\/v2\/posts\/98984\/revisions"}],"wp:featuredmedia":[{"embeddable":true,"href":"https:\/\/redsemlac.com\/semmexico\/wp-json\/wp\/v2\/media\/98985"}],"wp:attachment":[{"href":"https:\/\/redsemlac.com\/semmexico\/wp-json\/wp\/v2\/media?parent=98984"}],"wp:term":[{"taxonomy":"category","embeddable":true,"href":"https:\/\/redsemlac.com\/semmexico\/wp-json\/wp\/v2\/categories?post=98984"},{"taxonomy":"post_tag","embeddable":true,"href":"https:\/\/redsemlac.com\/semmexico\/wp-json\/wp\/v2\/tags?post=98984"}],"curies":[{"name":"wp","href":"https:\/\/api.w.org\/{rel}","templated":true}]}}