{"id":9897,"date":"2019-07-19T16:35:16","date_gmt":"2019-07-19T16:35:16","guid":{"rendered":"https:\/\/redsemlac.com\/semmexico\/?p=9897"},"modified":"2023-07-21T14:50:39","modified_gmt":"2023-07-21T19:50:39","slug":"en-guerrero-cierran-investigacion-sobre-denuncia-de-tortura-violacion-y-abuso-de-autoridad-en-contra-de-mujeres-cadetes","status":"publish","type":"post","link":"https:\/\/redsemlac.com\/semmexico\/en-guerrero-cierran-investigacion-sobre-denuncia-de-tortura-violacion-y-abuso-de-autoridad-en-contra-de-mujeres-cadetes\/","title":{"rendered":"En Guerrero cierran investigaci\u00f3n sobre denuncia de tortura, violaci\u00f3n y abuso de autoridad en contra de mujeres cadetes"},"content":{"rendered":"\n<p class=\"wp-block-paragraph\"><strong>Josefina Aguilar Pastor<\/strong><\/p>\n\n\n\n<p class=\"wp-block-paragraph\">SemM\u00e9xico. Chilpancingo, Guerrero. 19 de julio de 2019.- La Secretar\u00eda de Seguridad P\u00fablica (SSP), cerr\u00f3 la investigaci\u00f3n iniciada por agresiones sexual en contra de mujeres cadetes.<\/p>\n\n\n\n<p class=\"wp-block-paragraph\">A trav\u00e9s de un comunicado dado a conocer este jueves, la SSP, inform\u00f3 el resultado de la investigaci\u00f3n iniciada, luego de la denuncia hecha a trav\u00e9s de redes sociales, el pasado 4 de junio, en la que mujeres estudiantes&nbsp;del curso de Formaci\u00f3n Inicial para Polic\u00eda Estatal en la Universidad Policial del Estado (UNIPOL), se\u00f1alaron&nbsp;al Capit\u00e1n del Ej\u00e9rcito N\u00e9stor Cruz Rosalino, habilitado como jefe de instructores, como responsable directo de tortura, violaci\u00f3n sexual y abuso de autoridad.<\/p>\n\n\n\n<p class=\"wp-block-paragraph\">Como parte de las diligencias se\u00f1al\u00f3 la dependencia, personal de&nbsp;&nbsp;la Secretar\u00eda de la Mujer (Semujer) y de la Secretar\u00eda de Contralor\u00eda y Transparencia Gubernamental (SCyTG), entrevist\u00f3 de manera individual y colectiva a las cadetes, quienes negaron haber sido objeto de hostigamiento y acoso por parte de servidores p\u00fablicos de la UNIPOL.<\/p>\n\n\n\n<p class=\"wp-block-paragraph\">Como medida precautoria, al conocerse la denuncia, separaron de sus cargos, al rector de la instituci\u00f3n,&nbsp;Arturo Lima G\u00f3mez, as\u00ed como al mencionado&nbsp;jefe de instructores, N\u00e9stor Cruz Rosalino.&nbsp;Al no haber tampoco una denuncia concreta ante las autoridades formales, y no poder establecer alg\u00fan tipo de responsabilidad en los hechos imputados, la Unidad de Contralor\u00eda y Asuntos Internos concluy\u00f3 que no existe responsabilidad administrativa de los mismos, por lo que suspendieron las medidas cautelares decretadas.<\/p>\n\n\n\n<p class=\"wp-block-paragraph\">En las mismas conclusiones se\u00f1alan que&nbsp;la Comisi\u00f3n de Derechos Humanos del Estado, que inici\u00f3 de oficio el expediente de queja n\u00famero 2VG\/047\/2019-II, con base en sus investigaciones el 10 de julio del a\u00f1o en curso, dict\u00f3 un&nbsp;Acuerdo de Conclusi\u00f3n y Archivo Definitivo&nbsp;del expediente de queja desahogado, en el que determina \u201cque no existe evidencia de alguna posible violaci\u00f3n a los derechos humanos de las cadetes\u201d, luego de haber entrevistado tambi\u00e9n a las estudiantes, quienes negaron haber presentado la denuncia difundida en redes sociales.<\/p>\n\n\n\n<p class=\"wp-block-paragraph\">Adem\u00e1s de que las fotograf\u00edas publicadas, no son id\u00f3neas como evidencia,&nbsp;ya que est\u00e1n muy oscuras, no muestran registro de la hora y fecha en que fueron tomadas y&nbsp;no es posible determinar si las siluetas que en ella se observan sean de las cadetes.<\/p>\n","protected":false},"excerpt":{"rendered":"<p>La Secretar\u00eda de Seguridad P\u00fablica (SSP), cerr\u00f3 la investigaci\u00f3n iniciada por agresiones sexual en contra de mujeres cadetes.<\/p>\n","protected":false},"author":3,"featured_media":9898,"comment_status":"open","ping_status":"open","sticky":false,"template":"","format":"standard","meta":{"_monsterinsights_skip_tracking":false,"footnotes":""},"categories":[690,51],"tags":[],"class_list":["post-9897","post","type-post","status-publish","format-standard","has-post-thumbnail","category-690","category-ejecutivo"],"_links":{"self":[{"href":"https:\/\/redsemlac.com\/semmexico\/wp-json\/wp\/v2\/posts\/9897","targetHints":{"allow":["GET"]}}],"collection":[{"href":"https:\/\/redsemlac.com\/semmexico\/wp-json\/wp\/v2\/posts"}],"about":[{"href":"https:\/\/redsemlac.com\/semmexico\/wp-json\/wp\/v2\/types\/post"}],"author":[{"embeddable":true,"href":"https:\/\/redsemlac.com\/semmexico\/wp-json\/wp\/v2\/users\/3"}],"replies":[{"embeddable":true,"href":"https:\/\/redsemlac.com\/semmexico\/wp-json\/wp\/v2\/comments?post=9897"}],"version-history":[{"count":0,"href":"https:\/\/redsemlac.com\/semmexico\/wp-json\/wp\/v2\/posts\/9897\/revisions"}],"wp:featuredmedia":[{"embeddable":true,"href":"https:\/\/redsemlac.com\/semmexico\/wp-json\/wp\/v2\/media\/9898"}],"wp:attachment":[{"href":"https:\/\/redsemlac.com\/semmexico\/wp-json\/wp\/v2\/media?parent=9897"}],"wp:term":[{"taxonomy":"category","embeddable":true,"href":"https:\/\/redsemlac.com\/semmexico\/wp-json\/wp\/v2\/categories?post=9897"},{"taxonomy":"post_tag","embeddable":true,"href":"https:\/\/redsemlac.com\/semmexico\/wp-json\/wp\/v2\/tags?post=9897"}],"curies":[{"name":"wp","href":"https:\/\/api.w.org\/{rel}","templated":true}]}}